{"id":250535,"date":"2020-01-02T11:17:28","date_gmt":"2020-01-02T08:17:28","guid":{"rendered":"http:\/\/www.tvturk.com\/index.php\/sivil-havacilik-yonetimi-tezsiz-yuksek-lisans-programi-ogrenci-kabulune-hazirlaniyor\/"},"modified":"2020-01-02T11:17:28","modified_gmt":"2020-01-02T08:17:28","slug":"sivil-havacilik-yonetimi-tezsiz-yuksek-lisans-programi-ogrenci-kabulune-hazirlaniyor","status":"publish","type":"post","link":"http:\/\/www.tvturk.com\/index.php\/sivil-havacilik-yonetimi-tezsiz-yuksek-lisans-programi-ogrenci-kabulune-hazirlaniyor\/","title":{"rendered":"Sivil Havac\u0131l\u0131k Y\u00f6netimi tezsiz y\u00fcksek lisans program\u0131 \u00f6\u011frenci kabul\u00fcne haz\u0131rlan\u0131yor"},"content":{"rendered":"<p>Anadolu \u00dcniversitesi Sosyal Bilimler Enstit\u00fcs\u00fc b\u00fcnyesinde faaliyete ge\u00e7ecek olan Sivil Havac\u0131l\u0131k Y\u00f6netimi, tezsiz y\u00fcksek lisans program\u0131na 2-22 Ocak tarihleri aras\u0131nda \u00f6\u011frenci kabul edilmeye ba\u015flanacak.<\/p>\n<p>\u201cProgram\u0131m\u0131z Anadolu \u00dcniversitesi\u2019nin prestijini yans\u0131tmas\u0131 a\u00e7\u0131s\u0131ndan olduk\u00e7a \u00f6nemli\u201d<\/p>\n<p>Program hakk\u0131nda bilgilendirmede bulunan Anadolu \u00dcniversitesi Sosyal Bilimler Enstit\u00fcs\u00fc Sivil Havac\u0131l\u0131k Y\u00f6netimi Ana Bilim Dal\u0131 Ba\u015fkan\u0131 Do\u00e7. Dr. Mustafa Karaca, \u201cSivil Havac\u0131l\u0131k Y\u00f6netimi program\u0131m\u0131z, hali haz\u0131rda tezli y\u00fcksek lisans ve doktora \u00f6\u011frencilerini kabul ediyor. Bu y\u0131l ilk defa tezsiz y\u00fcksek lisans program\u0131na da \u00f6\u011frenci alaca\u011f\u0131z. Bu programa, havayolu \u015firketlerinin yer hizmetleri ve u\u00e7ak i\u00e7i hizmetlerinde g\u00f6rev yapan lisans mezunu \u00f6\u011frenci adaylar\u0131m\u0131z\u0131 bekliyoruz. Program\u0131m\u0131z\u0131n tezsiz ve ikinci \u00f6\u011fretim olmas\u0131 hem sekt\u00f6re y\u00f6nelik e\u011fitimlerin ihtiva ediliyor olmas\u0131 a\u00e7\u0131s\u0131ndan hem de Anadolu \u00dcniversitesi\u2019nin prestijini yans\u0131tmas\u0131 a\u00e7\u0131s\u0131ndan olduk\u00e7a \u00f6nemli. Bu ba\u011flamda \u00f6zellikle milli havayolu \u015firketimiz ba\u015fta olmak \u00fczere t\u00fcm havayolu \u015firketlerinin \u00e7al\u0131\u015fanlar\u0131n\u0131 bekliyoruz\u201d diye konu\u015ftu.<\/p>\n<p>\u201cPrograma askeri hava kuvvetleri personelleri de kat\u0131labilir\u201d<\/p>\n<p>Program\u0131n 25 ki\u015filik bir kontenjan\u0131 oldu\u011funu dile getiren Do\u00e7. Dr. Karaca, \u201cDerslerin y\u00fczde 30\u2019u uzaktan e\u011fitim y\u00f6ntemiyle, y\u00fczde 70\u2019i ise y\u00fcz y\u00fcze ger\u00e7ekle\u015ftirilecek. Ad\u0131n\u0131n Sivil Havac\u0131l\u0131k Y\u00f6netimi olmas\u0131 sebebiyle yaln\u0131zca sivil havayolu i\u015fletmelerine hitap eden bir program olarak d\u00fc\u015f\u00fcn\u00fclmemesi gerekiyor. Askeri hava kuvvetleri personelinin de ba\u015fvuru ko\u015fullar\u0131n\u0131 sa\u011flad\u0131\u011f\u0131 takdirde bu e\u011fitimden faydalanabilece\u011fini hat\u0131rlatmak isterim. \u00d6rne\u011fin Eski\u015fehir Muharip Hava Kuvveti ve Hava F\u00fcze Savunma Komutanl\u0131\u011f\u0131\u2019nda g\u00f6rev alan bir personelin, ikinci \u00f6\u011fretim olmas\u0131 dolay\u0131s\u0131yla derslerine rahatl\u0131kla kat\u0131labilece\u011fi bir programdan bahsediyoruz\u201d ifadelerini kulland\u0131.<\/p>\n<p>Ba\u015fvurularda ALES ve yabanc\u0131 dil s\u0131nav puan\u0131 ko\u015fulu aranm\u0131yor<\/p>\n<p>Bu programa yap\u0131lacak ba\u015fvurularda ALES ve yabanc\u0131 dil s\u0131nav puan\u0131 ko\u015fulu aranmad\u0131\u011f\u0131n\u0131 dile getiren Do\u00e7. Dr. Karaca, ba\u015fvuru de\u011ferlendirmesinde mezuniyet derecesinin kriter olaca\u011f\u0131n\u0131 ve adaylar\u0131n bu do\u011frultuda bir s\u0131ralamaya tabi tutulaca\u011f\u0131n\u0131 kaydetti. Do\u00e7. Dr. Karaca, \u201c\u00d6zellikle sivil havac\u0131l\u0131k alan\u0131nda T\u00fcrkiye\u2019de \u00e7al\u0131\u015fan akademisyenlerin b\u00fcy\u00fck bir k\u0131sm\u0131 anabilim dal\u0131m\u0131z mezunudur. Dolay\u0131s\u0131yla bu program\u0131n kalitesi zaten tart\u0131\u015f\u0131lmaz. Bu d\u00f6nem a\u00e7aca\u011f\u0131m\u0131z tezsiz y\u00fcksek lisans program\u0131yla \u00f6\u011frencilerimize daha da kaliteli hizmetler sunmay\u0131 hedefliyoruz\u201d \u015feklinde konu\u015ftu.<\/p>\n<p>\u201cE\u011fitim d\u00fczeyi y\u00fcksek bireylerin sekt\u00f6rde daha ba\u015far\u0131l\u0131 ve verimli i\u015fler ger\u00e7ekle\u015ftirmelerini hedefliyoruz\u201d<\/p>\n<p>Program \u00fccretlerine de dikkat \u00e7eken Do\u00e7. Dr. Mustafa Karaca, \u201c\u00dccret a\u00e7\u0131s\u0131ndan bakt\u0131\u011f\u0131m\u0131zda T\u00fcrkiye\u2019deki en uygun program\u0131 sunan devlet \u00fcniversitesiyiz. Vak\u0131f \u00fcniversiteleri i\u00e7erisinde ise yakla\u015f\u0131k d\u00f6rtte bir oran\u0131nda bir \u00fccretlendirmeyle \u00f6\u011frenci mezun ediyoruz. Bu programdan mezun olan \u00f6\u011frencilerimiz Anadolu \u00dcniversitesi\u2019nin kalitesini, prestij ve sayg\u0131nl\u0131\u011f\u0131n\u0131 yans\u0131tan y\u00fcksek lisans diplomas\u0131na sahip oluyorlar. Dolay\u0131s\u0131yla \u00f6\u011frencilerimizin para odakl\u0131 de\u011fil e\u011fitim ve hizmet odakl\u0131 bir anlay\u0131\u015fla \u00f6\u011frenim g\u00f6rmelerini sa\u011fl\u0131yoruz. E\u011fitim d\u00fczeyi y\u00fcksek bireylerin sekt\u00f6rde daha ba\u015far\u0131l\u0131 ve verimli i\u015fler ger\u00e7ekle\u015ftirmelerini hedefliyoruz\u201d diye belirtti.<\/p>\n<p>Ba\u015fvurular 2-22 Ocak tarihleri aras\u0131nda yap\u0131lacak<\/p>\n<p>Sivil Havac\u0131l\u0131k Y\u00f6netimi tezsiz y\u00fcksek lisans program\u0131 ba\u015fvurular\u0131, 2-22 Ocak tarihleri aras\u0131nda https:\/\/basvuruyld.anadolu.edu.tr\/ adresi \u00fczerinden yap\u0131lacak. Kesin ve yedek kay\u0131tlar ise 22-25 Ocak tarihleri aras\u0131nda Anadolu \u00dcniversitesi Sosyal Bilimler Enstit\u00fcs\u00fc\u2019nde \u015fahsen ger\u00e7ekle\u015ftirilecek. Ba\u015fvuru s\u00fcrecinde yedek kay\u0131t hakk\u0131 kazanan adaylar\u0131n haklar\u0131n\u0131 kaybetmemeleri i\u00e7in Anadolu \u00dcniversitesi Sosyal Bilimler Enstit\u00fcs\u00fc web sitesini takip etmeleri tavsiye ediliyor. B\u00f6l\u00fcm hakk\u0131nda, https:\/\/sosbilens.anadolu.edu.tr\/ adresinden detayl\u0131 bilgi elde edilebiliyor.<\/p>\n","protected":false},"excerpt":{"rendered":"<p>S\u0130V\u0130L HAVACILIK Y\u00d6NET\u0130M\u0130 TEZS\u0130Z Y\u00dcKSEK L\u0130SANS PROGRAMI \u00d6\u011eRENC\u0130 KABUL\u00dcNE HAZIRLANIYOR<\/p>\n","protected":false},"author":1,"featured_media":250536,"comment_status":"closed","ping_status":"open","sticky":false,"template":"","format":"standard","meta":{"jetpack_post_was_ever_published":false,"_jetpack_newsletter_access":"","_jetpack_dont_email_post_to_subs":false,"_jetpack_newsletter_tier_id":0,"_jetpack_memberships_contains_paywalled_content":false,"_jetpack_memberships_contains_paid_content":false,"footnotes":"","jetpack_publicize_message":"","jetpack_publicize_feature_enabled":true,"jetpack_social_post_already_shared":true,"jetpack_social_options":{"image_generator_settings":{"template":"highway","default_image_id":0,"font":"","enabled":false},"version":2}},"categories":[1],"tags":[7235,3079,297,4987,6447,773,1999,40667,1543,3448],"class_list":["post-250535","post","type-post","status-publish","format-standard","has-post-thumbnail","hentry","category-genel","tag-sivil","tag-havacilik","tag-hazirlaniyor","tag-kabulune","tag-lisans","tag-ogrenci","tag-programi","tag-tezsiz","tag-yonetimi","tag-yuksek"],"jetpack_publicize_connections":[],"jetpack_featured_media_url":"https:\/\/i0.wp.com\/www.tvturk.com\/wp-content\/uploads\/2020\/01\/sivil-havacilik-yonetimi-tezsiz-yuksek-lisans-programi-ogrenci-kabulune-hazirlaniyor_a629b09.jpg?fit=1000%2C666","jetpack_sharing_enabled":true,"jetpack_shortlink":"https:\/\/wp.me\/paKIfm-13aT","_links":{"self":[{"href":"http:\/\/www.tvturk.com\/index.php\/wp-json\/wp\/v2\/posts\/250535","targetHints":{"allow":["GET"]}}],"collection":[{"href":"http:\/\/www.tvturk.com\/index.php\/wp-json\/wp\/v2\/posts"}],"about":[{"href":"http:\/\/www.tvturk.com\/index.php\/wp-json\/wp\/v2\/types\/post"}],"author":[{"embeddable":true,"href":"http:\/\/www.tvturk.com\/index.php\/wp-json\/wp\/v2\/users\/1"}],"replies":[{"embeddable":true,"href":"http:\/\/www.tvturk.com\/index.php\/wp-json\/wp\/v2\/comments?post=250535"}],"version-history":[{"count":0,"href":"http:\/\/www.tvturk.com\/index.php\/wp-json\/wp\/v2\/posts\/250535\/revisions"}],"wp:featuredmedia":[{"embeddable":true,"href":"http:\/\/www.tvturk.com\/index.php\/wp-json\/wp\/v2\/media\/250536"}],"wp:attachment":[{"href":"http:\/\/www.tvturk.com\/index.php\/wp-json\/wp\/v2\/media?parent=250535"}],"wp:term":[{"taxonomy":"category","embeddable":true,"href":"http:\/\/www.tvturk.com\/index.php\/wp-json\/wp\/v2\/categories?post=250535"},{"taxonomy":"post_tag","embeddable":true,"href":"http:\/\/www.tvturk.com\/index.php\/wp-json\/wp\/v2\/tags?post=250535"}],"curies":[{"name":"wp","href":"https:\/\/api.w.org\/{rel}","templated":true}]}}