{"id":250659,"date":"2020-01-02T14:17:16","date_gmt":"2020-01-02T11:17:16","guid":{"rendered":"http:\/\/www.tvturk.com\/index.php\/fitik-ameliyati-icin-abdden-orduya-geldi\/"},"modified":"2020-01-02T14:17:16","modified_gmt":"2020-01-02T11:17:16","slug":"fitik-ameliyati-icin-abdden-orduya-geldi","status":"publish","type":"post","link":"http:\/\/www.tvturk.com\/index.php\/fitik-ameliyati-icin-abdden-orduya-geldi\/","title":{"rendered":"F\u0131t\u0131k ameliyat\u0131 i\u00e7in ABD\u2019den Ordu\u2019ya geldi"},"content":{"rendered":"<p>Amerika\u2019da ya\u015fayan 57 ya\u015f\u0131ndaki Mehmet Parlakk\u0131l\u0131\u00e7, g\u00f6be\u011findeki f\u0131t\u0131k sebebiyle ameliyat olmak i\u00e7in Amerika\u2019daki hastaneler yerine Ordu\u2019ya geldi. Parlakk\u0131l\u0131\u00e7, 1 saatlik kapal\u0131 ameliyatla sa\u011fl\u0131\u011f\u0131na kavu\u015ftu.<\/p>\n<p>Amerika\u2019da ya\u015fayan 57 ya\u015f\u0131ndaki Mehmet Parlakk\u0131l\u0131\u00e7 g\u00f6be\u011findeki f\u0131t\u0131k nedeniyle ayakta duramaz hale geldi. Peyzaj i\u015fiyle u\u011fra\u015fan Parlakk\u0131l\u0131\u00e7, \u015fiddetli a\u011fr\u0131lar\u0131 y\u00fcz\u00fcnden i\u015fini yapamaz oldu. Mehmet Parlakk\u0131l\u0131\u00e7 f\u0131t\u0131k ameliyat\u0131 i\u00e7in Amerika\u2019daki hastaneleri de\u011fil Medical Park Ordu Hastanesini tercih etti. Hastan\u0131n y\u0131rt\u0131lan g\u00f6bek f\u0131t\u0131\u011f\u0131, Genel Cerrahi Uzman\u0131 Dr. \u00d6\u011fr. \u00dcyesi Nihat Polat taraf\u0131ndan ger\u00e7ekle\u015ftirilen 1 saatlik kapal\u0131 y\u00f6ntemle tamir edildi. A\u011fr\u0131lar\u0131ndan kurtulan Mehmet Parlakk\u0131l\u0131\u00e7 sa\u011fl\u0131kla taburcu edildi.<\/p>\n<p>\u201cArkada\u015flar\u0131m tavsiye etti\u201d<\/p>\n<p>A\u011fr\u0131lar\u0131ndan ve karn\u0131ndaki \u015fi\u015flikten kurtulmu\u015f olman\u0131n sevincini ya\u015fayan Mustafa Parlakk\u0131l\u0131\u00e7, \u201cAmerika\u2019da ya\u015fad\u0131\u011f\u0131m rahats\u0131zl\u0131klar nedeniyle bir\u00e7ok sa\u011fl\u0131k kurulu\u015funa ba\u015fvurdum. Burada a\u011fr\u0131m\u0131 dindiren ila\u00e7lar verdiler ve g\u00f6be\u011fimde f\u0131t\u0131k oldu\u011funu s\u00f6ylediler. Hastal\u0131k i\u015fimi yapmama engel olunca T\u00fcrkiye\u2019de tedavi g\u00f6rmeye karar verdim. Arkada\u015flar\u0131m\u0131n tavsiyesi \u00fczerine Medical Park Ordu Hastanesi\u2019ne ba\u015fvurdum. Burada Genel Cerrahi Uzman\u0131 Dr. \u00d6\u011fr. \u00dcyesi Nihat Polat taraf\u0131ndan ameliyat edildim. \u015eu an gayet iyiyim a\u011fr\u0131m s\u0131z\u0131m yok. Doktorum Nihat Polat\u2019a ve Medical Park Ordu Hastanesi\u2019ne \u00e7ok te\u015fekk\u00fcr ederim\u201d dedi.<\/p>\n<p>Kapal\u0131 y\u00f6ntem konfor a\u00e7\u0131s\u0131ndan \u00f6nemli<\/p>\n<p>Medical Park Ordu Hastanesi Genel Cerrahi Uzman\u0131 Dr. \u00d6\u011fr. \u00dcyesi Nihat Polat ise operasyonla ilgili \u015fu bilgileri verdi:<\/p>\n<p>\u201cHasta bize ba\u015fvurdu\u011funda yakla\u015f\u0131k 6 ayd\u0131r g\u00f6be\u011finde \u015fi\u015flik ve a\u011fr\u0131 \u015fik\u00e2yeti oldu\u011funu s\u00f6yledi. G\u00f6be\u011finde f\u0131t\u0131ktan kaynaklanan ceviz b\u00fcy\u00fckl\u00fc\u011f\u00fcnde bir \u015fi\u015flik oldu\u011funu g\u00f6rd\u00fck ve ameliyat karar\u0131 ald\u0131k. Hastaya kapal\u0131 y\u00f6ntemle yakla\u015f\u0131k 1 saat s\u00fcren bir ameliyat yapt\u0131k. Kar\u0131ndaki y\u0131rt\u0131\u011f\u0131 i\u00e7eriden diktik ve \u00fczerine yama yapt\u0131k. Ameliyattan 4 saat sonra hastay\u0131 y\u00fcr\u00fctt\u00fck ve bir g\u00fcn sonra da taburcu ettik. Kapal\u0131 y\u00f6ntemle yap\u0131lan f\u0131t\u0131k ameliyatlar\u0131n\u0131n avantajlar\u0131 olduk\u00e7a y\u00fcksek. Bu operasyonda kar\u0131n duvar\u0131na 3 adet delik a\u00e7\u0131p kar\u0131n zar\u0131 ile kar\u0131n duvar\u0131 aras\u0131ndaki bo\u015flu\u011fa girdik. Bir kamera ile bu b\u00f6lgenin g\u00f6r\u00fcnt\u00fclenmesini sa\u011flad\u0131k ve \u00f6zel cihazlar ile de \u00e7ok k\u0131sa bir s\u00fcre i\u00e7erisinde f\u0131t\u0131\u011f\u0131n tamirini ger\u00e7ekle\u015ftirdik. Hastam\u0131z art\u0131k Amerika\u2019ya d\u00f6n\u00fcp g\u00f6n\u00fcl rahatl\u0131\u011f\u0131yla i\u015flerini yapabilir.\u201d<\/p>\n","protected":false},"excerpt":{"rendered":"<p>AMER\u0130KA\u2019DA YA\u015eAYAN 57 YA\u015eINDAK\u0130 MEHMET PARLAKKILI\u00c7(SA\u011eDA), G\u00d6BE\u011e\u0130NDEK\u0130 FITIK SEBEB\u0130YLE AMEL\u0130YAT OLMAK \u0130\u00c7\u0130N AMER\u0130KA\u2019DAK\u0130 HASTANELER YER\u0130NE ORDU\u2019YA GELD\u0130. PARLAKKILI\u00c7, 1 SAATL\u0130K KAPALI AMEL\u0130YATLA SA\u011eLI\u011eINA KAVU\u015eTU.<\/p>\n","protected":false},"author":1,"featured_media":250660,"comment_status":"closed","ping_status":"open","sticky":false,"template":"","format":"standard","meta":{"jetpack_post_was_ever_published":false,"_jetpack_newsletter_access":"","_jetpack_dont_email_post_to_subs":false,"_jetpack_newsletter_tier_id":0,"_jetpack_memberships_contains_paywalled_content":false,"_jetpack_memberships_contains_paid_content":false,"footnotes":"","jetpack_publicize_message":"","jetpack_publicize_feature_enabled":true,"jetpack_social_post_already_shared":true,"jetpack_social_options":{"image_generator_settings":{"template":"highway","default_image_id":0,"font":"","enabled":false},"version":2}},"categories":[1],"tags":[28831,2773,2144,127,44,694],"class_list":["post-250659","post","type-post","status-publish","format-standard","has-post-thumbnail","hentry","category-genel","tag-abdden","tag-ameliyati","tag-fitik","tag-geldi","tag-icin","tag-orduya"],"jetpack_publicize_connections":[],"jetpack_featured_media_url":"https:\/\/i0.wp.com\/www.tvturk.com\/wp-content\/uploads\/2020\/01\/fitik-ameliyati-icin-abdden-orduya-geldi_876e2f8.jpg?fit=1000%2C562","jetpack_sharing_enabled":true,"jetpack_shortlink":"https:\/\/wp.me\/paKIfm-13cT","_links":{"self":[{"href":"http:\/\/www.tvturk.com\/index.php\/wp-json\/wp\/v2\/posts\/250659","targetHints":{"allow":["GET"]}}],"collection":[{"href":"http:\/\/www.tvturk.com\/index.php\/wp-json\/wp\/v2\/posts"}],"about":[{"href":"http:\/\/www.tvturk.com\/index.php\/wp-json\/wp\/v2\/types\/post"}],"author":[{"embeddable":true,"href":"http:\/\/www.tvturk.com\/index.php\/wp-json\/wp\/v2\/users\/1"}],"replies":[{"embeddable":true,"href":"http:\/\/www.tvturk.com\/index.php\/wp-json\/wp\/v2\/comments?post=250659"}],"version-history":[{"count":0,"href":"http:\/\/www.tvturk.com\/index.php\/wp-json\/wp\/v2\/posts\/250659\/revisions"}],"wp:featuredmedia":[{"embeddable":true,"href":"http:\/\/www.tvturk.com\/index.php\/wp-json\/wp\/v2\/media\/250660"}],"wp:attachment":[{"href":"http:\/\/www.tvturk.com\/index.php\/wp-json\/wp\/v2\/media?parent=250659"}],"wp:term":[{"taxonomy":"category","embeddable":true,"href":"http:\/\/www.tvturk.com\/index.php\/wp-json\/wp\/v2\/categories?post=250659"},{"taxonomy":"post_tag","embeddable":true,"href":"http:\/\/www.tvturk.com\/index.php\/wp-json\/wp\/v2\/tags?post=250659"}],"curies":[{"name":"wp","href":"https:\/\/api.w.org\/{rel}","templated":true}]}}