{"id":250751,"date":"2020-01-02T18:01:28","date_gmt":"2020-01-02T15:01:28","guid":{"rendered":"http:\/\/www.tvturk.com\/index.php\/polonyanin-2019-yili-trafik-kazasi-bilancosu\/"},"modified":"2020-01-02T18:01:28","modified_gmt":"2020-01-02T15:01:28","slug":"polonyanin-2019-yili-trafik-kazasi-bilancosu","status":"publish","type":"post","link":"http:\/\/www.tvturk.com\/index.php\/polonyanin-2019-yili-trafik-kazasi-bilancosu\/","title":{"rendered":"Polonya\u2019n\u0131n 2019 y\u0131l\u0131 trafik kazas\u0131 bilan\u00e7osu"},"content":{"rendered":"<p>Polonya Emniyet Genel M\u00fcd\u00fcrl\u00fc\u011f\u00fc taraf\u0131ndan yay\u0131nlanan 2019 y\u0131l\u0131 kara yolu raporuna g\u00f6re, 30 binden fazla trafik kazas\u0131nda 3 bin ki\u015fi hayat\u0131n\u0131 kaybetti, 35 bin ki\u015fi de yaraland\u0131.<\/p>\n<p>Polonya Emniyet Genel M\u00fcd\u00fcrl\u00fc\u011f\u00fc 2019 y\u0131l\u0131 kara yolu raporunu a\u00e7\u0131klad\u0131. Rapora g\u00f6re \u00fclke genelinde 30 bini a\u015fk\u0131n trafik kazas\u0131 meydana geldi. S\u00f6z konusu kazalarda 35 bin 293 ki\u015fi yaraland\u0131, 2 bin 897 ki\u015fi de hayat\u0131n\u0131 kaybetti. Trafik kazalar\u0131nda bir \u00f6nceki y\u0131la oranla d\u00fc\u015f\u00fc\u015f ya\u015fan\u0131rken, \u00f6l\u00fc say\u0131s\u0131nda ise art\u0131\u015f g\u00f6zlemlendi. \u00dclkede 2018 y\u0131l\u0131na oranla bin 538 daha az kaza meydana gelirken, \u00f6l\u00fc say\u0131s\u0131nda art\u0131\u015f ya\u015fand\u0131.<\/p>\n<p>Emniyet yetkililerine g\u00f6re meydana gelen kazalar\u0131n ba\u015fl\u0131ca nedeni a\u015f\u0131r\u0131 h\u0131z olurken, bir di\u011fer neden olarak ise alkoll\u00fc ara\u00e7 kullan\u0131m\u0131 olarak g\u00f6sterildi. Alkoll\u00fc ara\u00e7 kullan\u0131m\u0131ndan dolay\u0131 ehliyetine el konulan s\u00fcr\u00fcc\u00fc say\u0131s\u0131nda da son 10 y\u0131l\u0131n rekor k\u0131r\u0131ld\u0131. Polonya polisi, 2019 y\u0131l\u0131nda 111 bin s\u00fcr\u00fcc\u00fcn\u00fcn ehliyetine alkoll\u00fc ara\u00e7 kulland\u0131klar\u0131 gerek\u00e7esiyle el konuldu\u011funu belirtti. Bu say\u0131n\u0131n 2018 y\u0131l\u0131na oranla 6 bin ki\u015fi daha fazla oldu\u011fu kaydedildi.<\/p>\n<p>Yeni y\u0131l\u0131n ilk g\u00fcn\u00fcnde polisin yapt\u0131\u011f\u0131 denetimlerde alkoll\u00fc ara\u00e7 kullan\u0131rken yakalanan s\u00fcr\u00fcc\u00fc say\u0131s\u0131 ise 415 olarak bildirildi.<\/p>\n","protected":false},"excerpt":{"rendered":"<p>POLONYA EMN\u0130YET GENEL M\u00dcD\u00dcRL\u00dc\u011e\u00dc TARAFINDAN YAYINLANAN 2019 YILI KARAYOLU RAPORUNA G\u00d6RE, 30 B\u0130NDEN FAZLA TRAF\u0130K KAZASINDA 3 B\u0130N K\u0130\u015e\u0130 HAYATINI KAYBETT\u0130, 35 B\u0130N K\u0130\u015e\u0130 DE YARALANDI.<\/p>\n","protected":false},"author":1,"featured_media":250752,"comment_status":"closed","ping_status":"open","sticky":false,"template":"","format":"standard","meta":{"jetpack_post_was_ever_published":false,"_jetpack_newsletter_access":"","_jetpack_dont_email_post_to_subs":false,"_jetpack_newsletter_tier_id":0,"_jetpack_memberships_contains_paywalled_content":false,"_jetpack_memberships_contains_paid_content":false,"footnotes":"","jetpack_publicize_message":"","jetpack_publicize_feature_enabled":true,"jetpack_social_post_already_shared":true,"jetpack_social_options":{"image_generator_settings":{"template":"highway","default_image_id":0,"font":"","enabled":false},"version":2}},"categories":[10],"tags":[2705,37067,17228,771,131,2128],"class_list":["post-250751","post","type-post","status-publish","format-standard","has-post-thumbnail","hentry","category-dunya","tag-2705","tag-polonyanin","tag-bilancosu","tag-kazasi","tag-trafik","tag-yili"],"jetpack_publicize_connections":[],"jetpack_featured_media_url":"https:\/\/i0.wp.com\/www.tvturk.com\/wp-content\/uploads\/2020\/01\/polonyanin-2019-yili-trafik-kazasi-bilancosu_2543b53.jpg?fit=788%2C444","jetpack_sharing_enabled":true,"jetpack_shortlink":"https:\/\/wp.me\/paKIfm-13en","_links":{"self":[{"href":"http:\/\/www.tvturk.com\/index.php\/wp-json\/wp\/v2\/posts\/250751","targetHints":{"allow":["GET"]}}],"collection":[{"href":"http:\/\/www.tvturk.com\/index.php\/wp-json\/wp\/v2\/posts"}],"about":[{"href":"http:\/\/www.tvturk.com\/index.php\/wp-json\/wp\/v2\/types\/post"}],"author":[{"embeddable":true,"href":"http:\/\/www.tvturk.com\/index.php\/wp-json\/wp\/v2\/users\/1"}],"replies":[{"embeddable":true,"href":"http:\/\/www.tvturk.com\/index.php\/wp-json\/wp\/v2\/comments?post=250751"}],"version-history":[{"count":0,"href":"http:\/\/www.tvturk.com\/index.php\/wp-json\/wp\/v2\/posts\/250751\/revisions"}],"wp:featuredmedia":[{"embeddable":true,"href":"http:\/\/www.tvturk.com\/index.php\/wp-json\/wp\/v2\/media\/250752"}],"wp:attachment":[{"href":"http:\/\/www.tvturk.com\/index.php\/wp-json\/wp\/v2\/media?parent=250751"}],"wp:term":[{"taxonomy":"category","embeddable":true,"href":"http:\/\/www.tvturk.com\/index.php\/wp-json\/wp\/v2\/categories?post=250751"},{"taxonomy":"post_tag","embeddable":true,"href":"http:\/\/www.tvturk.com\/index.php\/wp-json\/wp\/v2\/tags?post=250751"}],"curies":[{"name":"wp","href":"https:\/\/api.w.org\/{rel}","templated":true}]}}