{"id":250777,"date":"2020-01-03T08:16:05","date_gmt":"2020-01-03T05:16:05","guid":{"rendered":"http:\/\/www.tvturk.com\/index.php\/diyanet-isleri-baskani-erbas-iyilige-vakfedilmis-hayatlar-programina-katildi\/"},"modified":"2020-01-03T08:16:05","modified_gmt":"2020-01-03T05:16:05","slug":"diyanet-isleri-baskani-erbas-iyilige-vakfedilmis-hayatlar-programina-katildi","status":"publish","type":"post","link":"http:\/\/www.tvturk.com\/index.php\/diyanet-isleri-baskani-erbas-iyilige-vakfedilmis-hayatlar-programina-katildi\/","title":{"rendered":"Diyanet \u0130\u015fleri Ba\u015fkan\u0131 Erba\u015f, \u201c\u0130yili\u011fe Vakfedilmi\u015f Hayatlar\u201d program\u0131na kat\u0131ld\u0131"},"content":{"rendered":"<p>Diyanet \u0130\u015fleri Ba\u015fkan\u0131 ve T\u00fcrkiye Diyanet Vakf\u0131 (TDV) M\u00fctevelli Heyeti Ba\u015fkan\u0131 Prof. Dr. Ali Erba\u015f, \u201c\u0130yili\u011fe Vakfedilmi\u015f Hayatlar\u201d program\u0131na kat\u0131ld\u0131.<\/p>\n<p>TDV\u2019nin kuruldu\u011fu g\u00fcnden g\u00fcn\u00fcm\u00fcze kadar devam eden iyilik yolculu\u011funda eme\u011fi olan \u015fahsiyetlerin a\u011f\u0131rlanaca\u011f\u0131 program\u0131n ilk konu\u011fu, TDV\u2019nin kurucular\u0131ndan ve Diyanet \u0130\u015fleri Eski Ba\u015fkan\u0131 Dr. Tayyar Alt\u0131kula\u00e7 oldu.<\/p>\n<p>TDV Konferans Salonu\u2019nda ger\u00e7ekle\u015ftirilen programda konu\u015fan Alt\u0131kula\u00e7, \u201cBu vakf\u0131 nas\u0131l b\u00fcy\u00fct\u00fcr\u00fcz, nas\u0131l t\u00fcm insanl\u0131\u011fa faydal\u0131 hale getirebiliriz, bunun m\u00fccadelesini verdik. Tek hedefimiz bu kurumu b\u00fcy\u00fctmek, geli\u015ftirmek, elde etti\u011fi imkanlar\u0131 hizmete d\u00f6n\u00fc\u015ft\u00fcrerek memlekete, gen\u00e7li\u011fe, insanl\u0131\u011fa, dine faydal\u0131 olabilmekti\u201d dedi.<\/p>\n<p>Diyanet Vakf\u0131n\u0131n kurulu\u015f ser\u00fcvenini ve ya\u015fan\u0131lan zorluklarla ilgili hat\u0131ralar\u0131n\u0131 anlatan Alt\u0131kula\u00e7, vak\u0131f \u00e7al\u0131\u015fanlar\u0131na tavsiyelerde bulundu, \u00e7al\u0131\u015fmalar\u0131nda ba\u015far\u0131lar diledi. Alt\u0131kula\u00e7, \u201c\u0130yili\u011fe Vakfedilmi\u015f Hayat\u201d s\u0131fat\u0131na lay\u0131k olmay\u0131 ve hayat\u0131 boyunca her zaman insanlara hizmet etmeyi nasip etmesi i\u00e7in t\u00fcm i\u00e7tenli\u011finle Cenab-\u0131 Allah\u2019a niyazda bulundu\u011funu ifade etti.<\/p>\n<p>Programda Diyanet \u0130\u015fleri Ba\u015fkan\u0131 Prof. Dr. Ali Erba\u015f ise, Alt\u0131kula\u00e7\u2019a konu\u015fmas\u0131 ve yapm\u0131\u015f oldu\u011fu hizmetler i\u00e7in te\u015fekk\u00fcr ederek, \u201cK\u0131ymetli hocam, Allah sizlerden raz\u0131 olsun. Allah sizleri, bizleri hizmet edememe gibi bir duruma d\u00fc\u015fmekten muhafaza buyursun\u201d dedi.<\/p>\n<p>Tecr\u00fcbenin kolay elde edilmedi\u011fini belirten Ba\u015fkan Erba\u015f yap\u0131lan i\u015flerde ihlas, samimiyet, a\u015fk ve heyecan\u0131n olmas\u0131 gerekti\u011finin \u00f6nemini vurgulayarak, \u015f\u00f6yle devam etti:<\/p>\n<p>\u201cBu d\u00f6rt kavram kimde olmazsa o ne yaparsa yaps\u0131n yapt\u0131\u011f\u0131n\u0131n herhangi bir kar\u015f\u0131l\u0131\u011f\u0131 olmuyor. Yapt\u0131\u011f\u0131m\u0131z \u015feylerle s\u00f6yledi\u011fimiz \u015feylerin mutlaka birbirine uymas\u0131 gerekiyor. Cenab-\u0131 Hak aya\u011f\u0131m\u0131z\u0131 kayd\u0131rmas\u0131n, sabit-kadem eylesin. Hem bu d\u00fcnyada hem de \u00f6b\u00fcr d\u00fcnyada aya\u011f\u0131m\u0131z\u0131 kayd\u0131rmadan bu g\u00f6revimizi tamamlamay\u0131 nasip eylesin.\u201d<\/p>\n<p>Konu\u015fmalar\u0131n ard\u0131ndan Ba\u015fkan Erba\u015f, Alt\u0131kula\u00e7\u2019a hediye takdiminde bulundu. Daha sonra programa kat\u0131lan Diyanet \u0130\u015fleri Ba\u015fkanl\u0131\u011f\u0131n\u0131n ve TDV\u2019nin \u00fcst d\u00fczey y\u00f6neticileri ile foto\u011fraf \u00e7ektirdi.<\/p>\n","protected":false},"excerpt":{"rendered":"<p>D\u0130YANET \u0130\u015eLER\u0130 BA\u015eKANI VE T\u00dcRK\u0130YE D\u0130YANET VAKFI (TDV) M\u00dcTEVELL\u0130 HEYET\u0130 BA\u015eKANI PROF. DR. AL\u0130 ERBA\u015e, \u201c\u0130Y\u0130L\u0130\u011eE VAKFED\u0130LM\u0130\u015e HAYATLAR\u201d PROGRAMINA KATILDI.<\/p>\n","protected":false},"author":1,"featured_media":250778,"comment_status":"closed","ping_status":"open","sticky":false,"template":"","format":"standard","meta":{"jetpack_post_was_ever_published":false,"_jetpack_newsletter_access":"","_jetpack_dont_email_post_to_subs":false,"_jetpack_newsletter_tier_id":0,"_jetpack_memberships_contains_paywalled_content":false,"_jetpack_memberships_contains_paid_content":false,"footnotes":"","jetpack_publicize_message":"","jetpack_publicize_feature_enabled":true,"jetpack_social_post_already_shared":true,"jetpack_social_options":{"image_generator_settings":{"template":"highway","default_image_id":0,"font":"","enabled":false},"version":2}},"categories":[1],"tags":[34119,216,3150,10687,19523,3151,1757,3000,62143],"class_list":["post-250777","post","type-post","status-publish","format-standard","has-post-thumbnail","hentry","category-genel","tag-iyilige","tag-baskani","tag-diyanet","tag-erbas","tag-hayatlar","tag-isleri","tag-katildi","tag-programina","tag-vakfedilmis"],"jetpack_publicize_connections":[],"jetpack_featured_media_url":"https:\/\/i0.wp.com\/www.tvturk.com\/wp-content\/uploads\/2020\/01\/diyanet-isleri-baskani-erbas-iyilige-vakfedilmis-hayatlar-programina-katildi_332245e.jpg?fit=1000%2C666","jetpack_sharing_enabled":true,"jetpack_shortlink":"https:\/\/wp.me\/paKIfm-13eN","_links":{"self":[{"href":"http:\/\/www.tvturk.com\/index.php\/wp-json\/wp\/v2\/posts\/250777","targetHints":{"allow":["GET"]}}],"collection":[{"href":"http:\/\/www.tvturk.com\/index.php\/wp-json\/wp\/v2\/posts"}],"about":[{"href":"http:\/\/www.tvturk.com\/index.php\/wp-json\/wp\/v2\/types\/post"}],"author":[{"embeddable":true,"href":"http:\/\/www.tvturk.com\/index.php\/wp-json\/wp\/v2\/users\/1"}],"replies":[{"embeddable":true,"href":"http:\/\/www.tvturk.com\/index.php\/wp-json\/wp\/v2\/comments?post=250777"}],"version-history":[{"count":0,"href":"http:\/\/www.tvturk.com\/index.php\/wp-json\/wp\/v2\/posts\/250777\/revisions"}],"wp:featuredmedia":[{"embeddable":true,"href":"http:\/\/www.tvturk.com\/index.php\/wp-json\/wp\/v2\/media\/250778"}],"wp:attachment":[{"href":"http:\/\/www.tvturk.com\/index.php\/wp-json\/wp\/v2\/media?parent=250777"}],"wp:term":[{"taxonomy":"category","embeddable":true,"href":"http:\/\/www.tvturk.com\/index.php\/wp-json\/wp\/v2\/categories?post=250777"},{"taxonomy":"post_tag","embeddable":true,"href":"http:\/\/www.tvturk.com\/index.php\/wp-json\/wp\/v2\/tags?post=250777"}],"curies":[{"name":"wp","href":"https:\/\/api.w.org\/{rel}","templated":true}]}}