{"id":250797,"date":"2020-01-03T09:38:50","date_gmt":"2020-01-03T06:38:50","guid":{"rendered":"http:\/\/www.tvturk.com\/index.php\/adalet-bakani-feto-borsasi-iddialarina-cevap-verdi\/"},"modified":"2020-01-03T09:38:50","modified_gmt":"2020-01-03T06:38:50","slug":"adalet-bakani-feto-borsasi-iddialarina-cevap-verdi","status":"publish","type":"post","link":"http:\/\/www.tvturk.com\/index.php\/adalet-bakani-feto-borsasi-iddialarina-cevap-verdi\/","title":{"rendered":"Adalet Bakan\u0131, FET\u00d6 borsas\u0131 iddialar\u0131na cevap verdi"},"content":{"rendered":"<p>TBMM Genel Kurulunda 2020 Y\u0131l\u0131 Merkezi Y\u00f6netim B\u00fct\u00e7e Kanunu Teklifi ile 2018 Y\u0131l\u0131 Merkezi Y\u00f6netim Kesin Hesap Kanunu Teklifi g\u00f6r\u00fc\u015fmelerinde Adalet Bakan\u0131 Abdulhamit G\u00fcl, milletvekillerine sunum yapt\u0131.<\/p>\n<p>Bakan G\u00fcl, FET\u00d6 borsas\u0131 kurulup para verip baz\u0131 \u015f\u00fcphelilerin serbest b\u0131rak\u0131ld\u0131\u011f\u0131na dair iddialara kar\u015f\u0131 net bir tutum ortaya koydu.<\/p>\n<p>Adalet Bakan\u0131 Abd\u00fclhamit G\u00fcl, yanl\u0131\u015f yapan kim varsa sonuna kadar takip\u00e7isi olaca\u011f\u0131n\u0131 s\u00f6yledi.<\/p>\n<p>Adalet Bakan\u0131 FET\u00d6 borsas\u0131 iddialar\u0131na cevap verdi ViDEO<\/p>\n<p><iframe allowfullscreen=\"true\" webkitallowfullscreen=\"true\" mozallowfullscreen=\"true\" style=\"display:block; max-width:600px;\"><\/iframe><\/p>\n<h4>&#8220;K\u0130M\u0130N EL\u0130NDE HANG\u0130 BELGE VARSA&#8230;&#8221;<\/h4>\n<p>Bakan G\u00fcl, konuyla ilgili \u015funlar\u0131 s\u00f6yledi:\u00a0<em><strong>\u201cNerede olursa olsun FET\u00d6 ile m\u00fccadelede T\u00fcrk yarg\u0131s\u0131na b\u00f6ylesi bir konuda b\u00f6yle bir t\u00f6hmeti kabul etmemiz m\u00fcmk\u00fcn de\u011fil.<\/strong><\/em><\/p>\n<p><em><strong>Ama bu konularla ilgili kimin hangi iddias\u0131 varsa, Kayseri Cumhuriyet Ba\u015fsavc\u0131l\u0131\u011f\u0131 Adliye\u2019nin i\u00e7indedir. Hakimler Savc\u0131lar Kurulu buradad\u0131r. <\/strong><\/em><\/p>\n<p><em><strong>Ben de HSK Ba\u015fkan\u0131 olarak s\u00f6yl\u00fcyorum; Her kim ister avukat ister hakim ister grup FET\u00d6 ile m\u00fccadele eden ve milletin yarg\u0131s\u0131 olan bu yarg\u0131ya kimse leke d\u00fc\u015f\u00fcremez. <\/strong><\/em><\/p>\n<p><em><strong>Yanl\u0131\u015f yapan kim varsa sonuna kadar takip\u00e7isi olaca\u011f\u0131z. Kimin elinde hangi belge varsa, genel ifadelerle yarg\u0131ya leke s\u00fcrecek \u015fekilde de\u011fil, somut bilgiyle kim yap\u0131yorsa, hangi avukat yap\u0131yorsa, bu konuda yarg\u0131ya m\u00fcracaat etmesi halinde milletimiz ad\u0131na sonuna kadar takip\u00e7isi olaca\u011f\u0131m\u0131z\u0131 Y\u00fcce Meclis&#8217;in huzurunda bizzat s\u00f6yl\u00fcyorum\u201d <\/strong><\/em><\/p>\n<p><em><strong><img data-recalc-dims=\"1\" loading=\"lazy\" decoding=\"async\" src=\"https:\/\/i0.wp.com\/www.tvturk.com\/wp-content\/uploads\/2020\/01\/adalet-bakani-feto-borsasi-iddialarina-cevap-verdi.jpg?resize=600%2C449\" alt=\"Adalet Bakan\u0131, FET\u00d6 borsas\u0131 iddialar\u0131na cevap verdi\" width=\"600\" height=\"449\"><br \/><\/strong><\/em><\/p>\n<h4>FET\u00d6&#8217;C\u00dcLERLE SONUNA KADAR M\u00dcCADELE ETT\u0130K<\/h4>\n<p>G\u00fcl,<strong><em> \u201cYarg\u0131 hi\u00e7bir grubun yarg\u0131s\u0131 de\u011fildir. Ge\u00e7mi\u015fte oldu\u011fu gibi vesayet\u00e7ilere selam duran, brifingte esas selam\u0131na ge\u00e7ip, c\u00fcbbesini ilikleyen yarg\u0131lara izin vermedi\u011fimiz gibi FET\u00d6\u2019c\u00fclerle sonuna kadar m\u00fccadele ettik. Bir daha bu \u00fclkeyi hi\u00e7bir grubun, \u00e7etenin, olu\u015fumun eline terk etmeyece\u011fiz\u201d <\/em><\/strong>ifadelerini kulland\u0131.<\/p>\n<p><img data-recalc-dims=\"1\" loading=\"lazy\" decoding=\"async\" src=\"https:\/\/i0.wp.com\/www.tvturk.com\/wp-content\/uploads\/2020\/01\/adalet-bakani-feto-borsasi-iddialarina-cevap-verdi-1.jpg?resize=600%2C384\" alt=\"Adalet Bakan\u0131, FET\u00d6 borsas\u0131 iddialar\u0131na cevap verdi\" width=\"600\" height=\"384\"><\/p>\n","protected":false},"excerpt":{"rendered":"<p>TBMM Genel Kurulunda 2020 Y\u0131l\u0131 Merkezi Y\u00f6netim B\u00fct\u00e7e Kanunu Teklifi ile 2018 Y\u0131l\u0131 Merkezi Y\u00f6netim Kesin Hesap Kanunu Teklifi g\u00f6r\u00fc\u015fmelerinde Adalet Bakan\u0131 Abdulhamit G\u00fcl, milletvekillerine sunum yapt\u0131. Bakan G\u00fcl, FET\u00d6 borsas\u0131 kurulup para verip baz\u0131 \u015f\u00fcphelilerin serbest b\u0131rak\u0131ld\u0131\u011f\u0131na dair iddialara kar\u015f\u0131 net bir tutum ortaya koydu. Adalet Bakan\u0131 Abd\u00fclhamit G\u00fcl, yanl\u0131\u015f yapan kim varsa sonuna [&hellip;]<\/p>\n","protected":false},"author":1,"featured_media":250798,"comment_status":"closed","ping_status":"open","sticky":false,"template":"","format":"standard","meta":{"jetpack_post_was_ever_published":false,"_jetpack_newsletter_access":"","_jetpack_dont_email_post_to_subs":false,"_jetpack_newsletter_tier_id":0,"_jetpack_memberships_contains_paywalled_content":false,"_jetpack_memberships_contains_paid_content":false,"footnotes":"","jetpack_publicize_message":"","jetpack_publicize_feature_enabled":true,"jetpack_social_post_already_shared":true,"jetpack_social_options":{"image_generator_settings":{"template":"highway","default_image_id":0,"font":"","enabled":false},"version":2}},"categories":[9],"tags":[62155,62154,62152,62150,62149,62151,1545,62153],"class_list":["post-250797","post","type-post","status-publish","format-standard","has-post-thumbnail","hentry","category-siyaset","tag-2018-yili-merkezi-yonetim-kesin-hesap-kanunu-teklifi","tag-2020-yili-merkezi-yonetim-butce-kanunu-tekili","tag-abdulhamit-gul","tag-adalet-bakani","tag-en-son-haber","tag-feto-borsasi-iddialarina-cevap-verdi","tag-haber","tag-tbmm-genel-kurulu"],"jetpack_publicize_connections":[],"jetpack_featured_media_url":"https:\/\/i0.wp.com\/www.tvturk.com\/wp-content\/uploads\/2020\/01\/adalet-bakani-feto-borsasi-iddialarina-cevap-verdi-2.jpg?fit=620%2C380","jetpack_sharing_enabled":true,"jetpack_shortlink":"https:\/\/wp.me\/paKIfm-13f7","_links":{"self":[{"href":"http:\/\/www.tvturk.com\/index.php\/wp-json\/wp\/v2\/posts\/250797","targetHints":{"allow":["GET"]}}],"collection":[{"href":"http:\/\/www.tvturk.com\/index.php\/wp-json\/wp\/v2\/posts"}],"about":[{"href":"http:\/\/www.tvturk.com\/index.php\/wp-json\/wp\/v2\/types\/post"}],"author":[{"embeddable":true,"href":"http:\/\/www.tvturk.com\/index.php\/wp-json\/wp\/v2\/users\/1"}],"replies":[{"embeddable":true,"href":"http:\/\/www.tvturk.com\/index.php\/wp-json\/wp\/v2\/comments?post=250797"}],"version-history":[{"count":0,"href":"http:\/\/www.tvturk.com\/index.php\/wp-json\/wp\/v2\/posts\/250797\/revisions"}],"wp:featuredmedia":[{"embeddable":true,"href":"http:\/\/www.tvturk.com\/index.php\/wp-json\/wp\/v2\/media\/250798"}],"wp:attachment":[{"href":"http:\/\/www.tvturk.com\/index.php\/wp-json\/wp\/v2\/media?parent=250797"}],"wp:term":[{"taxonomy":"category","embeddable":true,"href":"http:\/\/www.tvturk.com\/index.php\/wp-json\/wp\/v2\/categories?post=250797"},{"taxonomy":"post_tag","embeddable":true,"href":"http:\/\/www.tvturk.com\/index.php\/wp-json\/wp\/v2\/tags?post=250797"}],"curies":[{"name":"wp","href":"https:\/\/api.w.org\/{rel}","templated":true}]}}