{"id":250801,"date":"2020-01-03T09:39:10","date_gmt":"2020-01-03T06:39:10","guid":{"rendered":"http:\/\/www.tvturk.com\/index.php\/davutoglu-herkesin-mal-varligi-arastirilsin\/"},"modified":"2020-01-03T09:39:10","modified_gmt":"2020-01-03T06:39:10","slug":"davutoglu-herkesin-mal-varligi-arastirilsin","status":"publish","type":"post","link":"http:\/\/www.tvturk.com\/index.php\/davutoglu-herkesin-mal-varligi-arastirilsin\/","title":{"rendered":"Davuto\u011flu: Herkesin mal varl\u0131\u011f\u0131 ara\u015ft\u0131r\u0131ls\u0131n"},"content":{"rendered":"<p><em><strong>&#8220;\u0130stanbul \u015eehir \u00dcniversitesi arazisine ili\u015fkin as\u0131ls\u0131z ithamlara dair&#8221;<\/strong><\/em> ifadeleriyle bir a\u00e7\u0131klama payla\u015fan, eski Ba\u015fbakan ve yeni parti kurma haz\u0131rl\u0131\u011f\u0131nda olan Ahmet Davuto\u011flu, Cumhurba\u015fkan\u0131 Recep Tayyip Erdo\u011fan&#8217;a Twitter hesab\u0131 \u00fczerinden yan\u0131t verdi\u011fi a\u00e7\u0131klamas\u0131nda \u015funlar\u0131 s\u00f6yledi:<\/p>\n<h4>&#8220;CEVABIM \u015eAHS\u0130 DE\u011e\u0130L, DEVLET AHLAKI MESELES\u0130D\u0130R&#8221;<\/h4>\n<p><em><strong>&#8220;2003\u2019ten 2016\u2019ya kadar \u00e7e\u015fitli konumlarda ve \u00fcst d\u00fczeyde birlikte \u00e7al\u0131\u015ft\u0131\u011f\u0131m\u0131z Sn. Cumhurba\u015fkan\u0131n\u0131n, \u015fahs\u0131m ve Ba\u015fbakanl\u0131k yapt\u0131\u011f\u0131m d\u00f6nemde H\u00fck\u00fcmetimde birlikte g\u00f6rev yapmaktan onur duydu\u011fum baz\u0131 bakan arkada\u015flar\u0131m hakk\u0131nda en temel nezaket kurallar\u0131na bile uymayan, bu y\u00fcksek makama yak\u0131\u015fmayan bir \u00fcslup ile dile getirdi\u011fi a\u011f\u0131r ithamlara cevap vermek mecburiyeti do\u011fmu\u015ftur. Bilinmelidir ki bu, \u015fahsi bir mesele de\u011fil bir devlet ahlak\u0131 meselesidir.&#8221;<\/strong><\/em><\/p>\n<h4>&#8220;HAKSIZ B\u0130R KAMPANYA Y\u00dcR\u00dcT\u00dcL\u00dcYOR&#8221;<\/h4>\n<p><em><strong>&#8220;Bir s\u00fcredir \u0130stanbul \u015eehir \u00dcniversitesi hakk\u0131nda y\u00fcr\u00fct\u00fclen haks\u0131z kampanyan\u0131n, garezle bir e\u011fitim kurumuna yap\u0131lan sald\u0131r\u0131lar\u0131n ula\u015ft\u0131\u011f\u0131 a\u015fama ibretlik bir hale gelmi\u015ftir. Her \u015feyden \u00f6nce \u00fcniversite ile ilgili b\u00f6yle bir karar\u0131n bir siyasi partinin Merkez Karar ve Y\u00f6netim Kurulunda al\u0131nm\u0131\u015f olmas\u0131 hem \u00fcniversiteye y\u00f6nelen husumetin alt\u0131nda yatan ger\u00e7ek niyeti hem devlet d\u00fczenimizin gelmi\u015f oldu\u011fu durumu b\u00fct\u00fcn \u00e7\u0131plakl\u0131\u011f\u0131 ile ortaya koymaktad\u0131r. Aileleriyle birlikte 7000 \u00f6\u011frenciyi ma\u011fdur etme pahas\u0131na sergilenen bu \u00f6fkeye neyin sebep oldu\u011funu, kimin nereye savruldu\u011funu, kamu kaynaklar\u0131n\u0131n hangi ama\u00e7larla nas\u0131l kullan\u0131ld\u0131\u011f\u0131n\u0131, ekonomik servet olu\u015fturma bak\u0131m\u0131ndan kimlerin nas\u0131l stat\u00fc de\u011fi\u015ftirdiklerini milletimiz \u00e7ok iyi bilmektedir.&#8221;<\/strong><\/em><\/p>\n<p>\u00a0<\/p>\n<p><em><strong><\/p>\n<p class=\"imgta\"><img data-recalc-dims=\"1\" loading=\"lazy\" decoding=\"async\" src=\"https:\/\/i0.wp.com\/www.tvturk.com\/wp-content\/uploads\/2020\/01\/davutoglu-herkesin-mal-varligi-arastirilsin.jpg?resize=600%2C407\" alt=\"Davuto\u011flu: Herkesin mal varl\u0131\u011f\u0131 ara\u015ft\u0131r\u0131ls\u0131n\" width=\"600\" height=\"407\"><\/p>\n<p><\/strong><\/em><\/p>\n<p><em><strong> <\/strong><\/em><\/p>\n<h4>&#8220;HERKES\u0130N MAL VARLI\u011eI ARA\u015eTIRILMALI&#8221;<\/h4>\n<p><em><strong>&#8220;\u015eu anda g\u00f6rev yapanlar da dahil olmak \u00fczere ya\u015fayan b\u00fct\u00fcn Cumhurba\u015fkanlar\u0131, Ba\u015fbakanlar, kamu bankalar\u0131n\u0131n ba\u011fl\u0131 oldu\u011fu bakanlar ve \u00f6zelle\u015ftirme y\u00fcksek kurulunda g\u00f6rev yapm\u0131\u015f yetkililerin ve onlar\u0131n birinci ve ikinci derece h\u0131s\u0131mlar\u0131n\u0131n ve akrabalar\u0131n\u0131n mal varl\u0131klar\u0131n\u0131 ve bu varl\u0131klardaki de\u011fi\u015fimi, bu ki\u015filerin siyasete girdikleri, devlet g\u00f6revi \u00fcstlendikleri g\u00fcnden bug\u00fcne kadar ara\u015ft\u0131rmak ve soru\u015fturmak \u00fczere TBMM\u2019de gerekli komisyonlar olu\u015fturulmas\u0131 gerekir.&#8221;<\/strong><\/em><\/p>\n<h4 style=\"margin-bottom: 10px;\">Cumhurba\u015fkan\u0131&#8217;ndan \u015eehir \u00dcniversitesi a\u00e7\u0131klamas\u0131-Haberi i\u00e7in t\u0131klay\u0131n<br \/><img data-recalc-dims=\"1\" loading=\"lazy\" decoding=\"async\" src=\"https:\/\/i0.wp.com\/www.tvturk.com\/wp-content\/uploads\/2020\/01\/davutoglu-herkesin-mal-varligi-arastirilsin-1.jpg?resize=600%2C367\" alt=\"Davuto\u011flu: Herkesin mal varl\u0131\u011f\u0131 ara\u015ft\u0131r\u0131ls\u0131n\" width=\"600\" height=\"367\"><\/h4><\/p>\n","protected":false},"excerpt":{"rendered":"<p>&#8220;\u0130stanbul \u015eehir \u00dcniversitesi arazisine ili\u015fkin as\u0131ls\u0131z ithamlara dair&#8221; ifadeleriyle bir a\u00e7\u0131klama payla\u015fan, eski Ba\u015fbakan ve yeni parti kurma haz\u0131rl\u0131\u011f\u0131nda olan Ahmet Davuto\u011flu, Cumhurba\u015fkan\u0131 Recep Tayyip Erdo\u011fan&#8217;a Twitter hesab\u0131 \u00fczerinden yan\u0131t verdi\u011fi a\u00e7\u0131klamas\u0131nda \u015funlar\u0131 s\u00f6yledi: &#8220;CEVABIM \u015eAHS\u0130 DE\u011e\u0130L, DEVLET AHLAKI MESELES\u0130D\u0130R&#8221; &#8220;2003\u2019ten 2016\u2019ya kadar \u00e7e\u015fitli konumlarda ve \u00fcst d\u00fczeyde birlikte \u00e7al\u0131\u015ft\u0131\u011f\u0131m\u0131z Sn. Cumhurba\u015fkan\u0131n\u0131n, \u015fahs\u0131m ve Ba\u015fbakanl\u0131k [&hellip;]<\/p>\n","protected":false},"author":1,"featured_media":250802,"comment_status":"closed","ping_status":"open","sticky":false,"template":"","format":"standard","meta":{"jetpack_post_was_ever_published":false,"_jetpack_newsletter_access":"","_jetpack_dont_email_post_to_subs":false,"_jetpack_newsletter_tier_id":0,"_jetpack_memberships_contains_paywalled_content":false,"_jetpack_memberships_contains_paid_content":false,"footnotes":"","jetpack_publicize_message":"","jetpack_publicize_feature_enabled":true,"jetpack_social_post_already_shared":true,"jetpack_social_options":{"image_generator_settings":{"template":"highway","default_image_id":0,"font":"","enabled":false},"version":2}},"categories":[9],"tags":[62161,62162,62160,62149,1545,62163,62164],"class_list":["post-250801","post","type-post","status-publish","format-standard","has-post-thumbnail","hentry","category-siyaset","tag-ahmet-davutoglu","tag-cumhurbaskani-recep-tayyip-erdogan","tag-davutoglu-herkesin-mal-varligi-arastirilsin","tag-en-son-haber","tag-haber","tag-istanbul-sehir-universitesi","tag-mal-varligi"],"jetpack_publicize_connections":[],"jetpack_featured_media_url":"https:\/\/i0.wp.com\/www.tvturk.com\/wp-content\/uploads\/2020\/01\/davutoglu-herkesin-mal-varligi-arastirilsin-2.jpg?fit=620%2C380","jetpack_sharing_enabled":true,"jetpack_shortlink":"https:\/\/wp.me\/paKIfm-13fb","_links":{"self":[{"href":"http:\/\/www.tvturk.com\/index.php\/wp-json\/wp\/v2\/posts\/250801","targetHints":{"allow":["GET"]}}],"collection":[{"href":"http:\/\/www.tvturk.com\/index.php\/wp-json\/wp\/v2\/posts"}],"about":[{"href":"http:\/\/www.tvturk.com\/index.php\/wp-json\/wp\/v2\/types\/post"}],"author":[{"embeddable":true,"href":"http:\/\/www.tvturk.com\/index.php\/wp-json\/wp\/v2\/users\/1"}],"replies":[{"embeddable":true,"href":"http:\/\/www.tvturk.com\/index.php\/wp-json\/wp\/v2\/comments?post=250801"}],"version-history":[{"count":0,"href":"http:\/\/www.tvturk.com\/index.php\/wp-json\/wp\/v2\/posts\/250801\/revisions"}],"wp:featuredmedia":[{"embeddable":true,"href":"http:\/\/www.tvturk.com\/index.php\/wp-json\/wp\/v2\/media\/250802"}],"wp:attachment":[{"href":"http:\/\/www.tvturk.com\/index.php\/wp-json\/wp\/v2\/media?parent=250801"}],"wp:term":[{"taxonomy":"category","embeddable":true,"href":"http:\/\/www.tvturk.com\/index.php\/wp-json\/wp\/v2\/categories?post=250801"},{"taxonomy":"post_tag","embeddable":true,"href":"http:\/\/www.tvturk.com\/index.php\/wp-json\/wp\/v2\/tags?post=250801"}],"curies":[{"name":"wp","href":"https:\/\/api.w.org\/{rel}","templated":true}]}}