{"id":250803,"date":"2020-01-03T09:39:21","date_gmt":"2020-01-03T06:39:21","guid":{"rendered":"http:\/\/www.tvturk.com\/index.php\/kilicdaroglu-partisinin-vefa-odullerini-dagitti\/"},"modified":"2020-01-03T09:39:21","modified_gmt":"2020-01-03T06:39:21","slug":"kilicdaroglu-partisinin-vefa-odullerini-dagitti","status":"publish","type":"post","link":"http:\/\/www.tvturk.com\/index.php\/kilicdaroglu-partisinin-vefa-odullerini-dagitti\/","title":{"rendered":"K\u0131l\u0131\u00e7daro\u011flu, partisinin \u2018Vefa \u00d6d\u00fclleri\u2019ni da\u011f\u0131tt\u0131"},"content":{"rendered":"<p>CHP Beylikd\u00fcz\u00fc \u0130l\u00e7e Te\u015fkilat\u0131 taraf\u0131ndan bu y\u0131l 4\u2019nc\u00fcs\u00fc d\u00fczenlenen \u2018Vefa \u00d6d\u00fclleri\u2019 sahiplerini buldu. \u015ei\u015fli L\u00fctfi K\u0131rdar Kongre Merkezinde d\u00fczenlenen programa CHP Genel Ba\u015fkan\u0131 Kemal K\u0131l\u0131\u00e7daro\u011flu ile birlikte eski CHP Genel Ba\u015fkan\u0131 Altan \u00d6ymen ve \u00e7ok say\u0131da partili ve davetli kat\u0131ld\u0131. \u0130stiklal Mar\u015f\u0131 ve sayg\u0131 duru\u015fu ile ba\u015flayan programda, partide uzun y\u0131llar g\u00f6rev yapan ki\u015filere \u00f6d\u00fcl verildi.<\/p>\n<p><p class=\"imgti\"><img data-recalc-dims=\"1\" loading=\"lazy\" decoding=\"async\" src=\"https:\/\/i0.wp.com\/www.tvturk.com\/wp-content\/uploads\/2020\/01\/kilicdaroglu-partisinin-vefa-odullerini-dagitti.jpg?resize=600%2C399\" alt=\"CHP Genel Ba\u015fkan\u0131 K\u0131l\u0131\u00e7daro\u011flu partisinin \u2018Vefa \u00d6d\u00fclleri\u2019 program\u0131na kat\u0131ld\u0131 -1\" width=\"600\" height=\"399\"><\/p>\n<\/p>\n<h4>&#8220;B\u0130R KURUMU 100 YIL YA\u015eATMAK KOLAY DE\u011e\u0130L&#8221;<\/h4>\n<p>Gecede konu\u015fan K\u0131l\u0131\u00e7daro\u011flu, <em><strong>\u201cGer\u00e7ekten de Erdal Erzincanl\u0131\u2019n\u0131n saz\u0131n\u0131 dinlerken, duygulanmamak, heyecanlanmamak m\u00fcmk\u00fcn de\u011fil. Onu dinlerken bir anlamda Cumhuriyeti d\u00fc\u015f\u00fcnd\u00fcm. Hangi kavgalar, hangi m\u00fccadeleler verildi Cumhuriyet Kurulurken. Cumhuriyet Halk Partisini d\u00fc\u015f\u00fcnd\u00fcm, genel ba\u015fkanlar\u0131n\u0131n hapse at\u0131ld\u0131\u011f\u0131, tutukland\u0131\u011f\u0131 ve d\u00fc\u015f\u00fcncelerin yasakland\u0131\u011f\u0131 s\u00fcre\u00e7leri ge\u00e7tik. Ama b\u00fct\u00fcn bu s\u00fcre\u00e7lerin i\u00e7inde \u00e7\u0131nar gibi ayakta kalan tek bir varl\u0131k var siyaset olarak o da Cumhuriyet Halk Partisi, 100. y\u0131l\u0131n\u0131 kutlayacak. Bir kurumu 100 y\u0131l ya\u015fatmak kolay de\u011fil, bir kurumu ya\u015fatmak i\u00e7in ideal, ama\u00e7, hedef gerekiyor. O hedefi asl\u0131nda bize CHP\u2019yi kuran ki\u015fi verdi. \u00c7a\u011fda\u015f uygarl\u0131\u011f\u0131 a\u015fmak, \u00f6yle bir ufuk verdi ki bize o ufka yakla\u015ft\u0131\u011f\u0131m\u0131z zaman onun biraz daha ilerledi\u011fini ve yeni ku\u015faklar\u0131n ona ula\u015fmak i\u00e7in m\u00fccadele etti\u011fini bize g\u00f6sterdi. Bizler \u00e7a\u011fda\u015f uygarl\u0131\u011f\u0131 yakalamak ve ula\u015fmak i\u00e7in m\u00fccadele ediyoruz. Elbette bu m\u00fccadelede bedeller \u00f6dendi, s\u0131radan bir m\u00fccadele de\u011fildi\u201d <\/strong><\/em>dedi.<\/p>\n<p><p class=\"imgti\"><img data-recalc-dims=\"1\" loading=\"lazy\" decoding=\"async\" src=\"https:\/\/i0.wp.com\/www.tvturk.com\/wp-content\/uploads\/2020\/01\/kilicdaroglu-partisinin-vefa-odullerini-dagitti-1.jpg?resize=600%2C399\" alt=\"CHP Genel Ba\u015fkan\u0131 K\u0131l\u0131\u00e7daro\u011flu partisinin \u2018Vefa \u00d6d\u00fclleri\u2019 program\u0131na kat\u0131ld\u0131 -2\" width=\"600\" height=\"399\"><\/p>\n<\/p>\n<h4>&#8220;SON SE\u00c7\u0130MLERDE MESAFE ALDIK, AMA YETMEZ&#8221;<\/h4>\n<p>Vatanda\u015flarla konu\u015ftu\u011funu belirten K\u0131l\u0131\u00e7daro\u011flu, <em><strong>\u201cSon se\u00e7imlerde bir mesafe ald\u0131k, do\u011frudur, yetiyor mu hay\u0131r. Daha b\u00fcy\u00fck bir m\u00fccadeleyi s\u00fcrd\u00fcrece\u011fiz. Belki siz d\u00fcn ak\u015fam uyurken ben sabah 02.00\u2019de evimin kap\u0131s\u0131n\u0131 a\u00e7\u0131yordum. \u0130stanbul\u2019da bize hayat\u0131nda hi\u00e7 oy vermemi\u015f kesimlerle oturup uzun bir sohbet yapt\u0131m. Neden bize oy vermiyorsunuz, hangi gerek\u00e7eyle oy vermiyorsunuz? Adalet diyorsunuz, adaleti, hak diyorsunuz hakk\u0131 savunuyoruz. Yolsuzluk diyorsunuz her t\u00fcrl\u00fc m\u00fccadeleyi veriyoruz. \u0130nsan sevgisi diyorsunuz, bizim y\u00fcre\u011fimizin derinliklerinde zaten var. O zaman neden birlikte olmuyoruz, m\u00fccadele etmiyoruz. T\u00fcrkiye\u2019de demokrasi sadece bizim i\u00e7in ge\u00e7erli bir kavram de\u011fil, bizim gibi d\u00fc\u015f\u00fcnmeyenler i\u00e7inde demokrasi dedi\u011fimiz o kavram\u0131n hayata ge\u00e7mesi gerekiyor, farkl\u0131 d\u00fc\u015f\u00fcnmemizin, T\u00fcrkiye\u2019nin en b\u00fcy\u00fck zenginli\u011fi oldu\u011funu onlara anlatt\u0131m. Farkl\u0131 d\u00fc\u015f\u00fcnd\u00fc\u011f\u00fcm\u00fcz zaman farkl\u0131 g\u00f6r\u00fc\u015fleri dile getirdi\u011fimiz zaman T\u00fcrkiye daha da g\u00fczelle\u015fecektir, onu da ifade ettim. Osmanl\u0131\u2019dan devral\u0131nan bir imparatorlu\u011fun \u00f6zetini de s\u00f6yledim o arkada\u015flara. D\u00fcnyan\u0131n en zengin kimli\u011fini kendi topraklar\u0131nda Anadolu da ya\u015fatan bir devlettir T\u00fcrkiye Cumhuriyeti, bunu da kabul etmemiz gerekiyor. Her inan\u00e7tan, her kimlikten, ya\u015fam tarz\u0131ndan insan\u0131m\u0131z var. Dolay\u0131s\u0131yla bunlar bizim ayr\u0131\u015fma akt\u00f6r\u00fcm\u00fcz\u00fc, anahtar\u0131m\u0131z olmamal\u0131. Tam tersine bizim bunlar zenginli\u011fimiz olmal\u0131, biz kimlik, d\u00fc\u015f\u00fcnce, inan\u00e7 zenginli\u011fini ya\u015fayan toplum olmal\u0131y\u0131z, d\u00fcnyaya biz b\u00fct\u00fcn bunlarla kendimizi tan\u0131tmal\u0131y\u0131z. Biz bunu birlikte yapaca\u011f\u0131z\u201d <\/strong><\/em>\u015feklinde konu\u015ftu.<\/p>\n<p><p class=\"imgti\"><img data-recalc-dims=\"1\" loading=\"lazy\" decoding=\"async\" src=\"https:\/\/i0.wp.com\/www.tvturk.com\/wp-content\/uploads\/2020\/01\/kilicdaroglu-partisinin-vefa-odullerini-dagitti-2.jpg?resize=600%2C399\" alt=\"CHP Genel Ba\u015fkan\u0131 K\u0131l\u0131\u00e7daro\u011flu partisinin \u2018Vefa \u00d6d\u00fclleri\u2019 program\u0131na kat\u0131ld\u0131 -3\" width=\"600\" height=\"399\"><\/p>\n<\/p>\n<h4>&#8220;DAHA BA\u015eARILI ADIMLAR ATACA\u011eIZ&#8221;<\/h4>\n<p>Partisinin yapt\u0131\u011f\u0131 \u00e7al\u0131\u015fmalarla ilgili de konu\u015fan K\u0131l\u0131\u00e7daro\u011flu, <em><strong>\u201c\u00d6n\u00fcm\u00fczde se\u00e7imler olacak elbette ve g\u00f6receksiniz daha g\u00fczel, \u00e7ok ba\u015faral\u0131 ad\u0131mlar ataca\u011f\u0131z. Kime g\u00fcveniyoruz, bu \u00fclkenin insanlar\u0131na g\u00fcveniyoruz. Genel ba\u015fkanlar\u0131m\u0131zla bir araya geliyoruz. Birlikte oturuyoruz, konu\u015fuyoruz. \u0130\u00e7, d\u0131\u015f politika ve d\u00fcnyadaki geli\u015fmeleri konu\u015fuyoruz. \u0130ki ayda bir veya ayda bir bir araya gelip dertle\u015fiyoruz. Bu bizim asl\u0131nda ge\u00e7mi\u015fin olaylar\u0131ndan ders al\u0131p, daha iyi bir gelecek in\u015fa etmek i\u00e7in buldu\u011fumuz yol ve y\u00f6ntemlerdendir. Kad\u0131nlara daha fazla yer vermemiz laz\u0131m, gen\u00e7lere daha fazla yer vermemiz laz\u0131m, bunun i\u00e7in \u00e7al\u0131\u015fmal\u0131y\u0131z\u201d <\/strong><\/em>\u015feklinde konu\u015ftu.<\/p>\n<p><p class=\"imgti\"><img data-recalc-dims=\"1\" loading=\"lazy\" decoding=\"async\" src=\"https:\/\/i0.wp.com\/www.tvturk.com\/wp-content\/uploads\/2020\/01\/kilicdaroglu-partisinin-vefa-odullerini-dagitti-3.jpg?resize=600%2C389\" alt=\"CHP Genel Ba\u015fkan\u0131 K\u0131l\u0131\u00e7daro\u011flu partisinin \u2018Vefa \u00d6d\u00fclleri\u2019 program\u0131na kat\u0131ld\u0131 -4\" width=\"600\" height=\"389\"><\/p>\n<\/p>\n<p><p class=\"imgti\"><img data-recalc-dims=\"1\" loading=\"lazy\" decoding=\"async\" src=\"https:\/\/i0.wp.com\/www.tvturk.com\/wp-content\/uploads\/2020\/01\/kilicdaroglu-partisinin-vefa-odullerini-dagitti-4.jpg?resize=600%2C399\" alt=\"CHP Genel Ba\u015fkan\u0131 K\u0131l\u0131\u00e7daro\u011flu partisinin \u2018Vefa \u00d6d\u00fclleri\u2019 program\u0131na kat\u0131ld\u0131 -5\" width=\"600\" height=\"399\"><\/p><\/p>\n","protected":false},"excerpt":{"rendered":"<p>CHP Beylikd\u00fcz\u00fc \u0130l\u00e7e Te\u015fkilat\u0131 taraf\u0131ndan bu y\u0131l 4\u2019nc\u00fcs\u00fc d\u00fczenlenen \u2018Vefa \u00d6d\u00fclleri\u2019 sahiplerini buldu. \u015ei\u015fli L\u00fctfi K\u0131rdar Kongre Merkezinde d\u00fczenlenen programa CHP Genel Ba\u015fkan\u0131 Kemal K\u0131l\u0131\u00e7daro\u011flu ile birlikte eski CHP Genel Ba\u015fkan\u0131 Altan \u00d6ymen ve \u00e7ok say\u0131da partili ve davetli kat\u0131ld\u0131. \u0130stiklal Mar\u015f\u0131 ve sayg\u0131 duru\u015fu ile ba\u015flayan programda, partide uzun y\u0131llar g\u00f6rev yapan ki\u015filere \u00f6d\u00fcl [&hellip;]<\/p>\n","protected":false},"author":1,"featured_media":250804,"comment_status":"closed","ping_status":"open","sticky":false,"template":"","format":"standard","meta":{"jetpack_post_was_ever_published":false,"_jetpack_newsletter_access":"","_jetpack_dont_email_post_to_subs":false,"_jetpack_newsletter_tier_id":0,"_jetpack_memberships_contains_paywalled_content":false,"_jetpack_memberships_contains_paid_content":false,"footnotes":"","jetpack_publicize_message":"","jetpack_publicize_feature_enabled":true,"jetpack_social_post_already_shared":true,"jetpack_social_options":{"image_generator_settings":{"template":"highway","default_image_id":0,"font":"","enabled":false},"version":2}},"categories":[9],"tags":[18254,30,62166,62149,1545,62167,170,62165,453,62168],"class_list":["post-250803","post","type-post","status-publish","format-standard","has-post-thumbnail","hentry","category-siyaset","tag-beylikduzu","tag-chp","tag-cumhuriyet-halk-partisi","tag-en-son-haber","tag-haber","tag-kemal-kilicdaroglu","tag-kilicdaroglu","tag-partisinin-vefa-odullerini-dagitti","tag-turkiye","tag-vefa-odulleri"],"jetpack_publicize_connections":[],"jetpack_featured_media_url":"https:\/\/i0.wp.com\/www.tvturk.com\/wp-content\/uploads\/2020\/01\/kilicdaroglu-partisinin-vefa-odullerini-dagitti-5.jpg?fit=600%2C399","jetpack_sharing_enabled":true,"jetpack_shortlink":"https:\/\/wp.me\/paKIfm-13fd","_links":{"self":[{"href":"http:\/\/www.tvturk.com\/index.php\/wp-json\/wp\/v2\/posts\/250803","targetHints":{"allow":["GET"]}}],"collection":[{"href":"http:\/\/www.tvturk.com\/index.php\/wp-json\/wp\/v2\/posts"}],"about":[{"href":"http:\/\/www.tvturk.com\/index.php\/wp-json\/wp\/v2\/types\/post"}],"author":[{"embeddable":true,"href":"http:\/\/www.tvturk.com\/index.php\/wp-json\/wp\/v2\/users\/1"}],"replies":[{"embeddable":true,"href":"http:\/\/www.tvturk.com\/index.php\/wp-json\/wp\/v2\/comments?post=250803"}],"version-history":[{"count":0,"href":"http:\/\/www.tvturk.com\/index.php\/wp-json\/wp\/v2\/posts\/250803\/revisions"}],"wp:featuredmedia":[{"embeddable":true,"href":"http:\/\/www.tvturk.com\/index.php\/wp-json\/wp\/v2\/media\/250804"}],"wp:attachment":[{"href":"http:\/\/www.tvturk.com\/index.php\/wp-json\/wp\/v2\/media?parent=250803"}],"wp:term":[{"taxonomy":"category","embeddable":true,"href":"http:\/\/www.tvturk.com\/index.php\/wp-json\/wp\/v2\/categories?post=250803"},{"taxonomy":"post_tag","embeddable":true,"href":"http:\/\/www.tvturk.com\/index.php\/wp-json\/wp\/v2\/tags?post=250803"}],"curies":[{"name":"wp","href":"https:\/\/api.w.org\/{rel}","templated":true}]}}