{"id":250805,"date":"2020-01-03T09:39:32","date_gmt":"2020-01-03T06:39:32","guid":{"rendered":"http:\/\/www.tvturk.com\/index.php\/roman-vekiller-tbmmde-tartisti\/"},"modified":"2020-01-03T09:39:32","modified_gmt":"2020-01-03T06:39:32","slug":"roman-vekiller-tbmmde-tartisti","status":"publish","type":"post","link":"http:\/\/www.tvturk.com\/index.php\/roman-vekiller-tbmmde-tartisti\/","title":{"rendered":"Roman vekiller TBMM&#8217;de tart\u0131\u015ft\u0131"},"content":{"rendered":"<p>Genel Kurul&#8217;da devam eden\u00a02020 y\u0131l\u0131 b\u00fct\u00e7e g\u00f6r\u00fc\u015fmeleri s\u0131ras\u0131nda s\u00f6z alan\u00a0CHP \u0130zmir Milletvekili \u00d6zcan Pur\u00e7u, Roman vatanda\u015flar\u0131n sorunlar\u0131n\u0131 dile getirdi.<\/p>\n<p>Pur\u00e7u, Romanlar\u0131n\u00a0g\u00f6rmezden gelindi\u011fini, kay\u0131t d\u0131\u015f\u0131 ya\u015fad\u0131klar\u0131n\u0131, y\u00fczde 96&#8217;s\u0131n\u0131n kay\u0131t d\u0131\u015f\u0131 i\u015flerde \u00e7al\u0131\u015ft\u0131\u011f\u0131n\u0131 \u00f6ne s\u00fcrd\u00fc.<\/p>\n<p>Pur\u00e7u, <strong><em>&#8220;Kay\u0131tlarda bile yokuz arkada\u015flar,\u00a0yaz\u0131klar olsun. H\u00fck\u00fcmetin bu planlar\u0131na, projelerine yaz\u0131klar olsun. Romanlara borcunuz var, yapacaks\u0131n\u0131z. Bu b\u00fct\u00e7ede Romanlar yok, fakirler, garibanlar, i\u015f\u00e7iler, emekliler, memurlar yok,\u00a0zenginler var. Bak\u0131n, b\u00fct\u00e7ede\u00a0benim partim ilk b\u00fct\u00e7e g\u00fcn\u00fc bana konu\u015fma s\u0131ras\u0131 verdi. Oradaki milletvekiline konu\u015fma s\u0131ras\u0131 bile vermiyorsunuz,\u00a0yaz\u0131klar olsun.\u00a0Romanlara de\u011fer verin biraz&#8221; <\/em><\/strong>diye konu\u015ftu.<\/p>\n<p><img data-recalc-dims=\"1\" loading=\"lazy\" decoding=\"async\" src=\"https:\/\/i0.wp.com\/www.tvturk.com\/wp-content\/uploads\/2020\/01\/roman-vekiller-tbmmde-tartisti.jpg?resize=600%2C316\" alt=\"Roman vekiller TBMM'de tart\u0131\u015ft\u0131\" width=\"600\" height=\"316\"><\/p>\n<h4>&#8220;ROMANLARI TEM\u0130ZL\u0130\u011eE M\u0130 LAYIK G\u00d6R\u00dcYORSUNUZ?&#8221;<\/h4>\n<p>Pur\u00e7u, binlerce y\u0131ldan beri T\u00fcrkiye&#8217;de ya\u015fayan Romanlar\u0131n, devlet kadrolar\u0131nda yan\u0131zca temizlik i\u015flerine lay\u0131k g\u00f6r\u00fcld\u00fc\u011f\u00fcn\u00fc belirterek, \u015f\u00f6yle konu\u015ftu:<\/p>\n<p><em><strong>&#8220;Bak\u0131n, Roman strateji plan\u0131na g\u00f6re 2 y\u0131l \u00f6nce Romanlardan 30 \u00fcniversite mezunu var. H\u00fck\u00fcmet onlar\u0131 ge\u00e7ici i\u015fe ald\u0131, onlar\u0131 da 2 y\u0131l sonra i\u015ften\u00a0\u00e7\u0131kard\u0131n\u0131z. Ge\u00e7en g\u00fcn telefon etmi\u015fsiniz, &#8216;Temizlik\u00e7i olarak Romanlar\u0131n \u00fcniversite mezunlar\u0131n\u0131 alal\u0131m&#8217; demi\u015fsiniz. \u00dcniversite mezunu Romanlar\u0131 sadece temizli\u011fe mi lay\u0131k g\u00f6r\u00fcyorsunuz? Sizin anlay\u0131\u015f\u0131n\u0131z bu i\u015fte. Bak\u0131n, saray\u0131n g\u00fcnl\u00fck 5 milyar lira masraf\u0131 var. Bir ayl\u0131\u011f\u0131n\u0131 \u015fu Romanlara ay\u0131r\u0131n, 150 milyar yap\u0131yor. Biz konut yapal\u0131m bari, \u00e7ad\u0131rda ya\u015famas\u0131nlar. Size \u00f6nerim bu olsun.&#8221;<\/strong><\/em><\/p>\n<h4>&#8220;ROMAN \u00c7OCUKLARI BIRAKIN, \u00d6ZCAN&#8217;IN KEND\u0130 BELED\u0130YEYE G\u0130REM\u0130YOR&#8221;<\/h4>\n<p>AK Parti&#8217;li Cemal Bekle, Pur\u00e7u&#8217;nun s\u00f6zleri \u00fczerine k\u00fcrs\u00fcye gelerek AK Parti&#8217;nin Roman vatanda\u015flara y\u00f6nelik \u00e7al\u0131\u015fmalar\u0131n\u0131 anlatt\u0131.<\/p>\n<p>Bekle, Cumhurba\u015fkan\u0131 Recep Tayyip Erdo\u011fan&#8217;\u0131n, <em><strong>&#8220;Benim Roman karde\u015fimin hakk\u0131n\u0131 hukukunu kimse \u00e7i\u011fneyemez.\u00a0\u00c7i\u011fneyen, kar\u015f\u0131s\u0131nda beni bulur. Bu \u00fclkede \u00f6z\u00fcr dilenecek bir toplum varsa o da benim Roman karde\u015flerimdir&#8221;<\/strong><\/em> s\u00f6zlerini an\u0131msatt\u0131.<\/p>\n<p><img data-recalc-dims=\"1\" loading=\"lazy\" decoding=\"async\" src=\"https:\/\/i0.wp.com\/www.tvturk.com\/wp-content\/uploads\/2020\/01\/roman-vekiller-tbmmde-tartisti-1.jpg?resize=600%2C446\" alt=\"Roman vekiller TBMM'de tart\u0131\u015ft\u0131\" width=\"600\" height=\"446\"><\/p>\n<p><em><strong>&#8220;Bug\u00fcn Romanlar ad\u0131na ne yap\u0131ld\u0131ysa, alt alta sayar\u0131m,\u00a0hepsi AK Parti h\u00fck\u00fcmeti d\u00f6neminde yap\u0131lm\u0131\u015ft\u0131r&#8221;<\/strong><\/em> diyen Bekle, s\u00f6zlerini \u015f\u00f6yle s\u00fcrd\u00fcrd\u00fc:<\/p>\n<p><em><strong>&#8220;\u00d6zcan karde\u015fimin, hakl\u0131 oldu\u011fu noktalar vard\u0131r. Biz stratejik eylem raporu yapt\u0131k, eylem raporunu yazd\u0131k.\u00a0Biz, K\u00fclt\u00fcr Bakanl\u0131\u011f\u0131&#8217;nda ne yapt\u0131k, gelsin anlatal\u0131m.\u00a0Biz bakanl\u0131klarda ne yapt\u0131k, gelsin anlatal\u0131m. Burada y\u00fcce Meclis&#8217;in \u00f6n\u00fcnde, halk\u0131m\u0131z\u0131n \u00f6n\u00fcnde bir kere daha kendisine s\u00f6yl\u00fcyorum,\u00a0biz isti\u015fareye a\u00e7\u0131\u011f\u0131z, biz ortak ak\u0131lla politika \u00fcretmeye haz\u0131r\u0131z. Buyursun gelsin, 2 Roman \u00e7ocu\u011fu olarak ne istiyorsa beraber yapal\u0131m ama bana anlats\u0131n. Bize anlats\u0131n, \u00e7\u0131ks\u0131n burada yerel belediyecilikte CHP ne yapm\u0131\u015ft\u0131r,\u00a0bize onu anlats\u0131n \u00d6zcan,\u00a0ka\u00e7 tane Roman \u00e7ocu\u011funun i\u015fe girmedi\u011fini. Roman \u00e7ocuklar\u0131n\u0131n belediyeye girmesini b\u0131rak\u0131n, \u00d6zcan&#8217;\u0131n kendi belediyeye giremiyor. Biz haz\u0131r\u0131z arkada\u015flar, biz politikalar\u0131m\u0131zdan eminiz. Rabbimin izniyle de yap\u0131lacak ne varsa gerekirse i\u015f birli\u011fine de a\u00e7\u0131\u011f\u0131z \u00d6zcan karde\u015fimizle.&#8221;<\/strong><\/em><\/p>\n<p><em><strong><img data-recalc-dims=\"1\" loading=\"lazy\" decoding=\"async\" src=\"https:\/\/i0.wp.com\/www.tvturk.com\/wp-content\/uploads\/2020\/01\/roman-vekiller-tbmmde-tartisti-2.jpg?resize=600%2C382\" alt=\"Roman vekiller TBMM'de tart\u0131\u015ft\u0131\" width=\"600\" height=\"382\"><br \/><\/strong><\/em><\/p>\n","protected":false},"excerpt":{"rendered":"<p>Genel Kurul&#8217;da devam eden\u00a02020 y\u0131l\u0131 b\u00fct\u00e7e g\u00f6r\u00fc\u015fmeleri s\u0131ras\u0131nda s\u00f6z alan\u00a0CHP \u0130zmir Milletvekili \u00d6zcan Pur\u00e7u, Roman vatanda\u015flar\u0131n sorunlar\u0131n\u0131 dile getirdi. Pur\u00e7u, Romanlar\u0131n\u00a0g\u00f6rmezden gelindi\u011fini, kay\u0131t d\u0131\u015f\u0131 ya\u015fad\u0131klar\u0131n\u0131, y\u00fczde 96&#8217;s\u0131n\u0131n kay\u0131t d\u0131\u015f\u0131 i\u015flerde \u00e7al\u0131\u015ft\u0131\u011f\u0131n\u0131 \u00f6ne s\u00fcrd\u00fc. Pur\u00e7u, &#8220;Kay\u0131tlarda bile yokuz arkada\u015flar,\u00a0yaz\u0131klar olsun. H\u00fck\u00fcmetin bu planlar\u0131na, projelerine yaz\u0131klar olsun. Romanlara borcunuz var, yapacaks\u0131n\u0131z. Bu b\u00fct\u00e7ede Romanlar yok, fakirler, garibanlar, [&hellip;]<\/p>\n","protected":false},"author":1,"featured_media":250806,"comment_status":"closed","ping_status":"open","sticky":false,"template":"","format":"standard","meta":{"jetpack_post_was_ever_published":false,"_jetpack_newsletter_access":"","_jetpack_dont_email_post_to_subs":false,"_jetpack_newsletter_tier_id":0,"_jetpack_memberships_contains_paywalled_content":false,"_jetpack_memberships_contains_paid_content":false,"footnotes":"","jetpack_publicize_message":"","jetpack_publicize_feature_enabled":true,"jetpack_social_post_already_shared":true,"jetpack_social_options":{"image_generator_settings":{"template":"highway","default_image_id":0,"font":"","enabled":false},"version":2}},"categories":[9],"tags":[62157,62170,30,62149,1545,62171,62169,3424],"class_list":["post-250805","post","type-post","status-publish","format-standard","has-post-thumbnail","hentry","category-siyaset","tag-ak-parti","tag-cemal-bekle","tag-chp","tag-en-son-haber","tag-haber","tag-ozcan-purcu","tag-roman-vekiller-tbmmde-tartisti","tag-tbmm"],"jetpack_publicize_connections":[],"jetpack_featured_media_url":"https:\/\/i0.wp.com\/www.tvturk.com\/wp-content\/uploads\/2020\/01\/roman-vekiller-tbmmde-tartisti-3.jpg?fit=620%2C380","jetpack_sharing_enabled":true,"jetpack_shortlink":"https:\/\/wp.me\/paKIfm-13ff","_links":{"self":[{"href":"http:\/\/www.tvturk.com\/index.php\/wp-json\/wp\/v2\/posts\/250805","targetHints":{"allow":["GET"]}}],"collection":[{"href":"http:\/\/www.tvturk.com\/index.php\/wp-json\/wp\/v2\/posts"}],"about":[{"href":"http:\/\/www.tvturk.com\/index.php\/wp-json\/wp\/v2\/types\/post"}],"author":[{"embeddable":true,"href":"http:\/\/www.tvturk.com\/index.php\/wp-json\/wp\/v2\/users\/1"}],"replies":[{"embeddable":true,"href":"http:\/\/www.tvturk.com\/index.php\/wp-json\/wp\/v2\/comments?post=250805"}],"version-history":[{"count":0,"href":"http:\/\/www.tvturk.com\/index.php\/wp-json\/wp\/v2\/posts\/250805\/revisions"}],"wp:featuredmedia":[{"embeddable":true,"href":"http:\/\/www.tvturk.com\/index.php\/wp-json\/wp\/v2\/media\/250806"}],"wp:attachment":[{"href":"http:\/\/www.tvturk.com\/index.php\/wp-json\/wp\/v2\/media?parent=250805"}],"wp:term":[{"taxonomy":"category","embeddable":true,"href":"http:\/\/www.tvturk.com\/index.php\/wp-json\/wp\/v2\/categories?post=250805"},{"taxonomy":"post_tag","embeddable":true,"href":"http:\/\/www.tvturk.com\/index.php\/wp-json\/wp\/v2\/tags?post=250805"}],"curies":[{"name":"wp","href":"https:\/\/api.w.org\/{rel}","templated":true}]}}