{"id":250807,"date":"2020-01-03T09:39:42","date_gmt":"2020-01-03T06:39:42","guid":{"rendered":"http:\/\/www.tvturk.com\/index.php\/hdpli-vekil-tutuklulara-kurtce-saglik-hizmeti-olmali\/"},"modified":"2020-01-03T09:39:42","modified_gmt":"2020-01-03T06:39:42","slug":"hdpli-vekil-tutuklulara-kurtce-saglik-hizmeti-olmali","status":"publish","type":"post","link":"http:\/\/www.tvturk.com\/index.php\/hdpli-vekil-tutuklulara-kurtce-saglik-hizmeti-olmali\/","title":{"rendered":"HDP&#8217;li vekil: Tutuklulara K\u00fcrt\u00e7e sa\u011fl\u0131k hizmeti olmal\u0131"},"content":{"rendered":"<p>TBMM Genel Kurulunda g\u00f6r\u00fc\u015f\u00fclen \u0130\u00e7i\u015fleri, Sa\u011fl\u0131k ile \u00c7evre ve \u015eehircilik Bakanl\u0131klar\u0131n\u0131n b\u00fct\u00e7eleri \u00fczerinde HDP grubu ad\u0131na konu\u015fmalar yap\u0131ld\u0131.<\/p>\n<h4>&#8220;TUTSAKLARA K\u00dcRT\u00c7E SA\u011eLIK H\u0130ZMET\u0130 OLMALI&#8221;<\/h4>\n<p>HDP I\u011fd\u0131r Milletvekili Habib Eksik, 2020 y\u0131l\u0131 b\u00fct\u00e7esini ele\u015ftirirken, cezaevindeki ter\u00f6r \u00f6rg\u00fct\u00fc \u00fcyelerinden <em><strong>&#8220;tutsak&#8221; <\/strong><\/em>olarak bahsederek, \u015funlar\u0131 s\u00f6yledi:<\/p>\n<p><em><strong>&#8220;Ben bir hekim olarak T\u00fcrk\u00e7e bilmedi\u011fi i\u00e7in derdini anlatamayan y\u00fczlerce hastaya tan\u0131k oldum. Cezaevindeki tutsaklara ana dilde sa\u011fl\u0131k hizmeti hakt\u0131r ve verilmelidir.&#8221;<\/strong><\/em><\/p>\n<p>HDP&#8217;li vekil: Tutuklulara K\u00fcrt\u00e7e sa\u011fl\u0131k hizmeti olmal\u0131<\/p>\n<p><iframe allowfullscreen=\"true\" webkitallowfullscreen=\"true\" mozallowfullscreen=\"true\" style=\"display:block; max-width:600px;\"><\/iframe><\/p>\n","protected":false},"excerpt":{"rendered":"<p>TBMM Genel Kurulunda g\u00f6r\u00fc\u015f\u00fclen \u0130\u00e7i\u015fleri, Sa\u011fl\u0131k ile \u00c7evre ve \u015eehircilik Bakanl\u0131klar\u0131n\u0131n b\u00fct\u00e7eleri \u00fczerinde HDP grubu ad\u0131na konu\u015fmalar yap\u0131ld\u0131. &#8220;TUTSAKLARA K\u00dcRT\u00c7E SA\u011eLIK H\u0130ZMET\u0130 OLMALI&#8221; HDP I\u011fd\u0131r Milletvekili Habib Eksik, 2020 y\u0131l\u0131 b\u00fct\u00e7esini ele\u015ftirirken, cezaevindeki ter\u00f6r \u00f6rg\u00fct\u00fc \u00fcyelerinden &#8220;tutsak&#8221; olarak bahsederek, \u015funlar\u0131 s\u00f6yledi: &#8220;Ben bir hekim olarak T\u00fcrk\u00e7e bilmedi\u011fi i\u00e7in derdini anlatamayan y\u00fczlerce hastaya tan\u0131k oldum. Cezaevindeki [&hellip;]<\/p>\n","protected":false},"author":1,"featured_media":250808,"comment_status":"closed","ping_status":"open","sticky":false,"template":"","format":"standard","meta":{"jetpack_post_was_ever_published":false,"_jetpack_newsletter_access":"","_jetpack_dont_email_post_to_subs":false,"_jetpack_newsletter_tier_id":0,"_jetpack_memberships_contains_paywalled_content":false,"_jetpack_memberships_contains_paid_content":false,"footnotes":"","jetpack_publicize_message":"","jetpack_publicize_feature_enabled":true,"jetpack_social_post_already_shared":true,"jetpack_social_options":{"image_generator_settings":{"template":"highway","default_image_id":0,"font":"","enabled":false},"version":2}},"categories":[9],"tags":[1137,62149,1545,62173,3328,62172,62176,3424,62175,62174],"class_list":["post-250807","post","type-post","status-publish","format-standard","has-post-thumbnail","hentry","category-siyaset","tag-pkk","tag-en-son-haber","tag-haber","tag-habib-eksik","tag-hdp","tag-hdpli-vekil-tutuklulara-kurtce-saglik-hizmeti-olmali","tag-kurtce-saglik-hizmeti","tag-tbmm","tag-teror-orgutu","tag-tetutuklular"],"jetpack_publicize_connections":[],"jetpack_featured_media_url":"https:\/\/i0.wp.com\/www.tvturk.com\/wp-content\/uploads\/2020\/01\/hdpli-vekil-tutuklulara-kurtce-saglik-hizmeti-olmali.jpg?fit=620%2C380","jetpack_sharing_enabled":true,"jetpack_shortlink":"https:\/\/wp.me\/paKIfm-13fh","_links":{"self":[{"href":"http:\/\/www.tvturk.com\/index.php\/wp-json\/wp\/v2\/posts\/250807","targetHints":{"allow":["GET"]}}],"collection":[{"href":"http:\/\/www.tvturk.com\/index.php\/wp-json\/wp\/v2\/posts"}],"about":[{"href":"http:\/\/www.tvturk.com\/index.php\/wp-json\/wp\/v2\/types\/post"}],"author":[{"embeddable":true,"href":"http:\/\/www.tvturk.com\/index.php\/wp-json\/wp\/v2\/users\/1"}],"replies":[{"embeddable":true,"href":"http:\/\/www.tvturk.com\/index.php\/wp-json\/wp\/v2\/comments?post=250807"}],"version-history":[{"count":0,"href":"http:\/\/www.tvturk.com\/index.php\/wp-json\/wp\/v2\/posts\/250807\/revisions"}],"wp:featuredmedia":[{"embeddable":true,"href":"http:\/\/www.tvturk.com\/index.php\/wp-json\/wp\/v2\/media\/250808"}],"wp:attachment":[{"href":"http:\/\/www.tvturk.com\/index.php\/wp-json\/wp\/v2\/media?parent=250807"}],"wp:term":[{"taxonomy":"category","embeddable":true,"href":"http:\/\/www.tvturk.com\/index.php\/wp-json\/wp\/v2\/categories?post=250807"},{"taxonomy":"post_tag","embeddable":true,"href":"http:\/\/www.tvturk.com\/index.php\/wp-json\/wp\/v2\/tags?post=250807"}],"curies":[{"name":"wp","href":"https:\/\/api.w.org\/{rel}","templated":true}]}}