{"id":250811,"date":"2020-01-03T09:40:03","date_gmt":"2020-01-03T06:40:03","guid":{"rendered":"http:\/\/www.tvturk.com\/index.php\/soyludan-hdplilere-bu-butce-diyarbakir-annelerinin\/"},"modified":"2020-01-03T09:40:03","modified_gmt":"2020-01-03T06:40:03","slug":"soyludan-hdplilere-bu-butce-diyarbakir-annelerinin","status":"publish","type":"post","link":"http:\/\/www.tvturk.com\/index.php\/soyludan-hdplilere-bu-butce-diyarbakir-annelerinin\/","title":{"rendered":"Soylu&#8217;dan HDP&#8217;lilere: Bu b\u00fct\u00e7e Diyarbak\u0131r annelerinin"},"content":{"rendered":"<p>TBMM Genel Kurulu&#8217;nda, \u0130\u00e7i\u015fleri Bakanl\u0131\u011f\u0131&#8217;n\u0131n 2020 b\u00fct\u00e7esi g\u00f6r\u00fc\u015fmelerinde Bakan Soylu ile HDP&#8217;li vekiller aras\u0131nda tart\u0131\u015fma ya\u015fand\u0131.<\/p>\n<h4>&#8220;BEN PKK T\u00dcZ\u00dc\u011e\u00dc DE\u011e\u0130L, ANAYASA K\u0130TABI OKURUM&#8221;<\/h4>\n<p>Haz\u0131rlanan b\u00fct\u00e7enin, sava\u015f b\u00fct\u00e7esi oldu\u011fu \u015feklindeki s\u00f6yleme tepki g\u00f6steren Bakan Soylu, <em><strong>&#8220;Bu bir sava\u015f b\u00fct\u00e7esi de\u011fildir. Bu b\u00fct\u00e7e, Diyarbak\u0131r annelerinin b\u00fct\u00e7esidir. Ben T\u00fcrkiye Cumhuriyeti Anayasas\u0131 kitab\u0131n\u0131 okurum. PKK t\u00fcz\u00fc\u011f\u00fcn\u00fc okumam&#8221;<\/strong><\/em> dedi.<\/p>\n<p>Soylu&#8217;dan HDP&#8217;lilere: Bu b\u00fct\u00e7e Diyarbak\u0131r annelerinin<\/p>\n<p><iframe allowfullscreen=\"true\" webkitallowfullscreen=\"true\" mozallowfullscreen=\"true\" style=\"display:block; max-width:600px;\"><\/iframe><\/p>\n<h4>&#8220;BU BELED\u0130YE BA\u015eKANLARI 286 YIL CEZA ALDI&#8221;<\/h4>\n<p>Soylu&#8217;nun HDP&#8217;ye y\u00f6nelik s\u00f6zleri sonras\u0131, tansiyon y\u00fckseldi. Kayyum atanan HDP&#8217;li belediyelere de\u011finen Soylu, g\u00f6revden al\u0131nan belediye ba\u015fkanlar\u0131n\u0131n halk taraf\u0131ndan se\u00e7ildi\u011fi s\u00f6ylemlerini hat\u0131rlatarak, <em><strong>&#8220;Dikkatinizi \u00e7ekerim, bu belediye ba\u015fkanlar\u0131 toplamda 286 y\u0131l hapis cezas\u0131 ald\u0131&#8221;<\/strong><\/em> dedi.<\/p>\n<h4>&#8220;T\u00dcRK\u0130YE, AYAKLARI \u00dcZER\u0130NDE DURAN B\u0130R \u00dcLKE OLDU&#8221;<\/h4>\n<p>T\u00fcrkiye&#8217;nin g\u00fcvenlik meselesine sadece PKK ekseninden bakmad\u0131\u011f\u0131n\u0131 kaydeden Soylu, \u015f\u00f6yle konu\u015ftu:<\/p>\n<p><em><strong>&#8220;T\u00fcrkiye kendi milli politikas\u0131n\u0131 \u00fcreten yeni bir anlay\u0131\u015f benimsemi\u015ftir. T\u00fcrkiye bug\u00fcn savunma sanayide ihracat\u00e7\u0131 \u00fclke konumuna geldiyse, 15 Temmuz darbesini p\u00fcsk\u00fcrt\u00fcp, hemen arkas\u0131ndan F\u0131rat Kalkan\u0131 Harekat\u0131&#8217;n\u0131 yapt\u0131ysa, bunun pe\u015fine Zeytin Dal\u0131 Harekat\u0131&#8217;yla Afrin&#8217;e girerek, PKK YPG&#8217;nin ter\u00f6r koridoruna darbeyi vurmu\u015ftur. Pen\u00e7e&#8217;yi ba\u015flatarak Kandil&#8217;e odakland\u0131. Bar\u0131\u015f P\u0131nar\u0131 Harekat\u0131&#8217;yla PKK\/YPG hayallerini s\u00f6nd\u00fcrd\u00fc. T\u00fcrkiye ayaklar\u0131 \u00fczerinde duran bir \u00fclke haline geldi.&#8221;<\/strong><\/em><\/p>\n","protected":false},"excerpt":{"rendered":"<p>TBMM Genel Kurulu&#8217;nda, \u0130\u00e7i\u015fleri Bakanl\u0131\u011f\u0131&#8217;n\u0131n 2020 b\u00fct\u00e7esi g\u00f6r\u00fc\u015fmelerinde Bakan Soylu ile HDP&#8217;li vekiller aras\u0131nda tart\u0131\u015fma ya\u015fand\u0131. &#8220;BEN PKK T\u00dcZ\u00dc\u011e\u00dc DE\u011e\u0130L, ANAYASA K\u0130TABI OKURUM&#8221; Haz\u0131rlanan b\u00fct\u00e7enin, sava\u015f b\u00fct\u00e7esi oldu\u011fu \u015feklindeki s\u00f6yleme tepki g\u00f6steren Bakan Soylu, &#8220;Bu bir sava\u015f b\u00fct\u00e7esi de\u011fildir. Bu b\u00fct\u00e7e, Diyarbak\u0131r annelerinin b\u00fct\u00e7esidir. Ben T\u00fcrkiye Cumhuriyeti Anayasas\u0131 kitab\u0131n\u0131 okurum. PKK t\u00fcz\u00fc\u011f\u00fcn\u00fc okumam&#8221; dedi. Soylu&#8217;dan [&hellip;]<\/p>\n","protected":false},"author":1,"featured_media":250812,"comment_status":"closed","ping_status":"open","sticky":false,"template":"","format":"standard","meta":{"jetpack_post_was_ever_published":false,"_jetpack_newsletter_access":"","_jetpack_dont_email_post_to_subs":false,"_jetpack_newsletter_tier_id":0,"_jetpack_memberships_contains_paywalled_content":false,"_jetpack_memberships_contains_paid_content":false,"footnotes":"","jetpack_publicize_message":"","jetpack_publicize_feature_enabled":true,"jetpack_social_post_already_shared":true,"jetpack_social_options":{"image_generator_settings":{"template":"highway","default_image_id":0,"font":"","enabled":false},"version":2}},"categories":[9],"tags":[1137,13190,62181,62149,1545,3328,62179,62178,62180,3424,62175],"class_list":["post-250811","post","type-post","status-publish","format-standard","has-post-thumbnail","hentry","category-siyaset","tag-pkk","tag-butce","tag-diyarbakir-anneleri","tag-en-son-haber","tag-haber","tag-hdp","tag-icisleri-bakani","tag-soyludan-hdplilere-bu-butce-diyarbakir-annelerinin","tag-suleyman-soylu","tag-tbmm","tag-teror-orgutu"],"jetpack_publicize_connections":[],"jetpack_featured_media_url":"https:\/\/i0.wp.com\/www.tvturk.com\/wp-content\/uploads\/2020\/01\/soyludan-hdplilere-bu-butce-diyarbakir-annelerinin.jpg?fit=620%2C380","jetpack_sharing_enabled":true,"jetpack_shortlink":"https:\/\/wp.me\/paKIfm-13fl","_links":{"self":[{"href":"http:\/\/www.tvturk.com\/index.php\/wp-json\/wp\/v2\/posts\/250811","targetHints":{"allow":["GET"]}}],"collection":[{"href":"http:\/\/www.tvturk.com\/index.php\/wp-json\/wp\/v2\/posts"}],"about":[{"href":"http:\/\/www.tvturk.com\/index.php\/wp-json\/wp\/v2\/types\/post"}],"author":[{"embeddable":true,"href":"http:\/\/www.tvturk.com\/index.php\/wp-json\/wp\/v2\/users\/1"}],"replies":[{"embeddable":true,"href":"http:\/\/www.tvturk.com\/index.php\/wp-json\/wp\/v2\/comments?post=250811"}],"version-history":[{"count":0,"href":"http:\/\/www.tvturk.com\/index.php\/wp-json\/wp\/v2\/posts\/250811\/revisions"}],"wp:featuredmedia":[{"embeddable":true,"href":"http:\/\/www.tvturk.com\/index.php\/wp-json\/wp\/v2\/media\/250812"}],"wp:attachment":[{"href":"http:\/\/www.tvturk.com\/index.php\/wp-json\/wp\/v2\/media?parent=250811"}],"wp:term":[{"taxonomy":"category","embeddable":true,"href":"http:\/\/www.tvturk.com\/index.php\/wp-json\/wp\/v2\/categories?post=250811"},{"taxonomy":"post_tag","embeddable":true,"href":"http:\/\/www.tvturk.com\/index.php\/wp-json\/wp\/v2\/tags?post=250811"}],"curies":[{"name":"wp","href":"https:\/\/api.w.org\/{rel}","templated":true}]}}