{"id":250813,"date":"2020-01-03T09:40:14","date_gmt":"2020-01-03T06:40:14","guid":{"rendered":"http:\/\/www.tvturk.com\/index.php\/ingilterede-secimin-kaybedeni-corbyn-istifa-ediyor\/"},"modified":"2020-01-03T09:40:14","modified_gmt":"2020-01-03T06:40:14","slug":"ingilterede-secimin-kaybedeni-corbyn-istifa-ediyor","status":"publish","type":"post","link":"http:\/\/www.tvturk.com\/index.php\/ingilterede-secimin-kaybedeni-corbyn-istifa-ediyor\/","title":{"rendered":"\u0130ngiltere&#8217;de se\u00e7imin kaybedeni Corbyn istifa ediyor"},"content":{"rendered":"<p>Se\u00e7menlerine ve medyan\u0131n bask\u0131s\u0131 ile kar\u015f\u0131 kar\u015f\u0131ya kalan ailesi, arkada\u015flar\u0131 ve e\u015fine te\u015fekk\u00fcr eden \u0130\u015f\u00e7i Partisi Genel Ba\u015fkan\u0131 Jeremy Corbyn, \u015funlar\u0131 s\u00f6yledi:<\/p>\n<h4>&#8220;B\u00dcY\u00dcK HAYAL KIRIKLI\u011eI&#8221;<\/h4>\n<p><em><strong>&#8220;Partim ad\u0131na b\u00fcy\u00fck hayal k\u0131r\u0131kl\u0131\u011f\u0131na yol a\u00e7an bir gece oldu. Ancak \u015funu s\u00f6ylemek istiyorum, bu se\u00e7im kampanyas\u0131nda bir umut bildirisi sunduk.&#8221;<\/strong><\/em><\/p>\n<p><em><strong><\/p>\n<p class=\"imgtr\"><img data-recalc-dims=\"1\" loading=\"lazy\" decoding=\"async\" src=\"https:\/\/i0.wp.com\/www.tvturk.com\/wp-content\/uploads\/2020\/01\/ingilterede-secimin-kaybedeni-corbyn-istifa-ediyor.jpg?resize=600%2C389\" alt=\"\u0130ngiltere'de se\u00e7imin kaybedeni Corbyn istifa ediyor\" width=\"600\" height=\"389\"><\/p>\n<p><\/strong><\/em><\/p>\n<h4>&#8220;G\u00d6REV\u0130M\u0130 BIRAKIYORUM&#8221;<\/h4>\n<p>Brexit nedeniyle se\u00e7im tart\u0131\u015fmalar\u0131n\u0131n \u00e7ok fazla kutupla\u015fmaya neden oldu\u011funu normal siyaseti b\u00fcy\u00fck oranda g\u00f6lgeledi\u011fini savunan Jeremy Corbyn, g\u00f6revinden istifa edece\u011fini belirtti.<\/p>\n<p>\u0130stifas\u0131 i\u00e7in bir tarih vermeyen Corbyn&#8217;in, k\u0131sa bir s\u00fcre daha partiye liderlik etmesi bekleniyor.<em><strong> <\/strong><\/em><\/p>\n<p><em><strong><\/p>\n<p class=\"imgtr\"><img data-recalc-dims=\"1\" loading=\"lazy\" decoding=\"async\" src=\"https:\/\/i0.wp.com\/www.tvturk.com\/wp-content\/uploads\/2020\/01\/ingilterede-secimin-kaybedeni-corbyn-istifa-ediyor-1.jpg?resize=600%2C426\" alt=\"\u0130ngiltere'de se\u00e7imin kaybedeni Corbyn istifa ediyor\" width=\"600\" height=\"426\"><\/p>\n<p><\/strong><\/em><\/p>\n<h4>\u0130\u015e\u00c7\u0130 PART\u0130S\u0130 ADINA TAR\u0130H\u0130 HEZ\u0130MET<\/h4>\n<p>\u0130\u015f\u00e7i Partisi&#8217;nin son se\u00e7imde ald\u0131\u011f\u0131 tarihi yenilgi, 1924&#8217;ten bu yana en a\u011f\u0131r se\u00e7im hezimeti olarak kayda ge\u00e7ti.<\/p>\n<p><img data-recalc-dims=\"1\" loading=\"lazy\" decoding=\"async\" src=\"https:\/\/i0.wp.com\/www.tvturk.com\/wp-content\/uploads\/2020\/01\/ingilterede-secimin-kaybedeni-corbyn-istifa-ediyor-2.jpg?resize=600%2C367\" alt=\"\u0130ngiltere'de se\u00e7imin kaybedeni Corbyn istifa ediyor\" width=\"600\" height=\"367\"><\/p>\n","protected":false},"excerpt":{"rendered":"<p>Se\u00e7menlerine ve medyan\u0131n bask\u0131s\u0131 ile kar\u015f\u0131 kar\u015f\u0131ya kalan ailesi, arkada\u015flar\u0131 ve e\u015fine te\u015fekk\u00fcr eden \u0130\u015f\u00e7i Partisi Genel Ba\u015fkan\u0131 Jeremy Corbyn, \u015funlar\u0131 s\u00f6yledi: &#8220;B\u00dcY\u00dcK HAYAL KIRIKLI\u011eI&#8221; &#8220;Partim ad\u0131na b\u00fcy\u00fck hayal k\u0131r\u0131kl\u0131\u011f\u0131na yol a\u00e7an bir gece oldu. Ancak \u015funu s\u00f6ylemek istiyorum, bu se\u00e7im kampanyas\u0131nda bir umut bildirisi sunduk.&#8221; &#8220;G\u00d6REV\u0130M\u0130 BIRAKIYORUM&#8221; Brexit nedeniyle se\u00e7im tart\u0131\u015fmalar\u0131n\u0131n \u00e7ok fazla kutupla\u015fmaya [&hellip;]<\/p>\n","protected":false},"author":1,"featured_media":250814,"comment_status":"closed","ping_status":"open","sticky":false,"template":"","format":"standard","meta":{"jetpack_post_was_ever_published":false,"_jetpack_newsletter_access":"","_jetpack_dont_email_post_to_subs":false,"_jetpack_newsletter_tier_id":0,"_jetpack_memberships_contains_paywalled_content":false,"_jetpack_memberships_contains_paid_content":false,"footnotes":"","jetpack_publicize_message":"","jetpack_publicize_feature_enabled":true,"jetpack_social_post_already_shared":true,"jetpack_social_options":{"image_generator_settings":{"template":"highway","default_image_id":0,"font":"","enabled":false},"version":2}},"categories":[9],"tags":[62183,62149,1545,838,62182,62184,31,62185,402],"class_list":["post-250813","post","type-post","status-publish","format-standard","has-post-thumbnail","hentry","category-siyaset","tag-boris-johnson","tag-en-son-haber","tag-haber","tag-ingiltere","tag-ingilterede-secimin-kaybedeni-corbyn-istifa-ediyor","tag-isci-partisi","tag-istifa","tag-jeremy-corbyn","tag-secim"],"jetpack_publicize_connections":[],"jetpack_featured_media_url":"https:\/\/i0.wp.com\/www.tvturk.com\/wp-content\/uploads\/2020\/01\/ingilterede-secimin-kaybedeni-corbyn-istifa-ediyor-3.jpg?fit=620%2C380","jetpack_sharing_enabled":true,"jetpack_shortlink":"https:\/\/wp.me\/paKIfm-13fn","_links":{"self":[{"href":"http:\/\/www.tvturk.com\/index.php\/wp-json\/wp\/v2\/posts\/250813","targetHints":{"allow":["GET"]}}],"collection":[{"href":"http:\/\/www.tvturk.com\/index.php\/wp-json\/wp\/v2\/posts"}],"about":[{"href":"http:\/\/www.tvturk.com\/index.php\/wp-json\/wp\/v2\/types\/post"}],"author":[{"embeddable":true,"href":"http:\/\/www.tvturk.com\/index.php\/wp-json\/wp\/v2\/users\/1"}],"replies":[{"embeddable":true,"href":"http:\/\/www.tvturk.com\/index.php\/wp-json\/wp\/v2\/comments?post=250813"}],"version-history":[{"count":0,"href":"http:\/\/www.tvturk.com\/index.php\/wp-json\/wp\/v2\/posts\/250813\/revisions"}],"wp:featuredmedia":[{"embeddable":true,"href":"http:\/\/www.tvturk.com\/index.php\/wp-json\/wp\/v2\/media\/250814"}],"wp:attachment":[{"href":"http:\/\/www.tvturk.com\/index.php\/wp-json\/wp\/v2\/media?parent=250813"}],"wp:term":[{"taxonomy":"category","embeddable":true,"href":"http:\/\/www.tvturk.com\/index.php\/wp-json\/wp\/v2\/categories?post=250813"},{"taxonomy":"post_tag","embeddable":true,"href":"http:\/\/www.tvturk.com\/index.php\/wp-json\/wp\/v2\/tags?post=250813"}],"curies":[{"name":"wp","href":"https:\/\/api.w.org\/{rel}","templated":true}]}}