{"id":250817,"date":"2020-01-03T09:40:37","date_gmt":"2020-01-03T06:40:37","guid":{"rendered":"http:\/\/www.tvturk.com\/index.php\/cumhurbaskani-erdogandan-romanlar-icin-yeni-acilim\/"},"modified":"2020-01-03T09:40:37","modified_gmt":"2020-01-03T06:40:37","slug":"cumhurbaskani-erdogandan-romanlar-icin-yeni-acilim","status":"publish","type":"post","link":"http:\/\/www.tvturk.com\/index.php\/cumhurbaskani-erdogandan-romanlar-icin-yeni-acilim\/","title":{"rendered":"Cumhurba\u015fkan\u0131 Erdo\u011fan&#8217;dan Romanlar i\u00e7in yeni a\u00e7\u0131l\u0131m"},"content":{"rendered":"<p>T\u00fcrkiye Cumhurba\u015fkan\u0131 Erdo\u011fan imzas\u0131yla yay\u0131nlanan genelgede, &#8216;Roman Vatanda\u015flara Y\u00f6nelik Strateji Belgesi (2016-2021) II. A\u015fama Eylem Plan\u0131&#8217;n\u0131n (2019-2021) Aile, \u00c7al\u0131\u015fma ve Sosyal Hizmetler Bakanl\u0131\u011f\u0131&#8217;n\u0131n resmi internet adresinde yay\u0131nlanaca\u011f\u0131 belirtildi.<\/p>\n<p>Cumhurba\u015fkan\u0131 Erdo\u011fan genelgede, s\u00f6z konusu eylem plan\u0131n\u0131n ilgili t\u00fcm payda\u015flar taraf\u0131ndan uygulamaya konulaca\u011f\u0131n\u0131 duyurdu.<\/p>\n<p>Eylem plan\u0131n\u0131n uygulanmas\u0131nda ilgili bakanl\u0131klar ile kurum ve kurulu\u015flarca azami gayret g\u00f6sterilece\u011fini kaydeden Erdo\u011fan, <em><strong>&#8220;\u0130htiya\u00e7 duyulacak her t\u00fcrl\u00fc destek ve yard\u0131m sa\u011flanacakt\u0131r&#8221;<\/strong><\/em> ifadelerini kulland\u0131.<\/p>\n<p><p class=\"imgtd\"><img data-recalc-dims=\"1\" loading=\"lazy\" decoding=\"async\" src=\"https:\/\/i0.wp.com\/www.tvturk.com\/wp-content\/uploads\/2020\/01\/cumhurbaskani-erdogandan-romanlar-icin-yeni-acilim.jpg?resize=600%2C399\" alt=\"Cumhurba\u015fkan\u0131 Erdo\u011fan'dan Romanlar i\u00e7in yeni a\u00e7\u0131l\u0131m\" width=\"600\" height=\"399\"><\/p>\n<\/p>\n<h4>\u0130LK EYLEM PLANI 2016&#8217;DA YAYINLANMI\u015eTI<\/h4>\n<p>Cumhurba\u015fkan\u0131 Recep Tayyip Erdo\u011fan&#8217;\u0131n ba\u015fbakanl\u0131\u011f\u0131 d\u00f6neminde ba\u015flat\u0131lan ve 2021&#8217;e kadar devam etmesi planlanan &#8216;Roman a\u00e7\u0131l\u0131m\u0131&#8217; kapsam\u0131nda, &#8216;Roman Vatanda\u015flara Y\u00f6nelik Strateji Belgesi ile I. A\u015fama Eylem Plan\u0131&#8217; 30 Nisan 2016&#8217;da yay\u0131nlanm\u0131\u015ft\u0131.<\/p>\n<p>Resmi Gazete&#8217;de yay\u0131mlanarak y\u00fcr\u00fcrl\u00fc\u011fe giren 19 sayfal\u0131k belgede, Romanlar\u0131n e\u011fitim, istihdam, bar\u0131nma, sa\u011fl\u0131k, sosyal hizmet ve sosyal yard\u0131mlar ba\u015fl\u0131klar\u0131 alt\u0131ndaki sorunlar\u0131 ve \u00e7\u00f6z\u00fcm \u00f6nerileri s\u0131ralanarak, ya\u015fad\u0131klar\u0131 \u00e7e\u015fitli sorunlara dikkat \u00e7ekilmi\u015fti.<\/p>\n<p>Bu kapsamda Aile, \u00c7al\u0131\u015fma ve Sosyal Hizmetler Bakanl\u0131\u011f\u0131 eylem plan\u0131nda yer alan sorunlar\u0131n \u00e7\u00f6z\u00fcm\u00fcne \u00f6nemli \u00e7al\u0131\u015fmalar\u0131 hayata ge\u00e7irmi\u015f, Romanlar\u0131n yo\u011fun ya\u015fad\u0131\u011f\u0131 illerden Ankara, Adana, Bal\u0131kesir, Hatay, Edirne, Eski\u015fehir, \u0130stanbul, \u0130zmir, K\u0131rklareli, Manisa, Mersin ile Tekirda\u011f&#8217;da \u00e7e\u015fitli projelere imza atm\u0131\u015ft\u0131.<\/p>\n","protected":false},"excerpt":{"rendered":"<p>T\u00fcrkiye Cumhurba\u015fkan\u0131 Erdo\u011fan imzas\u0131yla yay\u0131nlanan genelgede, &#8216;Roman Vatanda\u015flara Y\u00f6nelik Strateji Belgesi (2016-2021) II. A\u015fama Eylem Plan\u0131&#8217;n\u0131n (2019-2021) Aile, \u00c7al\u0131\u015fma ve Sosyal Hizmetler Bakanl\u0131\u011f\u0131&#8217;n\u0131n resmi internet adresinde yay\u0131nlanaca\u011f\u0131 belirtildi. Cumhurba\u015fkan\u0131 Erdo\u011fan genelgede, s\u00f6z konusu eylem plan\u0131n\u0131n ilgili t\u00fcm payda\u015flar taraf\u0131ndan uygulamaya konulaca\u011f\u0131n\u0131 duyurdu. Eylem plan\u0131n\u0131n uygulanmas\u0131nda ilgili bakanl\u0131klar ile kurum ve kurulu\u015flarca azami gayret g\u00f6sterilece\u011fini kaydeden [&hellip;]<\/p>\n","protected":false},"author":1,"featured_media":250818,"comment_status":"closed","ping_status":"open","sticky":false,"template":"","format":"standard","meta":{"jetpack_post_was_ever_published":false,"_jetpack_newsletter_access":"","_jetpack_dont_email_post_to_subs":false,"_jetpack_newsletter_tier_id":0,"_jetpack_memberships_contains_paywalled_content":false,"_jetpack_memberships_contains_paid_content":false,"footnotes":"","jetpack_publicize_message":"","jetpack_publicize_feature_enabled":true,"jetpack_social_post_already_shared":true,"jetpack_social_options":{"image_generator_settings":{"template":"highway","default_image_id":0,"font":"","enabled":false},"version":2}},"categories":[9],"tags":[503,62191,62149,1545,62188,62192,8963],"class_list":["post-250817","post","type-post","status-publish","format-standard","has-post-thumbnail","hentry","category-siyaset","tag-cumhurbaskani","tag-cumhurbaskani-erdogandan-romanlar-icin-yeni-acilim","tag-en-son-haber","tag-haber","tag-recep-tayyip-erdogan","tag-roman-acilimi","tag-romanlar"],"jetpack_publicize_connections":[],"jetpack_featured_media_url":"https:\/\/i0.wp.com\/www.tvturk.com\/wp-content\/uploads\/2020\/01\/cumhurbaskani-erdogandan-romanlar-icin-yeni-acilim-1.jpg?fit=600%2C399","jetpack_sharing_enabled":true,"jetpack_shortlink":"https:\/\/wp.me\/paKIfm-13fr","_links":{"self":[{"href":"http:\/\/www.tvturk.com\/index.php\/wp-json\/wp\/v2\/posts\/250817","targetHints":{"allow":["GET"]}}],"collection":[{"href":"http:\/\/www.tvturk.com\/index.php\/wp-json\/wp\/v2\/posts"}],"about":[{"href":"http:\/\/www.tvturk.com\/index.php\/wp-json\/wp\/v2\/types\/post"}],"author":[{"embeddable":true,"href":"http:\/\/www.tvturk.com\/index.php\/wp-json\/wp\/v2\/users\/1"}],"replies":[{"embeddable":true,"href":"http:\/\/www.tvturk.com\/index.php\/wp-json\/wp\/v2\/comments?post=250817"}],"version-history":[{"count":0,"href":"http:\/\/www.tvturk.com\/index.php\/wp-json\/wp\/v2\/posts\/250817\/revisions"}],"wp:featuredmedia":[{"embeddable":true,"href":"http:\/\/www.tvturk.com\/index.php\/wp-json\/wp\/v2\/media\/250818"}],"wp:attachment":[{"href":"http:\/\/www.tvturk.com\/index.php\/wp-json\/wp\/v2\/media?parent=250817"}],"wp:term":[{"taxonomy":"category","embeddable":true,"href":"http:\/\/www.tvturk.com\/index.php\/wp-json\/wp\/v2\/categories?post=250817"},{"taxonomy":"post_tag","embeddable":true,"href":"http:\/\/www.tvturk.com\/index.php\/wp-json\/wp\/v2\/tags?post=250817"}],"curies":[{"name":"wp","href":"https:\/\/api.w.org\/{rel}","templated":true}]}}