{"id":250929,"date":"2020-01-03T09:57:27","date_gmt":"2020-01-03T06:57:27","guid":{"rendered":"http:\/\/www.tvturk.com\/index.php\/ara-transfer-oncesi-olagan-supheliler\/"},"modified":"2020-01-03T09:57:32","modified_gmt":"2020-01-03T06:57:32","slug":"ara-transfer-oncesi-olagan-supheliler","status":"publish","type":"post","link":"http:\/\/www.tvturk.com\/index.php\/ara-transfer-oncesi-olagan-supheliler\/","title":{"rendered":"Ara transfer \u00f6ncesi &#8216;Ola\u011fan \u015e\u00fcpheliler&#8217;"},"content":{"rendered":"<div class=\"tiled-gallery type-rectangular tiled-gallery-unresized\" data-original-width=\"500\" data-carousel-extra='null' itemscope itemtype=\"http:\/\/schema.org\/ImageGallery\" > <div class=\"gallery-row\" style=\"width: 500px; height: 232px;\" data-original-width=\"500\" data-original-height=\"232\" > <div class=\"gallery-group images-1\" style=\"width: 342px; height: 232px;\" data-original-width=\"342\" data-original-height=\"232\" > <div class=\"tiled-gallery-item tiled-gallery-item-large\" itemprop=\"associatedMedia\" itemscope itemtype=\"http:\/\/schema.org\/ImageObject\"> <a href=\"http:\/\/www.tvturk.com\/index.php\/ara-transfer-oncesi-olagan-supheliler\/ara-transfer-oncesi-olagan-supheliler-3\/\" border=\"0\" itemprop=\"url\"> <meta itemprop=\"width\" content=\"338\"> <meta itemprop=\"height\" content=\"228\"> <img decoding=\"async\" class=\"\" data-attachment-id=\"250931\" data-orig-file=\"http:\/\/www.tvturk.com\/wp-content\/uploads\/2020\/01\/ara-transfer-oncesi-olagan-supheliler-0.jpg\" data-orig-size=\"950,640\" data-comments-opened=\"\" data-image-meta=\"{&quot;aperture&quot;:&quot;0&quot;,&quot;credit&quot;:&quot;&quot;,&quot;camera&quot;:&quot;&quot;,&quot;caption&quot;:&quot;&quot;,&quot;created_timestamp&quot;:&quot;0&quot;,&quot;copyright&quot;:&quot;&quot;,&quot;focal_length&quot;:&quot;0&quot;,&quot;iso&quot;:&quot;0&quot;,&quot;shutter_speed&quot;:&quot;0&quot;,&quot;title&quot;:&quot;&quot;,&quot;orientation&quot;:&quot;0&quot;}\" data-image-title=\"Ara transfer \u00f6ncesi &amp;#8216;Ola\u011fan \u015e\u00fcpheliler&amp;#8217;\" data-image-description=\"&lt;p&gt;S\u00fcper Lig&amp;#8217;de ara transfer d\u00f6nemine do\u011fru girerken imza atmas\u0131 muhtemel isimleri ve yeni tak\u0131mlar\u0131n\u0131 listeliyoruz.&lt;\/p&gt; \" data-medium-file=\"https:\/\/i0.wp.com\/www.tvturk.com\/wp-content\/uploads\/2020\/01\/ara-transfer-oncesi-olagan-supheliler-0.jpg?fit=300%2C202\" data-large-file=\"https:\/\/i0.wp.com\/www.tvturk.com\/wp-content\/uploads\/2020\/01\/ara-transfer-oncesi-olagan-supheliler-0.jpg?fit=950%2C640\" src=\"https:\/\/i0.wp.com\/www.tvturk.com\/wp-content\/uploads\/2020\/01\/ara-transfer-oncesi-olagan-supheliler-0.jpg?w=338&#038;h=228\" srcset=\"https:\/\/i0.wp.com\/www.tvturk.com\/wp-content\/uploads\/2020\/01\/ara-transfer-oncesi-olagan-supheliler-0.jpg?w=950 950w, https:\/\/i0.wp.com\/www.tvturk.com\/wp-content\/uploads\/2020\/01\/ara-transfer-oncesi-olagan-supheliler-0.jpg?resize=150%2C101 150w, https:\/\/i0.wp.com\/www.tvturk.com\/wp-content\/uploads\/2020\/01\/ara-transfer-oncesi-olagan-supheliler-0.jpg?resize=300%2C202 300w, https:\/\/i0.wp.com\/www.tvturk.com\/wp-content\/uploads\/2020\/01\/ara-transfer-oncesi-olagan-supheliler-0.jpg?resize=768%2C517 768w\" width=\"338\" height=\"228\" loading=\"lazy\" data-original-width=\"338\" data-original-height=\"228\" itemprop=\"http:\/\/schema.org\/image\" title=\"Ara transfer \u00f6ncesi &#039;Ola\u011fan \u015e\u00fcpheliler&#039;\" alt=\"Ara transfer \u00f6ncesi &#039;Ola\u011fan \u015e\u00fcpheliler&#039;\" style=\"width: 338px; height: 228px;\" \/> <\/a> <\/div> <\/div> <!-- close group --> <div class=\"gallery-group images-2\" style=\"width: 158px; height: 232px;\" data-original-width=\"158\" data-original-height=\"232\" > <div class=\"tiled-gallery-item tiled-gallery-item-small\" itemprop=\"associatedMedia\" itemscope itemtype=\"http:\/\/schema.org\/ImageObject\"> <a href=\"http:\/\/www.tvturk.com\/index.php\/ara-transfer-oncesi-olagan-supheliler\/ara-transfer-oncesi-olagan-supheliler-4\/\" border=\"0\" itemprop=\"url\"> <meta itemprop=\"width\" content=\"154\"> <meta itemprop=\"height\" content=\"113\"> <img decoding=\"async\" class=\"\" data-attachment-id=\"250932\" data-orig-file=\"http:\/\/www.tvturk.com\/wp-content\/uploads\/2020\/01\/ara-transfer-oncesi-olagan-supheliler-1.jpg\" data-orig-size=\"950,699\" data-comments-opened=\"\" data-image-meta=\"{&quot;aperture&quot;:&quot;0&quot;,&quot;credit&quot;:&quot;&quot;,&quot;camera&quot;:&quot;&quot;,&quot;caption&quot;:&quot;&quot;,&quot;created_timestamp&quot;:&quot;0&quot;,&quot;copyright&quot;:&quot;&quot;,&quot;focal_length&quot;:&quot;0&quot;,&quot;iso&quot;:&quot;0&quot;,&quot;shutter_speed&quot;:&quot;0&quot;,&quot;title&quot;:&quot;&quot;,&quot;orientation&quot;:&quot;0&quot;}\" data-image-title=\"Ara transfer \u00f6ncesi &amp;#8216;Ola\u011fan \u015e\u00fcpheliler&amp;#8217;\" data-image-description=\"&lt;p&gt;Stoperde Serdar Aziz&amp;#8217;in yan\u0131na atletik, h\u0131zl\u0131, kaliteli, formda ve ekonomik bir isim arayan Fenerbah\u00e7e i\u00e7in Alanyasporlu Welinton, ligi tan\u0131mas\u0131yla birlikte \u00f6nemli bir se\u00e7enek haline geldi. Ersun Yanal&amp;#8217;\u0131n transfer edilmesi y\u00f6n\u00fcnde rapor verdi\u011fi Welinton i\u00e7in Alanyaspor s\u0131k\u0131 bir pazarl\u0131k yapacakt\u0131r. 30 ya\u015f\u0131ndaki Brezilyal\u0131 stoper, ge\u00e7mi\u015fte Flamengo ve Coritiba gibi b\u00fcy\u00fck kul\u00fcplerde de forma giydi.&lt;\/p&gt; \" data-medium-file=\"https:\/\/i0.wp.com\/www.tvturk.com\/wp-content\/uploads\/2020\/01\/ara-transfer-oncesi-olagan-supheliler-1.jpg?fit=300%2C221\" data-large-file=\"https:\/\/i0.wp.com\/www.tvturk.com\/wp-content\/uploads\/2020\/01\/ara-transfer-oncesi-olagan-supheliler-1.jpg?fit=950%2C699\" src=\"https:\/\/i0.wp.com\/www.tvturk.com\/wp-content\/uploads\/2020\/01\/ara-transfer-oncesi-olagan-supheliler-1.jpg?w=154&#038;h=113\" srcset=\"https:\/\/i0.wp.com\/www.tvturk.com\/wp-content\/uploads\/2020\/01\/ara-transfer-oncesi-olagan-supheliler-1.jpg?w=950 950w, https:\/\/i0.wp.com\/www.tvturk.com\/wp-content\/uploads\/2020\/01\/ara-transfer-oncesi-olagan-supheliler-1.jpg?resize=150%2C110 150w, https:\/\/i0.wp.com\/www.tvturk.com\/wp-content\/uploads\/2020\/01\/ara-transfer-oncesi-olagan-supheliler-1.jpg?resize=300%2C221 300w, https:\/\/i0.wp.com\/www.tvturk.com\/wp-content\/uploads\/2020\/01\/ara-transfer-oncesi-olagan-supheliler-1.jpg?resize=768%2C565 768w\" width=\"154\" height=\"113\" loading=\"lazy\" data-original-width=\"154\" data-original-height=\"113\" itemprop=\"http:\/\/schema.org\/image\" title=\"Ara transfer \u00f6ncesi &#039;Ola\u011fan \u015e\u00fcpheliler&#039;\" alt=\"Ara transfer \u00f6ncesi &#039;Ola\u011fan \u015e\u00fcpheliler&#039;\" style=\"width: 154px; height: 113px;\" \/> <\/a> <\/div> <div class=\"tiled-gallery-item tiled-gallery-item-small\" itemprop=\"associatedMedia\" itemscope itemtype=\"http:\/\/schema.org\/ImageObject\"> <a href=\"http:\/\/www.tvturk.com\/index.php\/ara-transfer-oncesi-olagan-supheliler\/ara-transfer-oncesi-olagan-supheliler-5\/\" border=\"0\" itemprop=\"url\"> <meta itemprop=\"width\" content=\"154\"> <meta itemprop=\"height\" content=\"111\"> <img decoding=\"async\" class=\"\" data-attachment-id=\"250933\" data-orig-file=\"http:\/\/www.tvturk.com\/wp-content\/uploads\/2020\/01\/ara-transfer-oncesi-olagan-supheliler-2.jpg\" data-orig-size=\"950,684\" data-comments-opened=\"\" data-image-meta=\"{&quot;aperture&quot;:&quot;0&quot;,&quot;credit&quot;:&quot;&quot;,&quot;camera&quot;:&quot;&quot;,&quot;caption&quot;:&quot;&quot;,&quot;created_timestamp&quot;:&quot;0&quot;,&quot;copyright&quot;:&quot;&quot;,&quot;focal_length&quot;:&quot;0&quot;,&quot;iso&quot;:&quot;0&quot;,&quot;shutter_speed&quot;:&quot;0&quot;,&quot;title&quot;:&quot;&quot;,&quot;orientation&quot;:&quot;0&quot;}\" data-image-title=\"Ara transfer \u00f6ncesi &amp;#8216;Ola\u011fan \u015e\u00fcpheliler&amp;#8217;\" data-image-description=\"&lt;p&gt;Burak Y\u0131lmaz ile rekabet edebilecek ve yoklu\u011funda gol yollar\u0131nda \u00f6nemli bir koz olabilecek isim arayan Be\u015fikta\u015f, S\u00fcper Lig&amp;#8217;in emektar golc\u00fcs\u00fc haline gelen Rodallega&amp;#8217;y\u0131 iyi bir form\u00fcl olarak d\u00fc\u015f\u00fcn\u00fcyor. Abdullah Avc\u0131&amp;#8217;n\u0131n da onaylad\u0131\u011f\u0131 Rodallega, Trabzonspor deneyimiyle b\u00fcy\u00fck tak\u0131m golc\u00fcs\u00fc h\u00fcviyeti de kazand\u0131. Forvet i\u00e7in t\u00fcm opsiyonlar\u0131 de\u011ferlendirecek olan Be\u015fikta\u015f, Rodallega&amp;#8217;da karar k\u0131labilir.&lt;\/p&gt; \" data-medium-file=\"https:\/\/i0.wp.com\/www.tvturk.com\/wp-content\/uploads\/2020\/01\/ara-transfer-oncesi-olagan-supheliler-2.jpg?fit=300%2C216\" data-large-file=\"https:\/\/i0.wp.com\/www.tvturk.com\/wp-content\/uploads\/2020\/01\/ara-transfer-oncesi-olagan-supheliler-2.jpg?fit=950%2C684\" src=\"https:\/\/i0.wp.com\/www.tvturk.com\/wp-content\/uploads\/2020\/01\/ara-transfer-oncesi-olagan-supheliler-2.jpg?w=154&#038;h=111\" srcset=\"https:\/\/i0.wp.com\/www.tvturk.com\/wp-content\/uploads\/2020\/01\/ara-transfer-oncesi-olagan-supheliler-2.jpg?w=950 950w, https:\/\/i0.wp.com\/www.tvturk.com\/wp-content\/uploads\/2020\/01\/ara-transfer-oncesi-olagan-supheliler-2.jpg?resize=150%2C108 150w, https:\/\/i0.wp.com\/www.tvturk.com\/wp-content\/uploads\/2020\/01\/ara-transfer-oncesi-olagan-supheliler-2.jpg?resize=300%2C216 300w, https:\/\/i0.wp.com\/www.tvturk.com\/wp-content\/uploads\/2020\/01\/ara-transfer-oncesi-olagan-supheliler-2.jpg?resize=768%2C553 768w\" width=\"154\" height=\"111\" loading=\"lazy\" data-original-width=\"154\" data-original-height=\"111\" itemprop=\"http:\/\/schema.org\/image\" title=\"Ara transfer \u00f6ncesi &#039;Ola\u011fan \u015e\u00fcpheliler&#039;\" alt=\"Ara transfer \u00f6ncesi &#039;Ola\u011fan \u015e\u00fcpheliler&#039;\" style=\"width: 154px; height: 111px;\" \/> <\/a> <\/div> <\/div> <!-- close group --> <\/div> <!-- close row --> <div class=\"gallery-row\" style=\"width: 500px; height: 215px;\" data-original-width=\"500\" data-original-height=\"215\" > <div class=\"gallery-group images-2\" style=\"width: 159px; height: 215px;\" data-original-width=\"159\" data-original-height=\"215\" > <div class=\"tiled-gallery-item tiled-gallery-item-small\" itemprop=\"associatedMedia\" itemscope itemtype=\"http:\/\/schema.org\/ImageObject\"> <a href=\"http:\/\/www.tvturk.com\/index.php\/ara-transfer-oncesi-olagan-supheliler\/ara-transfer-oncesi-olagan-supheliler-6\/\" border=\"0\" itemprop=\"url\"> <meta itemprop=\"width\" content=\"155\"> <meta itemprop=\"height\" content=\"104\"> <img decoding=\"async\" class=\"\" data-attachment-id=\"250934\" data-orig-file=\"http:\/\/www.tvturk.com\/wp-content\/uploads\/2020\/01\/ara-transfer-oncesi-olagan-supheliler-3.jpg\" data-orig-size=\"950,633\" data-comments-opened=\"\" data-image-meta=\"{&quot;aperture&quot;:&quot;0&quot;,&quot;credit&quot;:&quot;&quot;,&quot;camera&quot;:&quot;&quot;,&quot;caption&quot;:&quot;&quot;,&quot;created_timestamp&quot;:&quot;0&quot;,&quot;copyright&quot;:&quot;&quot;,&quot;focal_length&quot;:&quot;0&quot;,&quot;iso&quot;:&quot;0&quot;,&quot;shutter_speed&quot;:&quot;0&quot;,&quot;title&quot;:&quot;&quot;,&quot;orientation&quot;:&quot;0&quot;}\" data-image-title=\"Ara transfer \u00f6ncesi &amp;#8216;Ola\u011fan \u015e\u00fcpheliler&amp;#8217;\" data-image-description=\"&lt;p&gt;\u00c7in&amp;#8217;deki yeni yabanc\u0131 kural\u0131 sonras\u0131 Guangzhou Evergrande&amp;#8217;de bir gelece\u011fi olmad\u0131\u011f\u0131n\u0131 d\u00fc\u015f\u00fcnen Anderson Talisca, ayr\u0131lmay\u0131 d\u00fc\u015f\u00fcn\u00fcyor. Gole yak\u0131n ikinci forvet olarak T\u00fcrkiye&amp;#8217;de b\u00fcy\u00fck s\u00fckse yaratan ve Be\u015fikta\u015f&amp;#8217;a 2 \u015fampiyonluk kazand\u0131ran Talisca i\u00e7in \u0130stanbul&amp;#8217;un \u00fc\u00e7 b\u00fcy\u00fcklerinin ad\u0131 ge\u00e7iyor.&lt;\/p&gt; \" data-medium-file=\"https:\/\/i0.wp.com\/www.tvturk.com\/wp-content\/uploads\/2020\/01\/ara-transfer-oncesi-olagan-supheliler-3.jpg?fit=300%2C200\" data-large-file=\"https:\/\/i0.wp.com\/www.tvturk.com\/wp-content\/uploads\/2020\/01\/ara-transfer-oncesi-olagan-supheliler-3.jpg?fit=950%2C633\" src=\"https:\/\/i0.wp.com\/www.tvturk.com\/wp-content\/uploads\/2020\/01\/ara-transfer-oncesi-olagan-supheliler-3.jpg?w=155&#038;h=104\" srcset=\"https:\/\/i0.wp.com\/www.tvturk.com\/wp-content\/uploads\/2020\/01\/ara-transfer-oncesi-olagan-supheliler-3.jpg?w=950 950w, https:\/\/i0.wp.com\/www.tvturk.com\/wp-content\/uploads\/2020\/01\/ara-transfer-oncesi-olagan-supheliler-3.jpg?resize=150%2C100 150w, https:\/\/i0.wp.com\/www.tvturk.com\/wp-content\/uploads\/2020\/01\/ara-transfer-oncesi-olagan-supheliler-3.jpg?resize=300%2C200 300w, https:\/\/i0.wp.com\/www.tvturk.com\/wp-content\/uploads\/2020\/01\/ara-transfer-oncesi-olagan-supheliler-3.jpg?resize=768%2C512 768w\" width=\"155\" height=\"104\" loading=\"lazy\" data-original-width=\"155\" data-original-height=\"104\" itemprop=\"http:\/\/schema.org\/image\" title=\"Ara transfer \u00f6ncesi &#039;Ola\u011fan \u015e\u00fcpheliler&#039;\" alt=\"Ara transfer \u00f6ncesi &#039;Ola\u011fan \u015e\u00fcpheliler&#039;\" style=\"width: 155px; height: 104px;\" \/> <\/a> <\/div> <div class=\"tiled-gallery-item tiled-gallery-item-small\" itemprop=\"associatedMedia\" itemscope itemtype=\"http:\/\/schema.org\/ImageObject\"> <a href=\"http:\/\/www.tvturk.com\/index.php\/ara-transfer-oncesi-olagan-supheliler\/ara-transfer-oncesi-olagan-supheliler-7\/\" border=\"0\" itemprop=\"url\"> <meta itemprop=\"width\" content=\"155\"> <meta itemprop=\"height\" content=\"103\"> <img decoding=\"async\" class=\"\" data-attachment-id=\"250935\" data-orig-file=\"http:\/\/www.tvturk.com\/wp-content\/uploads\/2020\/01\/ara-transfer-oncesi-olagan-supheliler-4.jpg\" data-orig-size=\"950,633\" data-comments-opened=\"\" data-image-meta=\"{&quot;aperture&quot;:&quot;0&quot;,&quot;credit&quot;:&quot;&quot;,&quot;camera&quot;:&quot;&quot;,&quot;caption&quot;:&quot;&quot;,&quot;created_timestamp&quot;:&quot;0&quot;,&quot;copyright&quot;:&quot;&quot;,&quot;focal_length&quot;:&quot;0&quot;,&quot;iso&quot;:&quot;0&quot;,&quot;shutter_speed&quot;:&quot;0&quot;,&quot;title&quot;:&quot;&quot;,&quot;orientation&quot;:&quot;0&quot;}\" data-image-title=\"Ara transfer \u00f6ncesi &amp;#8216;Ola\u011fan \u015e\u00fcpheliler&amp;#8217;\" data-image-description=\"&lt;p&gt;Galatasaray&amp;#8217;da g\u00f6sterdi\u011fi performansla \u015fampiyonlu\u011fu getiren oyunculardan biri olan Henry Onyekuru, unutmak isteyece\u011fi 6 ayl\u0131k Monaco maceras\u0131 sonras\u0131 tekrar Par\u00e7al\u0131 formaya geri d\u00f6nmek \u00fczere. Menajer William D&amp;#8217;Avila&amp;#8217;n\u0131n da gayretleri sonras\u0131 taraflar 1.5 y\u0131ll\u0131k kiralama konusunda anla\u015fma sa\u011flad\u0131.&lt;\/p&gt; \" data-medium-file=\"https:\/\/i0.wp.com\/www.tvturk.com\/wp-content\/uploads\/2020\/01\/ara-transfer-oncesi-olagan-supheliler-4.jpg?fit=300%2C200\" data-large-file=\"https:\/\/i0.wp.com\/www.tvturk.com\/wp-content\/uploads\/2020\/01\/ara-transfer-oncesi-olagan-supheliler-4.jpg?fit=950%2C633\" src=\"https:\/\/i0.wp.com\/www.tvturk.com\/wp-content\/uploads\/2020\/01\/ara-transfer-oncesi-olagan-supheliler-4.jpg?w=155&#038;h=103\" srcset=\"https:\/\/i0.wp.com\/www.tvturk.com\/wp-content\/uploads\/2020\/01\/ara-transfer-oncesi-olagan-supheliler-4.jpg?w=950 950w, https:\/\/i0.wp.com\/www.tvturk.com\/wp-content\/uploads\/2020\/01\/ara-transfer-oncesi-olagan-supheliler-4.jpg?resize=150%2C100 150w, https:\/\/i0.wp.com\/www.tvturk.com\/wp-content\/uploads\/2020\/01\/ara-transfer-oncesi-olagan-supheliler-4.jpg?resize=300%2C200 300w, https:\/\/i0.wp.com\/www.tvturk.com\/wp-content\/uploads\/2020\/01\/ara-transfer-oncesi-olagan-supheliler-4.jpg?resize=768%2C512 768w\" width=\"155\" height=\"103\" loading=\"lazy\" data-original-width=\"155\" data-original-height=\"103\" itemprop=\"http:\/\/schema.org\/image\" title=\"Ara transfer \u00f6ncesi &#039;Ola\u011fan \u015e\u00fcpheliler&#039;\" alt=\"Ara transfer \u00f6ncesi &#039;Ola\u011fan \u015e\u00fcpheliler&#039;\" style=\"width: 155px; height: 103px;\" \/> <\/a> <\/div> <\/div> <!-- close group --> <div class=\"gallery-group images-1\" style=\"width: 341px; height: 215px;\" data-original-width=\"341\" data-original-height=\"215\" > <div class=\"tiled-gallery-item tiled-gallery-item-large\" itemprop=\"associatedMedia\" itemscope itemtype=\"http:\/\/schema.org\/ImageObject\"> <a href=\"http:\/\/www.tvturk.com\/index.php\/ara-transfer-oncesi-olagan-supheliler\/ara-transfer-oncesi-olagan-supheliler-8\/\" border=\"0\" itemprop=\"url\"> <meta itemprop=\"width\" content=\"337\"> <meta itemprop=\"height\" content=\"211\"> <img decoding=\"async\" class=\"\" data-attachment-id=\"250936\" data-orig-file=\"http:\/\/www.tvturk.com\/wp-content\/uploads\/2020\/01\/ara-transfer-oncesi-olagan-supheliler-5.jpg\" data-orig-size=\"950,596\" data-comments-opened=\"\" data-image-meta=\"{&quot;aperture&quot;:&quot;0&quot;,&quot;credit&quot;:&quot;&quot;,&quot;camera&quot;:&quot;&quot;,&quot;caption&quot;:&quot;&quot;,&quot;created_timestamp&quot;:&quot;0&quot;,&quot;copyright&quot;:&quot;&quot;,&quot;focal_length&quot;:&quot;0&quot;,&quot;iso&quot;:&quot;0&quot;,&quot;shutter_speed&quot;:&quot;0&quot;,&quot;title&quot;:&quot;&quot;,&quot;orientation&quot;:&quot;0&quot;}\" data-image-title=\"Ara transfer \u00f6ncesi &amp;#8216;Ola\u011fan \u015e\u00fcpheliler&amp;#8217;\" data-image-description=\"&lt;p&gt;Celta Vigo&amp;#8217;da son d\u00f6nemde formas\u0131n\u0131 kaybeden Okay Yoku\u015flu, EURO 2020 kadrosuna girebilmek i\u00e7in oynamak zorunda. Orta sahada bir\u00e7ok tercihi bulunan milli tak\u0131mda Okay&amp;#8217;\u0131n yeri garanti de\u011fil. Fatih Terim&amp;#8217;in \u00e7ok istedi\u011fi Okay i\u00e7in Galatasaray&amp;#8217;da oynamak, lige etki etmek rakiplerinin \u00f6n\u00fcne ge\u00e7mesi i\u00e7in \u00f6nemli bir \u015fans olacakt\u0131r. Celta Vigo kiral\u0131k vermeyi kabul ederse Okay, ikinci devrede Par\u00e7al\u0131 formay\u0131 terletecektir.&lt;\/p&gt; \" data-medium-file=\"https:\/\/i0.wp.com\/www.tvturk.com\/wp-content\/uploads\/2020\/01\/ara-transfer-oncesi-olagan-supheliler-5.jpg?fit=300%2C188\" data-large-file=\"https:\/\/i0.wp.com\/www.tvturk.com\/wp-content\/uploads\/2020\/01\/ara-transfer-oncesi-olagan-supheliler-5.jpg?fit=950%2C596\" src=\"https:\/\/i0.wp.com\/www.tvturk.com\/wp-content\/uploads\/2020\/01\/ara-transfer-oncesi-olagan-supheliler-5.jpg?w=337&#038;h=211\" srcset=\"https:\/\/i0.wp.com\/www.tvturk.com\/wp-content\/uploads\/2020\/01\/ara-transfer-oncesi-olagan-supheliler-5.jpg?w=950 950w, https:\/\/i0.wp.com\/www.tvturk.com\/wp-content\/uploads\/2020\/01\/ara-transfer-oncesi-olagan-supheliler-5.jpg?resize=150%2C94 150w, https:\/\/i0.wp.com\/www.tvturk.com\/wp-content\/uploads\/2020\/01\/ara-transfer-oncesi-olagan-supheliler-5.jpg?resize=300%2C188 300w, https:\/\/i0.wp.com\/www.tvturk.com\/wp-content\/uploads\/2020\/01\/ara-transfer-oncesi-olagan-supheliler-5.jpg?resize=768%2C482 768w\" width=\"337\" height=\"211\" loading=\"lazy\" data-original-width=\"337\" data-original-height=\"211\" itemprop=\"http:\/\/schema.org\/image\" title=\"Ara transfer \u00f6ncesi &#039;Ola\u011fan \u015e\u00fcpheliler&#039;\" alt=\"Ara transfer \u00f6ncesi &#039;Ola\u011fan \u015e\u00fcpheliler&#039;\" style=\"width: 337px; height: 211px;\" \/> <\/a> <\/div> <\/div> <!-- close group --> <\/div> <!-- close row --> <div class=\"gallery-row\" style=\"width: 500px; height: 212px;\" data-original-width=\"500\" data-original-height=\"212\" > <div class=\"gallery-group images-1\" style=\"width: 255px; height: 212px;\" data-original-width=\"255\" data-original-height=\"212\" > <div class=\"tiled-gallery-item tiled-gallery-item-large\" itemprop=\"associatedMedia\" itemscope itemtype=\"http:\/\/schema.org\/ImageObject\"> <a href=\"http:\/\/www.tvturk.com\/index.php\/ara-transfer-oncesi-olagan-supheliler\/ara-transfer-oncesi-olagan-supheliler-9\/\" border=\"0\" itemprop=\"url\"> <meta itemprop=\"width\" content=\"251\"> <meta itemprop=\"height\" content=\"208\"> <img decoding=\"async\" class=\"\" data-attachment-id=\"250937\" data-orig-file=\"http:\/\/www.tvturk.com\/wp-content\/uploads\/2020\/01\/ara-transfer-oncesi-olagan-supheliler-6.jpg\" data-orig-size=\"857,712\" data-comments-opened=\"\" data-image-meta=\"{&quot;aperture&quot;:&quot;0&quot;,&quot;credit&quot;:&quot;&quot;,&quot;camera&quot;:&quot;&quot;,&quot;caption&quot;:&quot;&quot;,&quot;created_timestamp&quot;:&quot;0&quot;,&quot;copyright&quot;:&quot;&quot;,&quot;focal_length&quot;:&quot;0&quot;,&quot;iso&quot;:&quot;0&quot;,&quot;shutter_speed&quot;:&quot;0&quot;,&quot;title&quot;:&quot;&quot;,&quot;orientation&quot;:&quot;0&quot;}\" data-image-title=\"Ara transfer \u00f6ncesi &amp;#8216;Ola\u011fan \u015e\u00fcpheliler&amp;#8217;\" data-image-description=\"&lt;p&gt;Paris Saint-Germain&amp;#8217;in uzun s\u00fcredir pe\u015finde olan Fenerbah\u00e7e, ara transferde al\u0131\u015fveri\u015f listesinde olan golc\u00fc kanat oyuncusu sorununu \u00e7\u00f6zmek istiyor. PSG&amp;#8217;de Neymar, Icardi, Mbappe, Di Maria ve Sarabia&amp;#8217;n\u0131n arkas\u0131nda olan Moting, forma \u015fans\u0131 bulmakta zorlan\u0131yor. PSG&amp;#8217;de bu sezon 160 dakika ortalamayla 4 gol atan Kamerunlu&amp;#8217;nun s\u00f6zle\u015fmesinin sezon sonunda bitiyor olmas\u0131 ve Fenerbah\u00e7e&amp;#8217;nin de maa\u015f a\u00e7\u0131s\u0131ndan vaatkar olmas\u0131 Moting&amp;#8217;i Fenerbah\u00e7e&amp;#8217;ye do\u011fru \u00e7ekiyor. Comolli, bu transfer i\u00e7in s\u00fcrekli Paris&amp;#8217;e gidiyor ve temaslar\u0131n\u0131 s\u00fcrd\u00fcr\u00fcyor.&lt;\/p&gt; \" data-medium-file=\"https:\/\/i0.wp.com\/www.tvturk.com\/wp-content\/uploads\/2020\/01\/ara-transfer-oncesi-olagan-supheliler-6.jpg?fit=300%2C249\" data-large-file=\"https:\/\/i0.wp.com\/www.tvturk.com\/wp-content\/uploads\/2020\/01\/ara-transfer-oncesi-olagan-supheliler-6.jpg?fit=857%2C712\" src=\"https:\/\/i0.wp.com\/www.tvturk.com\/wp-content\/uploads\/2020\/01\/ara-transfer-oncesi-olagan-supheliler-6.jpg?w=251&#038;h=208\" srcset=\"https:\/\/i0.wp.com\/www.tvturk.com\/wp-content\/uploads\/2020\/01\/ara-transfer-oncesi-olagan-supheliler-6.jpg?w=857 857w, https:\/\/i0.wp.com\/www.tvturk.com\/wp-content\/uploads\/2020\/01\/ara-transfer-oncesi-olagan-supheliler-6.jpg?resize=150%2C125 150w, https:\/\/i0.wp.com\/www.tvturk.com\/wp-content\/uploads\/2020\/01\/ara-transfer-oncesi-olagan-supheliler-6.jpg?resize=300%2C249 300w, https:\/\/i0.wp.com\/www.tvturk.com\/wp-content\/uploads\/2020\/01\/ara-transfer-oncesi-olagan-supheliler-6.jpg?resize=768%2C638 768w\" width=\"251\" height=\"208\" loading=\"lazy\" data-original-width=\"251\" data-original-height=\"208\" itemprop=\"http:\/\/schema.org\/image\" title=\"Ara transfer \u00f6ncesi &#039;Ola\u011fan \u015e\u00fcpheliler&#039;\" alt=\"Ara transfer \u00f6ncesi &#039;Ola\u011fan \u015e\u00fcpheliler&#039;\" style=\"width: 251px; height: 208px;\" \/> <\/a> <\/div> <\/div> <!-- close group --> <div class=\"gallery-group images-1\" style=\"width: 245px; height: 212px;\" data-original-width=\"245\" data-original-height=\"212\" > <div class=\"tiled-gallery-item tiled-gallery-item-small\" itemprop=\"associatedMedia\" itemscope itemtype=\"http:\/\/schema.org\/ImageObject\"> <a href=\"http:\/\/www.tvturk.com\/index.php\/ara-transfer-oncesi-olagan-supheliler\/ara-transfer-oncesi-olagan-supheliler-10\/\" border=\"0\" itemprop=\"url\"> <meta itemprop=\"width\" content=\"241\"> <meta itemprop=\"height\" content=\"208\"> <img decoding=\"async\" class=\"\" data-attachment-id=\"250938\" data-orig-file=\"http:\/\/www.tvturk.com\/wp-content\/uploads\/2020\/01\/ara-transfer-oncesi-olagan-supheliler-7.jpg\" data-orig-size=\"824,712\" data-comments-opened=\"\" data-image-meta=\"{&quot;aperture&quot;:&quot;0&quot;,&quot;credit&quot;:&quot;&quot;,&quot;camera&quot;:&quot;&quot;,&quot;caption&quot;:&quot;&quot;,&quot;created_timestamp&quot;:&quot;0&quot;,&quot;copyright&quot;:&quot;&quot;,&quot;focal_length&quot;:&quot;0&quot;,&quot;iso&quot;:&quot;0&quot;,&quot;shutter_speed&quot;:&quot;0&quot;,&quot;title&quot;:&quot;&quot;,&quot;orientation&quot;:&quot;0&quot;}\" data-image-title=\"Ara transfer \u00f6ncesi &amp;#8216;Ola\u011fan \u015e\u00fcpheliler&amp;#8217;\" data-image-description=\"&lt;p&gt;Everton&amp;#8217;\u0131n yeni menajeri Carlo Ancelotti&amp;#8217;nin Moise Kean&amp;#8217;e olan inanc\u0131 ve Dominic Calvert-Lewin&amp;#8217;in de as forvet haline gelmesi sonras\u0131 Cenk Tosun, \u00fc\u00e7\u00fcnc\u00fc forvet durumunda. EURO 2020&amp;#8217;ye m\u00fcmk\u00fcn oldu\u011fu kadar \u00e7ok oynayarak ve formda gelmek isteyen Cenk Tosun i\u00e7in ikinci devre s\u00fcrekli oynayabilece\u011fi bir yere gitmek kritik. \u00dc\u00e7 b\u00fcy\u00fcklerin ilgilendi\u011fi Cenk Tosun i\u00e7in g\u00f6z \u00f6n\u00fcnde olmak ve goller atmak, Milli Tak\u0131m\u0131n birinci se\u00e7ene\u011fi olmas\u0131 i\u00e7in ideal bir form\u00fcl olabilir.&lt;\/p&gt; \" data-medium-file=\"https:\/\/i0.wp.com\/www.tvturk.com\/wp-content\/uploads\/2020\/01\/ara-transfer-oncesi-olagan-supheliler-7.jpg?fit=300%2C259\" data-large-file=\"https:\/\/i0.wp.com\/www.tvturk.com\/wp-content\/uploads\/2020\/01\/ara-transfer-oncesi-olagan-supheliler-7.jpg?fit=824%2C712\" src=\"https:\/\/i0.wp.com\/www.tvturk.com\/wp-content\/uploads\/2020\/01\/ara-transfer-oncesi-olagan-supheliler-7.jpg?w=241&#038;h=208\" srcset=\"https:\/\/i0.wp.com\/www.tvturk.com\/wp-content\/uploads\/2020\/01\/ara-transfer-oncesi-olagan-supheliler-7.jpg?w=824 824w, https:\/\/i0.wp.com\/www.tvturk.com\/wp-content\/uploads\/2020\/01\/ara-transfer-oncesi-olagan-supheliler-7.jpg?resize=150%2C130 150w, https:\/\/i0.wp.com\/www.tvturk.com\/wp-content\/uploads\/2020\/01\/ara-transfer-oncesi-olagan-supheliler-7.jpg?resize=300%2C259 300w, https:\/\/i0.wp.com\/www.tvturk.com\/wp-content\/uploads\/2020\/01\/ara-transfer-oncesi-olagan-supheliler-7.jpg?resize=768%2C664 768w\" width=\"241\" height=\"208\" loading=\"lazy\" data-original-width=\"241\" data-original-height=\"208\" itemprop=\"http:\/\/schema.org\/image\" title=\"Ara transfer \u00f6ncesi &#039;Ola\u011fan \u015e\u00fcpheliler&#039;\" alt=\"Ara transfer \u00f6ncesi &#039;Ola\u011fan \u015e\u00fcpheliler&#039;\" style=\"width: 241px; height: 208px;\" \/> <\/a> <\/div> <\/div> <!-- close group --> <\/div> <!-- close row --> <div class=\"gallery-row\" style=\"width: 500px; height: 90px;\" data-original-width=\"500\" data-original-height=\"90\" > <div class=\"gallery-group images-1\" style=\"width: 116px; height: 90px;\" data-original-width=\"116\" data-original-height=\"90\" > <div class=\"tiled-gallery-item tiled-gallery-item-small\" itemprop=\"associatedMedia\" itemscope itemtype=\"http:\/\/schema.org\/ImageObject\"> <a href=\"http:\/\/www.tvturk.com\/index.php\/ara-transfer-oncesi-olagan-supheliler\/ara-transfer-oncesi-olagan-supheliler-11\/\" border=\"0\" itemprop=\"url\"> <meta itemprop=\"width\" content=\"112\"> <meta itemprop=\"height\" content=\"86\"> <img decoding=\"async\" class=\"\" data-attachment-id=\"250939\" data-orig-file=\"http:\/\/www.tvturk.com\/wp-content\/uploads\/2020\/01\/ara-transfer-oncesi-olagan-supheliler-8.jpg\" data-orig-size=\"935,712\" data-comments-opened=\"\" data-image-meta=\"{&quot;aperture&quot;:&quot;0&quot;,&quot;credit&quot;:&quot;&quot;,&quot;camera&quot;:&quot;&quot;,&quot;caption&quot;:&quot;&quot;,&quot;created_timestamp&quot;:&quot;0&quot;,&quot;copyright&quot;:&quot;&quot;,&quot;focal_length&quot;:&quot;0&quot;,&quot;iso&quot;:&quot;0&quot;,&quot;shutter_speed&quot;:&quot;0&quot;,&quot;title&quot;:&quot;&quot;,&quot;orientation&quot;:&quot;0&quot;}\" data-image-title=\"Ara transfer \u00f6ncesi &amp;#8216;Ola\u011fan \u015e\u00fcpheliler&amp;#8217;\" data-image-description=\"&lt;p&gt;Galatasaray Teknik Direkt\u00f6r\u00fc Fatih Terim&amp;#8217;in de geri d\u00f6n\u00fc\u015f yolunu a\u00e7mas\u0131yla birlikte Arda Turan, 2011&amp;#8217;de ayr\u0131ld\u0131\u011f\u0131 yuvas\u0131na geri d\u00f6nmek \u00fczere. Ba\u015fak\u015fehir de kolayl\u0131k sa\u011flayaca\u011f\u0131n\u0131 duyurdu. Arda Turan, 2019\/20 sezonu ikinci yar\u0131s\u0131ndan itibaren tekrar Par\u00e7al\u0131 formay\u0131 giyecek gibi g\u00f6r\u00fcn\u00fcyor.&lt;\/p&gt; \" data-medium-file=\"https:\/\/i0.wp.com\/www.tvturk.com\/wp-content\/uploads\/2020\/01\/ara-transfer-oncesi-olagan-supheliler-8.jpg?fit=300%2C228\" data-large-file=\"https:\/\/i0.wp.com\/www.tvturk.com\/wp-content\/uploads\/2020\/01\/ara-transfer-oncesi-olagan-supheliler-8.jpg?fit=935%2C712\" src=\"https:\/\/i0.wp.com\/www.tvturk.com\/wp-content\/uploads\/2020\/01\/ara-transfer-oncesi-olagan-supheliler-8.jpg?w=112&#038;h=86\" srcset=\"https:\/\/i0.wp.com\/www.tvturk.com\/wp-content\/uploads\/2020\/01\/ara-transfer-oncesi-olagan-supheliler-8.jpg?w=935 935w, https:\/\/i0.wp.com\/www.tvturk.com\/wp-content\/uploads\/2020\/01\/ara-transfer-oncesi-olagan-supheliler-8.jpg?resize=150%2C114 150w, https:\/\/i0.wp.com\/www.tvturk.com\/wp-content\/uploads\/2020\/01\/ara-transfer-oncesi-olagan-supheliler-8.jpg?resize=300%2C228 300w, https:\/\/i0.wp.com\/www.tvturk.com\/wp-content\/uploads\/2020\/01\/ara-transfer-oncesi-olagan-supheliler-8.jpg?resize=768%2C585 768w\" width=\"112\" height=\"86\" loading=\"lazy\" data-original-width=\"112\" data-original-height=\"86\" itemprop=\"http:\/\/schema.org\/image\" title=\"Ara transfer \u00f6ncesi &#039;Ola\u011fan \u015e\u00fcpheliler&#039;\" alt=\"Ara transfer \u00f6ncesi &#039;Ola\u011fan \u015e\u00fcpheliler&#039;\" style=\"width: 112px; height: 86px;\" \/> <\/a> <\/div> <\/div> <!-- close group --> <div class=\"gallery-group images-1\" style=\"width: 118px; height: 90px;\" data-original-width=\"118\" data-original-height=\"90\" > <div class=\"tiled-gallery-item tiled-gallery-item-small\" itemprop=\"associatedMedia\" itemscope itemtype=\"http:\/\/schema.org\/ImageObject\"> <a href=\"http:\/\/www.tvturk.com\/index.php\/ara-transfer-oncesi-olagan-supheliler\/ara-transfer-oncesi-olagan-supheliler-12\/\" border=\"0\" itemprop=\"url\"> <meta itemprop=\"width\" content=\"114\"> <meta itemprop=\"height\" content=\"86\"> <img decoding=\"async\" class=\"\" data-attachment-id=\"250940\" data-orig-file=\"http:\/\/www.tvturk.com\/wp-content\/uploads\/2020\/01\/ara-transfer-oncesi-olagan-supheliler-9.jpg\" data-orig-size=\"944,712\" data-comments-opened=\"\" data-image-meta=\"{&quot;aperture&quot;:&quot;0&quot;,&quot;credit&quot;:&quot;&quot;,&quot;camera&quot;:&quot;&quot;,&quot;caption&quot;:&quot;&quot;,&quot;created_timestamp&quot;:&quot;0&quot;,&quot;copyright&quot;:&quot;&quot;,&quot;focal_length&quot;:&quot;0&quot;,&quot;iso&quot;:&quot;0&quot;,&quot;shutter_speed&quot;:&quot;0&quot;,&quot;title&quot;:&quot;&quot;,&quot;orientation&quot;:&quot;0&quot;}\" data-image-title=\"Ara transfer \u00f6ncesi &amp;#8216;Ola\u011fan \u015e\u00fcpheliler&amp;#8217;\" data-image-description=\"&lt;p&gt;Sezon ba\u015f\u0131nda Leipzig&amp;#8217;ten PSV&amp;#8217;ye transfer oldu ancak beklentileri kar\u015f\u0131layamad\u0131. Bruma i\u00e7in 15 milyon euroluk b\u00fcy\u00fck bir yat\u0131r\u0131m yapan PSV, oyuncuyu tekrar kiralamak ve de\u011ferini art\u0131rmak gibi bir form\u00fcl \u00fczerinde duruyor. Bunun i\u00e7in do\u011fru adres, Bruma&amp;#8217;n\u0131n kendini buldu\u011fu T\u00fcrkiye olabilir. Hem Fenerbah\u00e7e, hem Galatasaray hem de Ba\u015fak\u015fehir ola\u011fan \u015f\u00fcpheli konumunda&amp;#8230;&lt;\/p&gt; \" data-medium-file=\"https:\/\/i0.wp.com\/www.tvturk.com\/wp-content\/uploads\/2020\/01\/ara-transfer-oncesi-olagan-supheliler-9.jpg?fit=300%2C226\" data-large-file=\"https:\/\/i0.wp.com\/www.tvturk.com\/wp-content\/uploads\/2020\/01\/ara-transfer-oncesi-olagan-supheliler-9.jpg?fit=944%2C712\" src=\"https:\/\/i0.wp.com\/www.tvturk.com\/wp-content\/uploads\/2020\/01\/ara-transfer-oncesi-olagan-supheliler-9.jpg?w=114&#038;h=86\" srcset=\"https:\/\/i0.wp.com\/www.tvturk.com\/wp-content\/uploads\/2020\/01\/ara-transfer-oncesi-olagan-supheliler-9.jpg?w=944 944w, https:\/\/i0.wp.com\/www.tvturk.com\/wp-content\/uploads\/2020\/01\/ara-transfer-oncesi-olagan-supheliler-9.jpg?resize=150%2C113 150w, https:\/\/i0.wp.com\/www.tvturk.com\/wp-content\/uploads\/2020\/01\/ara-transfer-oncesi-olagan-supheliler-9.jpg?resize=300%2C226 300w, https:\/\/i0.wp.com\/www.tvturk.com\/wp-content\/uploads\/2020\/01\/ara-transfer-oncesi-olagan-supheliler-9.jpg?resize=768%2C579 768w\" width=\"114\" height=\"86\" loading=\"lazy\" data-original-width=\"114\" data-original-height=\"86\" itemprop=\"http:\/\/schema.org\/image\" title=\"Ara transfer \u00f6ncesi &#039;Ola\u011fan \u015e\u00fcpheliler&#039;\" alt=\"Ara transfer \u00f6ncesi &#039;Ola\u011fan \u015e\u00fcpheliler&#039;\" style=\"width: 114px; height: 86px;\" \/> <\/a> <\/div> <\/div> <!-- close group --> <div class=\"gallery-group images-1\" style=\"width: 133px; height: 90px;\" data-original-width=\"133\" data-original-height=\"90\" > <div class=\"tiled-gallery-item tiled-gallery-item-small\" itemprop=\"associatedMedia\" itemscope itemtype=\"http:\/\/schema.org\/ImageObject\"> <a href=\"http:\/\/www.tvturk.com\/index.php\/ara-transfer-oncesi-olagan-supheliler\/ara-transfer-oncesi-olagan-supheliler-13\/\" border=\"0\" itemprop=\"url\"> <meta itemprop=\"width\" content=\"129\"> <meta itemprop=\"height\" content=\"86\"> <img decoding=\"async\" class=\"\" data-attachment-id=\"250941\" data-orig-file=\"http:\/\/www.tvturk.com\/wp-content\/uploads\/2020\/01\/ara-transfer-oncesi-olagan-supheliler-10.jpg\" data-orig-size=\"950,633\" data-comments-opened=\"\" data-image-meta=\"{&quot;aperture&quot;:&quot;0&quot;,&quot;credit&quot;:&quot;&quot;,&quot;camera&quot;:&quot;&quot;,&quot;caption&quot;:&quot;&quot;,&quot;created_timestamp&quot;:&quot;0&quot;,&quot;copyright&quot;:&quot;&quot;,&quot;focal_length&quot;:&quot;0&quot;,&quot;iso&quot;:&quot;0&quot;,&quot;shutter_speed&quot;:&quot;0&quot;,&quot;title&quot;:&quot;&quot;,&quot;orientation&quot;:&quot;0&quot;}\" data-image-title=\"Ara transfer \u00f6ncesi &amp;#8216;Ola\u011fan \u015e\u00fcpheliler&amp;#8217;\" data-image-description=\"&lt;p&gt;Ara transferde \u00f6nceli\u011fini sol bek olarak belirleyen Fenerbah\u00e7e, Milan&amp;#8217;dan ayr\u0131lmak ve EURO 2020&amp;#8217;ye formda girmek isteyen Ricardo Rodriguez i\u00e7in temaslara ba\u015flad\u0131. Milan&amp;#8217;\u0131n 10 milyon euro civar\u0131ndaki bonservis talebi kar\u015f\u0131s\u0131nda pes etmeyen Fenerbah\u00e7e Sportif Direkt\u00f6r\u00fc Damien Comolli, \u0130talyan deviyle pazarl\u0131klar\u0131n\u0131 s\u00fcrd\u00fcr\u00fcyor.&lt;\/p&gt; \" data-medium-file=\"https:\/\/i0.wp.com\/www.tvturk.com\/wp-content\/uploads\/2020\/01\/ara-transfer-oncesi-olagan-supheliler-10.jpg?fit=300%2C200\" data-large-file=\"https:\/\/i0.wp.com\/www.tvturk.com\/wp-content\/uploads\/2020\/01\/ara-transfer-oncesi-olagan-supheliler-10.jpg?fit=950%2C633\" src=\"https:\/\/i0.wp.com\/www.tvturk.com\/wp-content\/uploads\/2020\/01\/ara-transfer-oncesi-olagan-supheliler-10.jpg?w=129&#038;h=86\" srcset=\"https:\/\/i0.wp.com\/www.tvturk.com\/wp-content\/uploads\/2020\/01\/ara-transfer-oncesi-olagan-supheliler-10.jpg?w=950 950w, https:\/\/i0.wp.com\/www.tvturk.com\/wp-content\/uploads\/2020\/01\/ara-transfer-oncesi-olagan-supheliler-10.jpg?resize=150%2C100 150w, https:\/\/i0.wp.com\/www.tvturk.com\/wp-content\/uploads\/2020\/01\/ara-transfer-oncesi-olagan-supheliler-10.jpg?resize=300%2C200 300w, https:\/\/i0.wp.com\/www.tvturk.com\/wp-content\/uploads\/2020\/01\/ara-transfer-oncesi-olagan-supheliler-10.jpg?resize=768%2C512 768w\" width=\"129\" height=\"86\" loading=\"lazy\" data-original-width=\"129\" data-original-height=\"86\" itemprop=\"http:\/\/schema.org\/image\" title=\"Ara transfer \u00f6ncesi &#039;Ola\u011fan \u015e\u00fcpheliler&#039;\" alt=\"Ara transfer \u00f6ncesi &#039;Ola\u011fan \u015e\u00fcpheliler&#039;\" style=\"width: 129px; height: 86px;\" \/> <\/a> <\/div> <\/div> <!-- close group --> <div class=\"gallery-group images-1\" style=\"width: 133px; height: 90px;\" data-original-width=\"133\" data-original-height=\"90\" > <div class=\"tiled-gallery-item tiled-gallery-item-small\" itemprop=\"associatedMedia\" itemscope itemtype=\"http:\/\/schema.org\/ImageObject\"> <a href=\"http:\/\/www.tvturk.com\/index.php\/ara-transfer-oncesi-olagan-supheliler\/ara-transfer-oncesi-olagan-supheliler-14\/\" border=\"0\" itemprop=\"url\"> <meta itemprop=\"width\" content=\"129\"> <meta itemprop=\"height\" content=\"86\"> <img decoding=\"async\" class=\"\" data-attachment-id=\"250942\" data-orig-file=\"http:\/\/www.tvturk.com\/wp-content\/uploads\/2020\/01\/ara-transfer-oncesi-olagan-supheliler-11.jpg\" data-orig-size=\"950,633\" data-comments-opened=\"\" data-image-meta=\"{&quot;aperture&quot;:&quot;0&quot;,&quot;credit&quot;:&quot;&quot;,&quot;camera&quot;:&quot;&quot;,&quot;caption&quot;:&quot;&quot;,&quot;created_timestamp&quot;:&quot;0&quot;,&quot;copyright&quot;:&quot;&quot;,&quot;focal_length&quot;:&quot;0&quot;,&quot;iso&quot;:&quot;0&quot;,&quot;shutter_speed&quot;:&quot;0&quot;,&quot;title&quot;:&quot;&quot;,&quot;orientation&quot;:&quot;0&quot;}\" data-image-title=\"Ara transfer \u00f6ncesi &amp;#8216;Ola\u011fan \u015e\u00fcpheliler&amp;#8217;\" data-image-description=\"&lt;p&gt;Yuto Nagatomo&amp;#8217;nun akci\u011fer sakatl\u0131\u011f\u0131 sonras\u0131 bir t\u00fcrl\u00fc eski formuna d\u00f6nememesi nedeniyle Galatasaray, yeni sol bek aray\u0131\u015flar\u0131n\u0131 h\u0131zland\u0131rd\u0131. RB Leipzig&amp;#8217;in Uruguayl\u0131 gen\u00e7 sol beki Saracchi i\u00e7in Muslera&amp;#8217;n\u0131n da tavsiyesiyle harekete ge\u00e7ildi. T\u00fcm taraflar anla\u015fma sa\u011flad\u0131. Saracchi&amp;#8217;nin 1.5 y\u0131ll\u0131\u011f\u0131na kiral\u0131k olarak sar\u0131 k\u0131rm\u0131z\u0131l\u0131 formay\u0131 giymesi neredeyse kesin gibi&amp;#8230;&lt;\/p&gt; \" data-medium-file=\"https:\/\/i0.wp.com\/www.tvturk.com\/wp-content\/uploads\/2020\/01\/ara-transfer-oncesi-olagan-supheliler-11.jpg?fit=300%2C200\" data-large-file=\"https:\/\/i0.wp.com\/www.tvturk.com\/wp-content\/uploads\/2020\/01\/ara-transfer-oncesi-olagan-supheliler-11.jpg?fit=950%2C633\" src=\"https:\/\/i0.wp.com\/www.tvturk.com\/wp-content\/uploads\/2020\/01\/ara-transfer-oncesi-olagan-supheliler-11.jpg?w=129&#038;h=86\" srcset=\"https:\/\/i0.wp.com\/www.tvturk.com\/wp-content\/uploads\/2020\/01\/ara-transfer-oncesi-olagan-supheliler-11.jpg?w=950 950w, https:\/\/i0.wp.com\/www.tvturk.com\/wp-content\/uploads\/2020\/01\/ara-transfer-oncesi-olagan-supheliler-11.jpg?resize=150%2C100 150w, https:\/\/i0.wp.com\/www.tvturk.com\/wp-content\/uploads\/2020\/01\/ara-transfer-oncesi-olagan-supheliler-11.jpg?resize=300%2C200 300w, https:\/\/i0.wp.com\/www.tvturk.com\/wp-content\/uploads\/2020\/01\/ara-transfer-oncesi-olagan-supheliler-11.jpg?resize=768%2C512 768w\" width=\"129\" height=\"86\" loading=\"lazy\" data-original-width=\"129\" data-original-height=\"86\" itemprop=\"http:\/\/schema.org\/image\" title=\"Ara transfer \u00f6ncesi &#039;Ola\u011fan \u015e\u00fcpheliler&#039;\" alt=\"Ara transfer \u00f6ncesi &#039;Ola\u011fan \u015e\u00fcpheliler&#039;\" style=\"width: 129px; height: 86px;\" \/> <\/a> <\/div> <\/div> <!-- close group --> <\/div> <!-- close row --> <\/div>\n","protected":false},"excerpt":{"rendered":"<p>Ara transfer \u00f6ncesi &#8216;Ola\u011fan \u015e\u00fcpheliler&#8217;<\/p>\n","protected":false},"author":1,"featured_media":250930,"comment_status":"closed","ping_status":"open","sticky":false,"template":"","format":"standard","meta":{"jetpack_post_was_ever_published":false,"_jetpack_newsletter_access":"","_jetpack_dont_email_post_to_subs":false,"_jetpack_newsletter_tier_id":0,"_jetpack_memberships_contains_paywalled_content":false,"_jetpack_memberships_contains_paid_content":false,"footnotes":"","jetpack_publicize_message":"","jetpack_publicize_feature_enabled":true,"jetpack_social_post_already_shared":true,"jetpack_social_options":{"image_generator_settings":{"template":"highway","default_image_id":0,"font":"","enabled":false},"version":2}},"categories":[3280,657],"tags":[62210],"class_list":["post-250929","post","type-post","status-publish","format-standard","has-post-thumbnail","hentry","category-foto-galeri","category-spor","tag-sporx-ekstra"],"jetpack_publicize_connections":[],"jetpack_featured_media_url":"https:\/\/i0.wp.com\/www.tvturk.com\/wp-content\/uploads\/2020\/01\/ara-transfer-oncesi-olagan-supheliler.jpg?fit=950%2C640","jetpack_sharing_enabled":true,"jetpack_shortlink":"https:\/\/wp.me\/paKIfm-13hf","_links":{"self":[{"href":"http:\/\/www.tvturk.com\/index.php\/wp-json\/wp\/v2\/posts\/250929","targetHints":{"allow":["GET"]}}],"collection":[{"href":"http:\/\/www.tvturk.com\/index.php\/wp-json\/wp\/v2\/posts"}],"about":[{"href":"http:\/\/www.tvturk.com\/index.php\/wp-json\/wp\/v2\/types\/post"}],"author":[{"embeddable":true,"href":"http:\/\/www.tvturk.com\/index.php\/wp-json\/wp\/v2\/users\/1"}],"replies":[{"embeddable":true,"href":"http:\/\/www.tvturk.com\/index.php\/wp-json\/wp\/v2\/comments?post=250929"}],"version-history":[{"count":1,"href":"http:\/\/www.tvturk.com\/index.php\/wp-json\/wp\/v2\/posts\/250929\/revisions"}],"predecessor-version":[{"id":250943,"href":"http:\/\/www.tvturk.com\/index.php\/wp-json\/wp\/v2\/posts\/250929\/revisions\/250943"}],"wp:featuredmedia":[{"embeddable":true,"href":"http:\/\/www.tvturk.com\/index.php\/wp-json\/wp\/v2\/media\/250930"}],"wp:attachment":[{"href":"http:\/\/www.tvturk.com\/index.php\/wp-json\/wp\/v2\/media?parent=250929"}],"wp:term":[{"taxonomy":"category","embeddable":true,"href":"http:\/\/www.tvturk.com\/index.php\/wp-json\/wp\/v2\/categories?post=250929"},{"taxonomy":"post_tag","embeddable":true,"href":"http:\/\/www.tvturk.com\/index.php\/wp-json\/wp\/v2\/tags?post=250929"}],"curies":[{"name":"wp","href":"https:\/\/api.w.org\/{rel}","templated":true}]}}