{"id":251083,"date":"2020-01-03T10:32:38","date_gmt":"2020-01-03T07:32:38","guid":{"rendered":"http:\/\/www.tvturk.com\/index.php\/akhisarli-dunya-sampiyonu-artik-kendi-evinde\/"},"modified":"2020-01-03T10:32:38","modified_gmt":"2020-01-03T07:32:38","slug":"akhisarli-dunya-sampiyonu-artik-kendi-evinde","status":"publish","type":"post","link":"http:\/\/www.tvturk.com\/index.php\/akhisarli-dunya-sampiyonu-artik-kendi-evinde\/","title":{"rendered":"Akhisarl\u0131 D\u00fcnya \u015fampiyonu art\u0131k kendi evinde"},"content":{"rendered":"<p>D\u00fcnya Aerobik Cimnastik \u015eampiyonu Ay\u015fe Beg\u00fcm Onba\u015f\u0131 ve tak\u0131m arkada\u015flar\u0131 Akhisar Belediyespor Kul\u00fcb\u00fc b\u00fcnyesine kat\u0131ld\u0131. Akhisar Belediye Ba\u015fkan\u0131 Besim Dutlulu ve Kul\u00fcp Ba\u015fkan\u0131 Alper Ayan\u2019\u0131n kat\u0131ld\u0131\u011f\u0131 imza t\u00f6reninde konu\u015fan cimnasti\u011fin alt\u0131n k\u0131z\u0131 Ay\u015fe Beg\u00fcm Onba\u015f\u0131, hedefinin d\u00fcnya \u015fampiyonlu\u011fu oldu\u011funu s\u00f6yledi.<\/p>\n<p>Cimnastik sporuna Akhisar\u2019da ba\u015flayan ve uzun y\u0131llar Manisa B\u00fcy\u00fck\u015fehir Belediyespor Kul\u00fcb\u00fc b\u00fcnyesinde m\u00fcsabakalara kat\u0131lan ve en son 2019 y\u0131l\u0131nda Portekiz\u2019in Cantanhe \u015fehrinde d\u00fczenlenen Aerobik Cimnastik D\u00fcnya Kupas\u0131\u2019nda ilk kez yar\u0131\u015ft\u0131\u011f\u0131 \u2018B\u00fcy\u00fckler Tek Kad\u0131n Kategorisi\u2019nde d\u00fcnya \u015fampiyonu olan Ay\u015fe Beg\u00fcm Onba\u015f\u0131 ile tak\u0131m arkada\u015flar\u0131 Erkut Ergin, Emir Er\u0131\u015f\u0131k ve Milli Tak\u0131m Antren\u00f6r\u00fc Mehmet Ali Ekin, bundan sonraki m\u00fcsabakalar\u0131na Akhisar Belediyespor\u2019u temsilen kat\u0131lacak.<\/p>\n<p>Onba\u015f\u0131: &#8220;Bomba gibiyiz, hedefimiz d\u00fcnya \u015fampiyonlu\u011fu&#8221;<\/p>\n<p>15 ya\u015f\u0131nda d\u00fcnya \u015fampiyonlu\u011fu ile tan\u0131\u015fan ve memleketinin spor kul\u00fcb\u00fcne kat\u0131lmaktan b\u00fcy\u00fck bir mutluluk ya\u015fad\u0131\u011f\u0131n\u0131 dile getiren Ay\u015fe Beg\u00fcm Onba\u015f\u0131, &#8220;Akhisar\u2019da do\u011fdum. Spor hayat\u0131ma Akhisar\u2019da ba\u015flad\u0131m. Daha sonra Manisa ile bir ili\u015fki i\u00e7erisinde spor hayat\u0131m devam etti. Tekrar Akhisar\u2019a d\u00f6nmenin mutlulu\u011funu ya\u015f\u0131yorum. \u00d6n\u00fcm\u00fczdeki s\u00fcre\u00e7te Akhisar ve \u00fclkemiz i\u00e7in elimizden gelen en iyi m\u00fccadeleyi verece\u011fiz. Ba\u015farmak istiyoruz; bu y\u00fczden olduk\u00e7a disiplinli bir \u015fekilde \u00e7al\u0131\u015f\u0131yoruz. Bomba gibiyiz. Hedefimiz d\u00fcnya \u015fampiyonlu\u011fu. Bu sefer tek kategori de\u011fil, 3 kategoride de elimizden gelenin en iyisini yapacak ve \u00fclkemizi gururland\u0131raca\u011f\u0131z&#8221; dedi.<\/p>\n<p>Milli sporculardan Erkut Erg\u00fcn ise Akhisar\u2019\u0131n olduk\u00e7a b\u00fcy\u00fck bir kent oldu\u011funu ve Akhisar kul\u00fcb\u00fcne kat\u0131lmaktan gurur duydu\u011funu dile getirdi. Erg\u00fcn, &#8220;Akhisar\u2019a ilk defa geliyorum ama insanlar\u0131 ve kul\u00fcp y\u00f6netimi olduk\u00e7a iyi insanlar, k\u0131sa s\u00fcrede kayna\u015ft\u0131k. Kazanaca\u011f\u0131m\u0131z ba\u015far\u0131larla herkesi mutlu etmek istiyoruz. Bu y\u00fczden daha \u00e7ok \u00e7al\u0131\u015faca\u011f\u0131z&#8221; diye konu\u015ftu.<\/p>\n<p>Besim Dutlulu: &#8220;\u015eampiyon art\u0131k evine d\u00f6nd\u00fc&#8221;<\/p>\n<p>17 ya\u015f\u0131nda aerobik cimnastik tek kad\u0131nlar dal\u0131nda d\u00fcnya \u015fampiyonu olan Ay\u015fe Beg\u00fcm Onba\u015f\u0131\u2019y\u0131 y\u0131llard\u0131r takip etti\u011fini ve ba\u015far\u0131lar\u0131yla gururland\u0131klar\u0131n\u0131 s\u00f6yleyen Akhisar Belediye Ba\u015fkan\u0131 Besim Dutlulu, &#8220;Ay\u015fe Beg\u00fcm, Akhisar\u2019\u0131m\u0131z\u0131n ve T\u00fcrkiye\u2019mizin gururu olan bir sporcumuz. Onun tekrar yuvas\u0131na d\u00f6nmesi ve Akhisar Belediye Spor sporcusu olmas\u0131 bizleri \u00e7ok mutlu etti. Bundan sonraki spor ya\u015fam\u0131nda da ba\u015far\u0131lar\u0131n\u0131 s\u00fcrd\u00fcrece\u011fine y\u00fcrekten inan\u0131yoruz. Ay\u015fe Beg\u00fcm\u2019\u00fc y\u0131llard\u0131r takip ediyor ve ba\u015far\u0131lar\u0131 ile gururlan\u0131yorduk. \u015eampiyon art\u0131k evine d\u00f6nd\u00fc. \u0130n\u015fallah bundan sonra da T\u00fcrkiye, Avrupa ve D\u00fcnya \u015fampiyonluklar\u0131na birlikte sevinece\u011fiz.&#8221; \u015feklinde konu\u015ftu.<\/p>\n<p>&#8220;K\u0131sa s\u00fcrede g\u00fczel ba\u015far\u0131lar kazand\u0131k&#8221;<\/p>\n<p>Akhisar Belediyespor Ba\u015fkan\u0131 Alper Ayan ise, &#8220;Akhisar Belediyespor Kul\u00fcb\u00fc olarak bomba gibi geliyoruz. Basketbol, cimnastik, tekvando, g\u00fcre\u015f, bri\u00e7, masa tenisi gibi bir\u00e7ok bran\u015fta iddial\u0131y\u0131z. Yeni kurulan bir kul\u00fcp olmamam\u0131za ra\u011fmen k\u0131sa s\u00fcrede g\u00fczel ba\u015far\u0131lar kazand\u0131k. Ekibimize kat\u0131larak, evine geri d\u00f6nen Ay\u015fe Beg\u00fcm Onba\u015f\u0131 ve tak\u0131m arkada\u015flar\u0131 bizleri \u00e7ok mutlu etti. Milli sporcular\u0131m\u0131z\u0131n bug\u00fcne kadar yapt\u0131klar\u0131, gelecekte yapacaklar\u0131n\u0131n teminat\u0131 zaten. Biz kendilerinden olduk\u00e7a umutluyuz. Tekrardan hepsine ho\u015f geldin diyorum&#8221; ifadelerini kulland\u0131.<\/p>\n<p>Mehmet Ali Ekin: &#8220;Motivasyonumuz daha y\u00fcksek&#8221;<\/p>\n<p>Milli tak\u0131m antren\u00f6r\u00fc Mehmet Ali Ekin de \u015funlar\u0131 s\u00f6yledi:<\/p>\n<p>&#8220;3 sporcumuzu da bundan sonra art\u0131k Akhisar Belediyespor \u00e7at\u0131s\u0131 alt\u0131nda \u00e7al\u0131\u015ft\u0131raca\u011f\u0131z. Ay\u015fe Beg\u00fcm art\u0131k evine daha yak\u0131n, motivasyonunun daha da y\u00fcksek olaca\u011f\u0131na inan\u0131yorum. Biz de ona g\u00f6re \u015fampiyonluklar\u0131 Akhisar ad\u0131na getirece\u011fiz. Herkese hay\u0131rl\u0131 olsun.&#8221;<\/p>\n<p>2020 y\u0131l\u0131nda d\u00fczenlenecek Olimpiyatlar i\u00e7in \u015fimdiden haz\u0131rl\u0131klara ba\u015flayan ve iddias\u0131n\u0131 ortaya koyan Ay\u015fe Beg\u00fcm Onba\u015f\u0131, Portekiz\u2019den Manisa\u2019ya d\u00f6nd\u00fckten hemen sonra, &#8220;\u00c7\u0131tay\u0131 daha y\u00fckse\u011fe koydum. Durmak yok, \u00e7al\u0131\u015fmaya devam. Olimpiyat\u0131 kazanana kadar&#8221; s\u00f6zleriyle \u00f6n\u00fcndeki ilk hedefin T\u00fcrkiye\u2019ye cimnastik dal\u0131nda olimpiyat \u015fampiyonlu\u011fu getirmek oldu\u011funu dile getirmi\u015fti.<\/p>\n","protected":false},"excerpt":{"rendered":"<p>AY\u015eE BEG\u00dcM ONBA\u015eI (ORTADAK\u0130) \u0130LE TAKIM ARKADA\u015eLARI ERKUT ERG\u0130N (SA\u011eDAN 1.), EM\u0130R ERI\u015eIK VE M\u0130LL\u0130 TAKIM ANTREN\u00d6R\u00dc MEHMET AL\u0130 EK\u0130N (SOLDAN 2.), BUNDAN SONRAK\u0130 M\u00dcSABAKALARINA AKH\u0130SAR BELED\u0130YE SPOR&#8217;U TEMS\u0130LEN KATILACAK.<\/p>\n","protected":false},"author":1,"featured_media":251084,"comment_status":"closed","ping_status":"open","sticky":false,"template":"","format":"standard","meta":{"jetpack_post_was_ever_published":false,"_jetpack_newsletter_access":"","_jetpack_dont_email_post_to_subs":false,"_jetpack_newsletter_tier_id":0,"_jetpack_memberships_contains_paywalled_content":false,"_jetpack_memberships_contains_paid_content":false,"footnotes":"","jetpack_publicize_message":"","jetpack_publicize_feature_enabled":true,"jetpack_social_post_already_shared":true,"jetpack_social_options":{"image_generator_settings":{"template":"highway","default_image_id":0,"font":"","enabled":false},"version":2}},"categories":[657],"tags":[349,16066,2058,1595,5646,2415],"class_list":["post-251083","post","type-post","status-publish","format-standard","has-post-thumbnail","hentry","category-spor","tag-dunya","tag-akhisarli","tag-artik","tag-evinde","tag-kendi","tag-sampiyonu"],"jetpack_publicize_connections":[],"jetpack_featured_media_url":"https:\/\/i0.wp.com\/www.tvturk.com\/wp-content\/uploads\/2020\/01\/akhisarli-dunya-sampiyonu-artik-kendi-evinde_0e6127f.jpg?fit=1000%2C724","jetpack_sharing_enabled":true,"jetpack_shortlink":"https:\/\/wp.me\/paKIfm-13jJ","_links":{"self":[{"href":"http:\/\/www.tvturk.com\/index.php\/wp-json\/wp\/v2\/posts\/251083","targetHints":{"allow":["GET"]}}],"collection":[{"href":"http:\/\/www.tvturk.com\/index.php\/wp-json\/wp\/v2\/posts"}],"about":[{"href":"http:\/\/www.tvturk.com\/index.php\/wp-json\/wp\/v2\/types\/post"}],"author":[{"embeddable":true,"href":"http:\/\/www.tvturk.com\/index.php\/wp-json\/wp\/v2\/users\/1"}],"replies":[{"embeddable":true,"href":"http:\/\/www.tvturk.com\/index.php\/wp-json\/wp\/v2\/comments?post=251083"}],"version-history":[{"count":0,"href":"http:\/\/www.tvturk.com\/index.php\/wp-json\/wp\/v2\/posts\/251083\/revisions"}],"wp:featuredmedia":[{"embeddable":true,"href":"http:\/\/www.tvturk.com\/index.php\/wp-json\/wp\/v2\/media\/251084"}],"wp:attachment":[{"href":"http:\/\/www.tvturk.com\/index.php\/wp-json\/wp\/v2\/media?parent=251083"}],"wp:term":[{"taxonomy":"category","embeddable":true,"href":"http:\/\/www.tvturk.com\/index.php\/wp-json\/wp\/v2\/categories?post=251083"},{"taxonomy":"post_tag","embeddable":true,"href":"http:\/\/www.tvturk.com\/index.php\/wp-json\/wp\/v2\/tags?post=251083"}],"curies":[{"name":"wp","href":"https:\/\/api.w.org\/{rel}","templated":true}]}}