{"id":251101,"date":"2020-01-03T11:16:39","date_gmt":"2020-01-03T08:16:39","guid":{"rendered":"http:\/\/www.tvturk.com\/index.php\/karla-kapli-bolu-daginin-havadan-goruntusu-buyuledi\/"},"modified":"2020-01-03T11:16:39","modified_gmt":"2020-01-03T08:16:39","slug":"karla-kapli-bolu-daginin-havadan-goruntusu-buyuledi","status":"publish","type":"post","link":"http:\/\/www.tvturk.com\/index.php\/karla-kapli-bolu-daginin-havadan-goruntusu-buyuledi\/","title":{"rendered":"Karla kapl\u0131 Bolu Da\u011f\u0131\u2019n\u0131n havadan g\u00f6r\u00fcnt\u00fcs\u00fc b\u00fcy\u00fcledi"},"content":{"rendered":"<p>Bolu\u2019da, hafta boyunca devam eden kar ya\u011f\u0131\u015f\u0131yla birlikte beyaz \u00f6rt\u00fcyle kaplanan Bolu Da\u011f\u0131\u2019ndaki ye\u015fil alanlar\u0131n havadan g\u00f6r\u00fcnt\u00fcs\u00fc b\u00fcy\u00fcleyici manzaray\u0131 ortaya \u00e7\u0131kard\u0131.<\/p>\n<p>Bolu\u2019da, son g\u00fcnlerde aral\u0131klarla devam eden kar ya\u011f\u0131\u015f\u0131yla birlikte y\u00fcksek kesimler beyaz \u00f6rt\u00fcyle kapland\u0131. \u00d6zellikle, T\u00fcrkiye\u2019nin en \u00f6nemli kara yolu ge\u00e7i\u015f g\u00fczergahlar\u0131ndan biri olan Bolu Da\u011f\u0131 mevkiinde etkili olan kar ya\u011f\u0131\u015f\u0131yla birlikte, ye\u015fil alanlarda kar kal\u0131nl\u0131\u011f\u0131 1 metreyi buldu. Zaman zaman yo\u011fun sisin de etkili oldu\u011fu Bolu Da\u011f\u0131\u2019n\u0131n havadan g\u00f6r\u00fcnt\u00fcs\u00fc, kar ya\u011f\u0131\u015f\u0131n\u0131n ard\u0131ndan ortaya \u00e7\u0131kan b\u00fcy\u00fcleyici manzaray\u0131 da g\u00f6zler \u00f6n\u00fcne serdi. \u00c7am a\u011fa\u00e7lar\u0131yla kapl\u0131 olan alanlarda olu\u015fan beyaz \u015f\u00f6len, kartpostall\u0131k g\u00f6r\u00fcnt\u00fcler olu\u015fturdu.<\/p>\n","protected":false},"excerpt":{"rendered":"<p>BOLU\u2019DA, HAFTA BOYUNCA DEVAM EDEN KAR YA\u011eI\u015eIYLA B\u0130RL\u0130KTE BEYAZ \u00d6RT\u00dcYLE KAPLANAN BOLU DA\u011eI\u2019NDAK\u0130 YE\u015e\u0130L ALANLARIN HAVADAN G\u00d6R\u00dcNT\u00dcS\u00dc B\u00dcY\u00dcLEY\u0130C\u0130 MANZARAYI ORTAYA \u00c7IKARDI.<\/p>\n","protected":false},"author":1,"featured_media":251102,"comment_status":"closed","ping_status":"open","sticky":false,"template":"","format":"standard","meta":{"jetpack_post_was_ever_published":false,"_jetpack_newsletter_access":"","_jetpack_dont_email_post_to_subs":false,"_jetpack_newsletter_tier_id":0,"_jetpack_memberships_contains_paywalled_content":false,"_jetpack_memberships_contains_paid_content":false,"footnotes":"","jetpack_publicize_message":"","jetpack_publicize_feature_enabled":true,"jetpack_social_post_already_shared":true,"jetpack_social_options":{"image_generator_settings":{"template":"highway","default_image_id":0,"font":"","enabled":false},"version":2}},"categories":[1],"tags":[3843,13578,43334,9905,3387,15240,887],"class_list":["post-251101","post","type-post","status-publish","format-standard","has-post-thumbnail","hentry","category-genel","tag-bolu","tag-buyuledi","tag-daginin","tag-goruntusu","tag-havadan","tag-kapli","tag-karla"],"jetpack_publicize_connections":[],"jetpack_featured_media_url":"https:\/\/i0.wp.com\/www.tvturk.com\/wp-content\/uploads\/2020\/01\/karla-kapli-bolu-daginin-havadan-goruntusu-buyuledi_2513d5f.jpg?fit=1000%2C562","jetpack_sharing_enabled":true,"jetpack_shortlink":"https:\/\/wp.me\/paKIfm-13k1","_links":{"self":[{"href":"http:\/\/www.tvturk.com\/index.php\/wp-json\/wp\/v2\/posts\/251101","targetHints":{"allow":["GET"]}}],"collection":[{"href":"http:\/\/www.tvturk.com\/index.php\/wp-json\/wp\/v2\/posts"}],"about":[{"href":"http:\/\/www.tvturk.com\/index.php\/wp-json\/wp\/v2\/types\/post"}],"author":[{"embeddable":true,"href":"http:\/\/www.tvturk.com\/index.php\/wp-json\/wp\/v2\/users\/1"}],"replies":[{"embeddable":true,"href":"http:\/\/www.tvturk.com\/index.php\/wp-json\/wp\/v2\/comments?post=251101"}],"version-history":[{"count":0,"href":"http:\/\/www.tvturk.com\/index.php\/wp-json\/wp\/v2\/posts\/251101\/revisions"}],"wp:featuredmedia":[{"embeddable":true,"href":"http:\/\/www.tvturk.com\/index.php\/wp-json\/wp\/v2\/media\/251102"}],"wp:attachment":[{"href":"http:\/\/www.tvturk.com\/index.php\/wp-json\/wp\/v2\/media?parent=251101"}],"wp:term":[{"taxonomy":"category","embeddable":true,"href":"http:\/\/www.tvturk.com\/index.php\/wp-json\/wp\/v2\/categories?post=251101"},{"taxonomy":"post_tag","embeddable":true,"href":"http:\/\/www.tvturk.com\/index.php\/wp-json\/wp\/v2\/tags?post=251101"}],"curies":[{"name":"wp","href":"https:\/\/api.w.org\/{rel}","templated":true}]}}