{"id":251199,"date":"2020-01-03T13:32:13","date_gmt":"2020-01-03T10:32:13","guid":{"rendered":"http:\/\/www.tvturk.com\/index.php\/sel-sonrasi-yikim-karari-alinan-o-bina-yikiliyor\/"},"modified":"2020-01-03T13:32:13","modified_gmt":"2020-01-03T10:32:13","slug":"sel-sonrasi-yikim-karari-alinan-o-bina-yikiliyor","status":"publish","type":"post","link":"http:\/\/www.tvturk.com\/index.php\/sel-sonrasi-yikim-karari-alinan-o-bina-yikiliyor\/","title":{"rendered":"Sel sonras\u0131 y\u0131k\u0131m karar\u0131 al\u0131nan o bina y\u0131k\u0131l\u0131yor"},"content":{"rendered":"<p>Ordu\u2019nun \u00dcnye il\u00e7esinde 2018 y\u0131l\u0131n\u0131n A\u011fustos ay\u0131nda ya\u015fanan sel felaketi sonras\u0131nda \u00c7evre ve \u015eehircilik Bakanl\u0131\u011f\u0131 taraf\u0131ndan dere yata\u011f\u0131nda yap\u0131lan in\u015faat\u0131n y\u0131k\u0131m \u00e7al\u0131\u015fmas\u0131na bug\u00fcn ba\u015fland\u0131.<\/p>\n<p>Karadeniz B\u00f6lgesi\u2019nde 2018 y\u0131l\u0131nda ya\u015fanan sel felaketi sonras\u0131 \u00c7evre ve \u015eehircilik Bakanl\u0131\u011f\u0131 taraf\u0131ndan dere yataklar\u0131ndaki yap\u0131lan yap\u0131la\u015fmayla alakal\u0131 al\u0131nan karar do\u011frultusunda y\u0131k\u0131m i\u015flemlerine daha \u00f6ncede Rize\u2019de ba\u015flanmas\u0131 sonras\u0131, \u00dcnye\u2019de de bir binan\u0131n y\u0131k\u0131lmas\u0131 kararla\u015ft\u0131r\u0131ld\u0131. Al\u0131nan karar sonras\u0131 yap\u0131lan tespitlerle beraber binan\u0131n yer sahibine bedeli \u00f6denerek bug\u00fcn y\u0131k\u0131m\u0131na ba\u015fland\u0131.<\/p>\n<p>&#8220;Bir hafta i\u00e7erisinde y\u0131k\u0131m\u0131 bitirece\u011fiz&#8221;<\/p>\n<p>Bina y\u0131k\u0131m\u0131 \u00f6ncesi konu\u015fan Ordu \u00c7evre ve \u015eehircilik \u0130l M\u00fcd\u00fcr\u00fc H\u00fcseyin \u00d6zt\u00fcrk,&#8221;Buraya ge\u00e7ti\u011fimiz 2018 y\u0131l\u0131n\u0131n A\u011fustos ay\u0131nda ilimizde meydana gelen sel felaketi m\u00fcnasebetiyle \u00c7evre ve \u015eehircilik Bakan\u0131m\u0131z Murat Kurum\u2019un ilimizde incelemelerde bulunmak \u00fczere sel b\u00f6lgesine gelmi\u015ftir. Yapt\u0131\u011f\u0131 \u00e7al\u0131\u015fmalar sonucunda verdi\u011fi talimatlar neticesinde bu binan\u0131n riskli bina olmas\u0131 ve y\u0131k\u0131lmas\u0131na karar verdi. O tarihten itibaren kamula\u015ft\u0131rma karar\u0131 sonras\u0131 y\u0131k\u0131m ihalesine \u00e7\u0131k\u0131ld\u0131. Bu g\u00fcnde y\u0131k\u0131m i\u015flemine ba\u015flad\u0131k. Bundan sonrada bu t\u00fcr binalar\u0131n dere yataklar\u0131nda ta\u015fk\u0131na neden olan yada su ta\u015fk\u0131nlar\u0131ndan etkilenen binalar\u0131n vatanda\u015flar\u0131m\u0131z\u0131n da duyarl\u0131\u011f\u0131yla beraber hassas olmalar\u0131n\u0131 istiyoruz. Bakanl\u0131\u011f\u0131m\u0131z\u0131n ba\u015flatm\u0131\u015f oldu\u011fu stratejik eylem plan\u0131 kapsam\u0131nda da bu \u00e7al\u0131\u015fmalar\u0131n tespitlerini yapt\u0131k ve bir hafta i\u00e7erisinde y\u0131k\u0131m\u0131 bitirece\u011fiz&#8221; dedi.<\/p>\n<p>\u00dcnye Kaymakam\u0131 \u00dcmit H\u00fcseyin G\u00fcney,&#8221; 2018 y\u0131l\u0131n\u0131n A\u011fustos ay\u0131nda ya\u015fan\u0131lan sel sonras\u0131 il\u00e7emizde hasarlar ve \u00e7ok ciddi derecede selden etkilenen b\u00f6lgeler meydana geldi. \u00d6zellikle Karadeniz B\u00f6lgesi olmas\u0131 nedeniyle a\u015f\u0131r\u0131 ya\u011f\u0131\u015flar\u0131n b\u00f6lgemizde bulunmas\u0131 nedeniyle dere yataklar\u0131 \u00fczerinde bulunan binalar\u0131n sel meydana getirmesi en b\u00fcy\u00fck etkenlerden bir tanesidir. Devletin ayn\u0131 zamanda hukuk \u00e7er\u00e7evesinde birisi bir binaya yada bir b\u00f6lgeye zarar verecek tesisi y\u0131kmakta devletin g\u00f6revidir. \u00dclkemizde yaylalarda ve dere yataklar\u0131nda imar bar\u0131\u015f\u0131na dayal\u0131 binalar y\u0131k\u0131l\u0131yor. Bizler dere bak\u0131m \u00e7al\u0131\u015fmalar\u0131na \u00dcnye olarak bakarsak k\u00f6pr\u00fclerimiz ve \u0131slah \u00e7al\u0131\u015fmalar\u0131m\u0131z h\u0131zl\u0131 bir \u015fekilde yap\u0131m\u0131 ger\u00e7ekle\u015fti&#8221; diye konu\u015ftu.<\/p>\n","protected":false},"excerpt":{"rendered":"<p>ORDU\u2019NUN \u00dcNYE \u0130L\u00c7ES\u0130NDE 2018 YILININ A\u011eUSTOS AYINDA YA\u015eANAN SEL FELAKET\u0130 SONRASINDA \u00c7EVRE VE \u015eEH\u0130RC\u0130L\u0130K BAKANLI\u011eI TARAFINDAN DERE YATA\u011eINDA YAPILAN \u0130N\u015eAATIN YIKIM \u00c7ALI\u015eMASINA BU G\u00dcN BA\u015eLANDI.<\/p>\n","protected":false},"author":1,"featured_media":251200,"comment_status":"closed","ping_status":"open","sticky":false,"template":"","format":"standard","meta":{"jetpack_post_was_ever_published":false,"_jetpack_newsletter_access":"","_jetpack_dont_email_post_to_subs":false,"_jetpack_newsletter_tier_id":0,"_jetpack_memberships_contains_paywalled_content":false,"_jetpack_memberships_contains_paid_content":false,"footnotes":"","jetpack_publicize_message":"","jetpack_publicize_feature_enabled":true,"jetpack_social_post_already_shared":true,"jetpack_social_options":{"image_generator_settings":{"template":"highway","default_image_id":0,"font":"","enabled":false},"version":2}},"categories":[1],"tags":[695,3422,2945,2832,36,1134,10144],"class_list":["post-251199","post","type-post","status-publish","format-standard","has-post-thumbnail","hentry","category-genel","tag-sel","tag-alinan","tag-bina","tag-karari","tag-sonrasi","tag-yikiliyor","tag-yikim"],"jetpack_publicize_connections":[],"jetpack_featured_media_url":"https:\/\/i0.wp.com\/www.tvturk.com\/wp-content\/uploads\/2020\/01\/sel-sonrasi-yikim-karari-alinan-o-bina-yikiliyor_b9d935d.jpg?fit=1000%2C662","jetpack_sharing_enabled":true,"jetpack_shortlink":"https:\/\/wp.me\/paKIfm-13lB","_links":{"self":[{"href":"http:\/\/www.tvturk.com\/index.php\/wp-json\/wp\/v2\/posts\/251199","targetHints":{"allow":["GET"]}}],"collection":[{"href":"http:\/\/www.tvturk.com\/index.php\/wp-json\/wp\/v2\/posts"}],"about":[{"href":"http:\/\/www.tvturk.com\/index.php\/wp-json\/wp\/v2\/types\/post"}],"author":[{"embeddable":true,"href":"http:\/\/www.tvturk.com\/index.php\/wp-json\/wp\/v2\/users\/1"}],"replies":[{"embeddable":true,"href":"http:\/\/www.tvturk.com\/index.php\/wp-json\/wp\/v2\/comments?post=251199"}],"version-history":[{"count":0,"href":"http:\/\/www.tvturk.com\/index.php\/wp-json\/wp\/v2\/posts\/251199\/revisions"}],"wp:featuredmedia":[{"embeddable":true,"href":"http:\/\/www.tvturk.com\/index.php\/wp-json\/wp\/v2\/media\/251200"}],"wp:attachment":[{"href":"http:\/\/www.tvturk.com\/index.php\/wp-json\/wp\/v2\/media?parent=251199"}],"wp:term":[{"taxonomy":"category","embeddable":true,"href":"http:\/\/www.tvturk.com\/index.php\/wp-json\/wp\/v2\/categories?post=251199"},{"taxonomy":"post_tag","embeddable":true,"href":"http:\/\/www.tvturk.com\/index.php\/wp-json\/wp\/v2\/tags?post=251199"}],"curies":[{"name":"wp","href":"https:\/\/api.w.org\/{rel}","templated":true}]}}