{"id":251213,"date":"2020-01-03T14:02:37","date_gmt":"2020-01-03T11:02:37","guid":{"rendered":"http:\/\/www.tvturk.com\/index.php\/erdem-dergisinin-bilim-tarihi-ve-fuat-sezgin-ozel-sayisi-okurlarla-bulustu\/"},"modified":"2020-01-03T14:02:37","modified_gmt":"2020-01-03T11:02:37","slug":"erdem-dergisinin-bilim-tarihi-ve-fuat-sezgin-ozel-sayisi-okurlarla-bulustu","status":"publish","type":"post","link":"http:\/\/www.tvturk.com\/index.php\/erdem-dergisinin-bilim-tarihi-ve-fuat-sezgin-ozel-sayisi-okurlarla-bulustu\/","title":{"rendered":"Erdem Dergisi\u2019nin \u2018\u2018Bilim Tarihi ve Fuat Sezgin \u00d6zel Say\u0131s\u0131\u2019\u2019 okurlarla bulu\u015ftu"},"content":{"rendered":"<p>Atat\u00fcrk K\u00fclt\u00fcr, Dil ve Tarih Y\u00fcksek Kurumu b\u00fcnyesindeki Atat\u00fcrk K\u00fclt\u00fcr Merkezi Ba\u015fkanl\u0131\u011f\u0131n\u0131n s\u00fcreli, akademik ve hakemli yay\u0131nlar\u0131ndan Erdem Dergisi, 77\u2019nci say\u0131s\u0131yla okurlarla bulu\u015ftu.<\/p>\n<p>1985 y\u0131l\u0131ndan bu yana T\u00fcrkiye\u2019nin sosyal bilimler alan\u0131nda yay\u0131mlanan en k\u00f6kl\u00fc dergilerinden olan Erdem\u2019in \u201cBilim Tarihi ve Prof. Dr. Fuat Sezgin \u00d6zel Say\u0131s\u0131\u201d olarak haz\u0131rlanan son say\u0131s\u0131nda 13 makale ve 2 kitap tan\u0131t\u0131m yaz\u0131s\u0131 yer al\u0131yor. Haziran ve aral\u0131k aylar\u0131nda olmak \u00fczere y\u0131lda iki kez yay\u0131mlanan dergi, sosyal bilimlerin k\u00fclt\u00fcr, edebiyat, felsefe, sanat, sanat tarihi, bilim tarihi gibi \u00e7e\u015fitli alanlar\u0131nda akademik, \u00f6zg\u00fcn ara\u015ft\u0131rma ve incelemelere, \u00e7eviri ve kitap tan\u0131t\u0131m yaz\u0131lar\u0131na yer veriyor. Ad\u0131n\u0131 Ord. Prof. Dr. Ayd\u0131n Say\u0131l\u0131\u2019n\u0131n verdi\u011fi dergi, Tr Dizin, Sobiad, Asos, MLA, EBSCOhost taraf\u0131ndan taran\u0131yor. Derginin di\u011fer uluslararas\u0131 dizin ve platformlarda da yer almas\u0131 i\u00e7in \u00e7al\u0131\u015fmalar y\u00fcr\u00fct\u00fcl\u00fcyor. Derginin t\u00fcm say\u0131lar\u0131na https:\/\/dergipark.org.tr\/tr\/pub\/erdem adresinden \u00fccretsiz olarak ula\u015f\u0131labiliyor.<\/p>\n","protected":false},"excerpt":{"rendered":"<p>ATAT\u00dcRK K\u00dcLT\u00dcR, D\u0130L VE TAR\u0130H Y\u00dcKSEK KURUMU B\u00dcNYES\u0130NDEK\u0130 ATAT\u00dcRK K\u00dcLT\u00dcR MERKEZ\u0130 BA\u015eKANLI\u011eININ S\u00dcREL\u0130, AKADEM\u0130K VE HAKEML\u0130 YAYINLARINDAN ERDEM DERG\u0130S\u0130, 77\u2019NC\u0130 SAYISIYLA OKURLARLA BULU\u015eTU.<\/p>\n","protected":false},"author":1,"featured_media":251214,"comment_status":"closed","ping_status":"open","sticky":false,"template":"","format":"standard","meta":{"jetpack_post_was_ever_published":false,"_jetpack_newsletter_access":"","_jetpack_dont_email_post_to_subs":false,"_jetpack_newsletter_tier_id":0,"_jetpack_memberships_contains_paywalled_content":false,"_jetpack_memberships_contains_paid_content":false,"footnotes":"","jetpack_publicize_message":"","jetpack_publicize_feature_enabled":true,"jetpack_social_post_already_shared":true,"jetpack_social_options":{"image_generator_settings":{"template":"highway","default_image_id":0,"font":"","enabled":false},"version":2}},"categories":[656],"tags":[1073,3032,389,2749,137,2751,27767,611,2752,800],"class_list":["post-251213","post","type-post","status-publish","format-standard","has-post-thumbnail","hentry","category-kultur-sanat","tag-ozel","tag-bilim","tag-bulustu","tag-dergisinin","tag-erdem","tag-fuat","tag-okurlarla","tag-sayisi","tag-sezgin","tag-tarihi"],"jetpack_publicize_connections":[],"jetpack_featured_media_url":"https:\/\/i0.wp.com\/www.tvturk.com\/wp-content\/uploads\/2020\/01\/erdem-dergisinin-bilim-tarihi-ve-fuat-sezgin-ozel-sayisi-okurlarla-bulustu_7ab1ccb.jpg?fit=1000%2C666","jetpack_sharing_enabled":true,"jetpack_shortlink":"https:\/\/wp.me\/paKIfm-13lP","_links":{"self":[{"href":"http:\/\/www.tvturk.com\/index.php\/wp-json\/wp\/v2\/posts\/251213","targetHints":{"allow":["GET"]}}],"collection":[{"href":"http:\/\/www.tvturk.com\/index.php\/wp-json\/wp\/v2\/posts"}],"about":[{"href":"http:\/\/www.tvturk.com\/index.php\/wp-json\/wp\/v2\/types\/post"}],"author":[{"embeddable":true,"href":"http:\/\/www.tvturk.com\/index.php\/wp-json\/wp\/v2\/users\/1"}],"replies":[{"embeddable":true,"href":"http:\/\/www.tvturk.com\/index.php\/wp-json\/wp\/v2\/comments?post=251213"}],"version-history":[{"count":0,"href":"http:\/\/www.tvturk.com\/index.php\/wp-json\/wp\/v2\/posts\/251213\/revisions"}],"wp:featuredmedia":[{"embeddable":true,"href":"http:\/\/www.tvturk.com\/index.php\/wp-json\/wp\/v2\/media\/251214"}],"wp:attachment":[{"href":"http:\/\/www.tvturk.com\/index.php\/wp-json\/wp\/v2\/media?parent=251213"}],"wp:term":[{"taxonomy":"category","embeddable":true,"href":"http:\/\/www.tvturk.com\/index.php\/wp-json\/wp\/v2\/categories?post=251213"},{"taxonomy":"post_tag","embeddable":true,"href":"http:\/\/www.tvturk.com\/index.php\/wp-json\/wp\/v2\/tags?post=251213"}],"curies":[{"name":"wp","href":"https:\/\/api.w.org\/{rel}","templated":true}]}}