{"id":251243,"date":"2020-01-03T14:46:55","date_gmt":"2020-01-03T11:46:55","guid":{"rendered":"http:\/\/www.tvturk.com\/index.php\/sivasta-iki-cocugun-hayalleri-gercek-olacak\/"},"modified":"2020-01-03T14:46:55","modified_gmt":"2020-01-03T11:46:55","slug":"sivasta-iki-cocugun-hayalleri-gercek-olacak","status":"publish","type":"post","link":"http:\/\/www.tvturk.com\/index.php\/sivasta-iki-cocugun-hayalleri-gercek-olacak\/","title":{"rendered":"Sivas\u2019ta iki \u00e7ocu\u011fun hayalleri ger\u00e7ek olacak"},"content":{"rendered":"<p>Sivas\u2019ta bir muhabirin yeni y\u0131l hayallerini sordu\u011fu iki \u00e7ocuk balona binmek istediklerini s\u00f6yleyince g\u00f6r\u00fcnt\u00fcleri izleyen Nev\u015fehir Belediye Ba\u015fkan\u0131 Rasim Ar\u0131, \u00e7ocuklar\u0131n hayalini ger\u00e7ekle\u015ftirmek i\u00e7in harekete ge\u00e7ti.<\/p>\n<p>Sivas\u2019ta uydu \u00fczerinden yay\u0131n yapan Sivas Radyo Televizyonu (SRT) muhabiri Emine Biyan, yeni y\u0131l \u00f6ncesi vatanda\u015flarla r\u00f6portaj yapt\u0131\u011f\u0131 esnada iki k\u00fc\u00e7\u00fck \u00e7ocu\u011fa 2020 y\u0131l\u0131nda ger\u00e7ekle\u015fmesini istedikleri hayallerini sordu. Yabanc\u0131 uyruklu olduklar\u0131 \u00f6\u011frenilen \u00e7ocuklar, \u201cMutluluk isteriz. Hayat\u0131m\u0131z d\u00fczenli olsun yeter bize. Balonlar ile u\u00e7mak istiyoruz\u201c cevab\u0131n\u0131 verdi. Biyan\u2019\u0131n \u00e7ocuklar ile yapt\u0131\u011f\u0131 r\u00f6portaj sosyal medyada binlerce ki\u015fi taraf\u0131ndan payla\u015f\u0131larak ilgi oda\u011f\u0131 oldu. Nev\u015fehir Belediye Ba\u015fkan\u0131 Rasim Ar\u0131 da videoyu sosyal medya hesab\u0131ndan payla\u015farak, Sivas Belediye Ba\u015fkan\u0131 Hilmi Bilgin\u2019i etiketledi. Ar\u0131 yapt\u0131\u011f\u0131 payla\u015f\u0131mda, \u201cMasumiyetlerine gurban olduklar\u0131m. Hayalleri balonla u\u00e7makm\u0131\u015f, K\u0131ymetli @avhilmibilgin ba\u015fkan\u0131m \u015fayet karde\u015flerimizi tespit edip de \u015fehrimize g\u00f6nderirseniz Kapadokya\u2019da balona bindirip hayallerini ger\u00e7ekle\u015ftirmek boynumuzun borcudur. Her \u015fey bir hayalle ba\u015flar \u201cifadelerini kulland\u0131.<\/p>\n<p>Sivas Belediye Ba\u015fkan\u0131 Hilmi Bilgin de Ba\u015fkan Ar\u0131\u2019ya yan\u0131t olarak, \u201cDo\u011fa harikas\u0131 Nev\u015fehir\u2019e selam olsun Rasim ba\u015fkan\u0131m. \u0130n\u015fallah bu minik karde\u015flerimizin hayallerini el ele vererek ger\u00e7ekle\u015ftirece\u011fiz. Bu sevince ortak olman\u0131z bizleri ziyadesiyle memnun etmi\u015ftir\u201d dedi.<\/p>\n<p>K\u00fc\u00e7\u00fck \u00e7ocuklar\u0131n hayallerinin ger\u00e7ekle\u015ftirilmesi i\u00e7in sosyal medyada ba\u015flat\u0131lan kampanya \u00fczerine yabanc\u0131 uyruklu olduklar\u0131 \u00f6\u011frenilen \u00e7ocuklara ula\u015f\u0131ld\u0131. \u00c7ocuklar\u0131n \u00f6n\u00fcm\u00fczdeki g\u00fcnlerde Nev\u015fehir\u2019e g\u00f6t\u00fcr\u00fclerek hayallerinin ger\u00e7ekle\u015ftirilmesi planlan\u0131yor.<\/p>\n","protected":false},"excerpt":{"rendered":"<p>S\u0130VAS\u2019TA B\u0130R MUHAB\u0130R\u0130N YEN\u0130 YIL HAYALLER\u0130N\u0130 SORDU\u011eU \u00c7OCUKLARIN VERD\u0130KLER\u0130 CEVAPLAR SOSYAL MEDYADA \u0130LG\u0130 ODA\u011eI OLDU.<\/p>\n","protected":false},"author":1,"featured_media":251244,"comment_status":"closed","ping_status":"open","sticky":false,"template":"","format":"standard","meta":{"jetpack_post_was_ever_published":false,"_jetpack_newsletter_access":"","_jetpack_dont_email_post_to_subs":false,"_jetpack_newsletter_tier_id":0,"_jetpack_memberships_contains_paywalled_content":false,"_jetpack_memberships_contains_paid_content":false,"footnotes":"","jetpack_publicize_message":"","jetpack_publicize_feature_enabled":true,"jetpack_social_post_already_shared":true,"jetpack_social_options":{"image_generator_settings":{"template":"highway","default_image_id":0,"font":"","enabled":false},"version":2}},"categories":[1],"tags":[6330,1871,9310,1220,1189,3765],"class_list":["post-251243","post","type-post","status-publish","format-standard","has-post-thumbnail","hentry","category-genel","tag-cocugun","tag-gercek","tag-hayalleri","tag-iki","tag-olacak","tag-sivasta"],"jetpack_publicize_connections":[],"jetpack_featured_media_url":"https:\/\/i0.wp.com\/www.tvturk.com\/wp-content\/uploads\/2020\/01\/sivasta-iki-cocugun-hayalleri-gercek-olacak_ce565c8.jpg?fit=1000%2C562","jetpack_sharing_enabled":true,"jetpack_shortlink":"https:\/\/wp.me\/paKIfm-13mj","_links":{"self":[{"href":"http:\/\/www.tvturk.com\/index.php\/wp-json\/wp\/v2\/posts\/251243","targetHints":{"allow":["GET"]}}],"collection":[{"href":"http:\/\/www.tvturk.com\/index.php\/wp-json\/wp\/v2\/posts"}],"about":[{"href":"http:\/\/www.tvturk.com\/index.php\/wp-json\/wp\/v2\/types\/post"}],"author":[{"embeddable":true,"href":"http:\/\/www.tvturk.com\/index.php\/wp-json\/wp\/v2\/users\/1"}],"replies":[{"embeddable":true,"href":"http:\/\/www.tvturk.com\/index.php\/wp-json\/wp\/v2\/comments?post=251243"}],"version-history":[{"count":0,"href":"http:\/\/www.tvturk.com\/index.php\/wp-json\/wp\/v2\/posts\/251243\/revisions"}],"wp:featuredmedia":[{"embeddable":true,"href":"http:\/\/www.tvturk.com\/index.php\/wp-json\/wp\/v2\/media\/251244"}],"wp:attachment":[{"href":"http:\/\/www.tvturk.com\/index.php\/wp-json\/wp\/v2\/media?parent=251243"}],"wp:term":[{"taxonomy":"category","embeddable":true,"href":"http:\/\/www.tvturk.com\/index.php\/wp-json\/wp\/v2\/categories?post=251243"},{"taxonomy":"post_tag","embeddable":true,"href":"http:\/\/www.tvturk.com\/index.php\/wp-json\/wp\/v2\/tags?post=251243"}],"curies":[{"name":"wp","href":"https:\/\/api.w.org\/{rel}","templated":true}]}}