{"id":251245,"date":"2020-01-03T15:01:36","date_gmt":"2020-01-03T12:01:36","guid":{"rendered":"http:\/\/www.tvturk.com\/index.php\/iranlilar-general-suleymaninin-intikami-icin-meydanlara-indi\/"},"modified":"2020-01-03T15:01:36","modified_gmt":"2020-01-03T12:01:36","slug":"iranlilar-general-suleymaninin-intikami-icin-meydanlara-indi","status":"publish","type":"post","link":"http:\/\/www.tvturk.com\/index.php\/iranlilar-general-suleymaninin-intikami-icin-meydanlara-indi\/","title":{"rendered":"\u0130ranl\u0131lar General S\u00fcleymani\u2019nin intikam\u0131 i\u00e7in meydanlara indi"},"content":{"rendered":"<p>\u0130ran Devrim Muhaf\u0131zlar\u0131 Kud\u00fcs G\u00fcc\u00fc Komutan\u0131 Tu\u011fgeneral Kas\u0131m S\u00fcleymani\u2019nin \u00f6ld\u00fcr\u00fclmesinin ard\u0131ndan \u0130ran genelinde protesto y\u00fcr\u00fcy\u00fc\u015fleri d\u00fczenleniyor.<\/p>\n<p>\u0130ran Devrim Muhaf\u0131zlar\u0131 Kud\u00fcs G\u00fcc\u00fc Komutan\u0131 Tu\u011fgeneral Kas\u0131m S\u00fcleymani\u2019nin Irak\u2019ta ABD sald\u0131r\u0131s\u0131 ile hayat\u0131n\u0131 kaybetmesi nedeniyle \u0130ran\u2019da bug\u00fcn protesto y\u00fcr\u00fcy\u00fc\u015fleri yap\u0131l\u0131yor. Ba\u015fkent Tahran ve \u00fclke genelinde cuma namaz\u0131 sonras\u0131nda d\u00fczenlenen g\u00f6sterilerde ABD ve \u0130srail\u2019e \u00f6l\u00fcm sloganlar\u0131 at\u0131ld\u0131. \u0130ntikam \u00e7a\u011fr\u0131lar\u0131 yapan \u0130ranl\u0131 g\u00f6stericiler, General S\u00fcleymani\u2019nin \u00f6l\u00fcm\u00fc nedeniyle matem t\u00f6renleri d\u00fczenledikten sonra \u2019kahrolsun Amerika ve \u0130srail\u2019 sloganlar\u0131 att\u0131.<\/p>\n<p>Tahran\u2019daki cuma hutbesinde konu\u015fan Ayetullah Ahmet Hatemi, ABD\u2019nin General S\u00fcleymani\u2019ye y\u00f6nelik sald\u0131r\u0131s\u0131n\u0131 k\u0131nayarak, &#8220;Art\u0131k d\u00fcnyan\u0131n hi\u00e7bir yerinde ABD\u2019lilere rahat yok. \u00d6zelikle Trump \u015funu bilsin ki General S\u00fcleymani\u2019nin akan kan\u0131n\u0131n intikam\u0131n\u0131 alaca\u011f\u0131z\u201d ifadelerini kulland\u0131.<\/p>\n<p>ABD\u2019nin yok olu\u015funa daha da yakla\u015ft\u0131\u011f\u0131n\u0131 vurgulayan Ayetullah Hatemi, \u0130ran\u2019\u0131n General S\u00fcleymani\u2019nin yolundan ilerlemeye devam edece\u011fini s\u00f6yledi.<\/p>\n<p>\u0130ran Dini Lideri Ayetullah Hamaney, General S\u00fcleymani\u2019nin hayat\u0131n\u0131 kaybetmesinden dolay\u0131 \u00fclke genelinde 3 g\u00fcnl\u00fck yas ilan ederken, ABD\u2019den intikam\u0131n al\u0131naca\u011f\u0131n\u0131 belirtmi\u015fti.<\/p>\n","protected":false},"excerpt":{"rendered":"<p>\u0130RAN DEVR\u0130M MUHAFIZLARI KUD\u00dcS G\u00dcC\u00dc KOMUTANI TU\u011eGENERAL KASIM S\u00dcLEYMAN\u0130\u2019N\u0130N \u00d6LD\u00dcR\u00dcLMES\u0130N\u0130N ARDINDAN \u0130RAN GENEL\u0130NDE PROTESTO Y\u00dcR\u00dcY\u00dc\u015eLER\u0130 D\u00dcZENLEN\u0130YOR.<\/p>\n","protected":false},"author":1,"featured_media":251246,"comment_status":"closed","ping_status":"open","sticky":false,"template":"","format":"standard","meta":{"jetpack_post_was_ever_published":false,"_jetpack_newsletter_access":"","_jetpack_dont_email_post_to_subs":false,"_jetpack_newsletter_tier_id":0,"_jetpack_memberships_contains_paywalled_content":false,"_jetpack_memberships_contains_paid_content":false,"footnotes":"","jetpack_publicize_message":"","jetpack_publicize_feature_enabled":true,"jetpack_social_post_already_shared":true,"jetpack_social_options":{"image_generator_settings":{"template":"highway","default_image_id":0,"font":"","enabled":false},"version":2}},"categories":[10],"tags":[62256,44,2460,62257,12362,24174,62238],"class_list":["post-251245","post","type-post","status-publish","format-standard","has-post-thumbnail","hentry","category-dunya","tag-general","tag-icin","tag-indi","tag-intikami","tag-iranlilar","tag-meydanlara","tag-suleymaninin"],"jetpack_publicize_connections":[],"jetpack_featured_media_url":"https:\/\/i0.wp.com\/www.tvturk.com\/wp-content\/uploads\/2020\/01\/iranlilar-general-suleymaninin-intikami-icin-meydanlara-indi_b6fd5d1.jpg?fit=1000%2C642","jetpack_sharing_enabled":true,"jetpack_shortlink":"https:\/\/wp.me\/paKIfm-13ml","_links":{"self":[{"href":"http:\/\/www.tvturk.com\/index.php\/wp-json\/wp\/v2\/posts\/251245","targetHints":{"allow":["GET"]}}],"collection":[{"href":"http:\/\/www.tvturk.com\/index.php\/wp-json\/wp\/v2\/posts"}],"about":[{"href":"http:\/\/www.tvturk.com\/index.php\/wp-json\/wp\/v2\/types\/post"}],"author":[{"embeddable":true,"href":"http:\/\/www.tvturk.com\/index.php\/wp-json\/wp\/v2\/users\/1"}],"replies":[{"embeddable":true,"href":"http:\/\/www.tvturk.com\/index.php\/wp-json\/wp\/v2\/comments?post=251245"}],"version-history":[{"count":0,"href":"http:\/\/www.tvturk.com\/index.php\/wp-json\/wp\/v2\/posts\/251245\/revisions"}],"wp:featuredmedia":[{"embeddable":true,"href":"http:\/\/www.tvturk.com\/index.php\/wp-json\/wp\/v2\/media\/251246"}],"wp:attachment":[{"href":"http:\/\/www.tvturk.com\/index.php\/wp-json\/wp\/v2\/media?parent=251245"}],"wp:term":[{"taxonomy":"category","embeddable":true,"href":"http:\/\/www.tvturk.com\/index.php\/wp-json\/wp\/v2\/categories?post=251245"},{"taxonomy":"post_tag","embeddable":true,"href":"http:\/\/www.tvturk.com\/index.php\/wp-json\/wp\/v2\/tags?post=251245"}],"curies":[{"name":"wp","href":"https:\/\/api.w.org\/{rel}","templated":true}]}}