{"id":251265,"date":"2020-01-03T15:17:15","date_gmt":"2020-01-03T12:17:15","guid":{"rendered":"http:\/\/www.tvturk.com\/index.php\/denizlisporda-3-futbolcu-suresiz-kadro-disi-birakildi\/"},"modified":"2020-01-03T15:17:15","modified_gmt":"2020-01-03T12:17:15","slug":"denizlisporda-3-futbolcu-suresiz-kadro-disi-birakildi","status":"publish","type":"post","link":"http:\/\/www.tvturk.com\/index.php\/denizlisporda-3-futbolcu-suresiz-kadro-disi-birakildi\/","title":{"rendered":"Denizlispor\u2019da 3 futbolcu s\u00fcresiz kadro d\u0131\u015f\u0131 b\u0131rak\u0131ld\u0131"},"content":{"rendered":"<p>S\u00fcper Lig ekiplerinde Denizlispor, alacaklar\u0131 i\u00e7in TFF\u2019ye ba\u015fvuran Mehmet Aky\u00fcz, O\u011fuz Y\u0131lmaz ve Burak \u00c7al\u0131k ile ilgili y\u00f6netim kurulu karar\u0131n\u0131 vererek, futbolcular\u0131n kadro d\u0131\u015f\u0131 b\u0131rak\u0131ld\u0131klar\u0131n\u0131 ve kendilerine kul\u00fcp bulmalar\u0131n\u0131 istedi.<\/p>\n<p>Konu ile ilgili Denizlispor Y\u00f6netim Kurulu imzas\u0131 ile yap\u0131lan a\u00e7\u0131klamada, Mehmet Aky\u00fcz, O\u011fuz Y\u0131lmaz ve Burak \u00c7al\u0131k\u2019\u0131n TFF\u2019ye ba\u015fvurmalar\u0131 sonras\u0131nda kendileri ile yap\u0131lan g\u00f6r\u00fc\u015fmelerin sonu\u00e7suz kald\u0131\u011f\u0131 belirtildi. G\u00f6r\u00fc\u015fmelerin \u00e7\u0131kmaza girmesi sonras\u0131 s\u00f6z konusu futbolcular\u0131n alacaklar\u0131n\u0131n tamam\u0131n\u0131 istemesi \u00fczerine kadro d\u0131\u015f\u0131 ve kul\u00fcp bulmalar\u0131 karar\u0131n\u0131n al\u0131nd\u0131\u011f\u0131n\u0131n vurguland\u0131\u011f\u0131 a\u00e7\u0131klamada \u015fu ifadelere yer verildi:<\/p>\n<p>\u201cKul\u00fcb\u00fcm\u00fcz oyuncular\u0131ndan Mehmet Aky\u00fcz, O\u011fuz Y\u0131lmaz ve Burak \u00c7al\u0131k, sezon devam ederken alacaklar\u0131 ile ilgili TFF\u2019ye ba\u015fvurmu\u015flard\u0131r. Kul\u00fcb\u00fcn maddi imkanlar\u0131 do\u011frultusunda kendilerine sezon ba\u015f\u0131ndan beri y\u00fczde 60 oran\u0131nda \u00f6deme yap\u0131lm\u0131\u015ft\u0131r. Yakla\u015f\u0131k 1 ayd\u0131r kendileriyle yapt\u0131\u011f\u0131m\u0131z toplant\u0131larda, kendilerine sundu\u011fumuz bir k\u0131s\u0131m pe\u015fin, bir k\u0131sm\u0131 2-3 ay i\u00e7inde olan \u00f6deme planlar\u0131n\u0131 hi\u00e7 biri kabul etmemi\u015f ve alacaklar\u0131n\u0131n tamam\u0131n\u0131 istemi\u015flerdir.\u201d<\/p>\n<p>\u201cHaklar\u0131n\u0131 teslim ediyor ve kendilerine te\u015fekk\u00fcr ediyoruz\u201d<\/p>\n<p>A\u00e7\u0131klamada futbolcular\u0131n\u0131n S\u00fcper Lig\u2019e y\u00fckselmesindeki paylar\u0131n da inkar edilemeyece\u011fi aktar\u0131larak, \u201cBu alacaklar\u0131n\u0131n i\u00e7inde y\u00f6netim kurulunun ge\u00e7en sezon iyi niyetle verdi\u011fi 300\u2019er bin TL\u2019lik ekstra \u015fampiyonluk primi de b\u00fcy\u00fck bir orana sahiptir. Y\u0131llarca ge\u00e7mi\u015ften gelen bor\u00e7lar ve transfer yasaklar\u0131 ile bo\u011fu\u015fan kul\u00fcb\u00fcm\u00fcz, mecburen ve istemeyerek katland\u0131\u011f\u0131 futbolcuya dayal\u0131 d\u00fczene art\u0131k bir son verme karar\u0131 alm\u0131\u015ft\u0131r.<\/p>\n<p>Bu oyuncular\u0131m\u0131z\u0131n 2018-2019 sezonunda ya\u015fanan \u015fampiyonluktaki emeklerini inkar edemeyiz. Haklar\u0131n\u0131 teslim ediyor ve kendilerine te\u015fekk\u00fcr ediyoruz. Yaln\u0131z, Denizlispor Kul\u00fcb\u00fc ve camias\u0131n\u0131n da bu oyuncular\u0131m\u0131za hem maddi hem manevi hem de kariyer anlam\u0131nda \u00e7ok b\u00fcy\u00fck katk\u0131lar\u0131 olmu\u015ftur. Bizim i\u00e7in aslolan Denizlispor Kul\u00fcb\u00fc ve camias\u0131d\u0131r. Y\u00f6netim kurulumuzun ald\u0131\u011f\u0131 kararla bu oyuncular\u0131n t\u00fcm alacaklar\u0131n\u0131n \u00f6denmesine ve kendilerinden Denizlispor Kul\u00fcb\u00fc menfaatleri do\u011frultusunda kul\u00fcp bulmalar\u0131n\u0131n istenmesine karar verilmi\u015f ve s\u00fcresiz kadro d\u0131\u015f\u0131 b\u0131rak\u0131lm\u0131\u015flard\u0131r\u201d ifadelerine yer verildi.<\/p>\n","protected":false},"excerpt":{"rendered":"<p>S\u00dcPER L\u0130G EK\u0130PLER\u0130NDE DEN\u0130ZL\u0130SPOR, ALACAKLARI \u0130\u00c7\u0130N TFF\u2019YE BA\u015eVURAN MEHMET AKY\u00dcZ, O\u011eUZ YILMAZ VE BURAK \u00c7ALIK \u0130LE \u0130LG\u0130L\u0130 Y\u00d6NET\u0130M KURULU KARARINI VEREREK, FUTBOLCULARIN KADRO DI\u015eI BIRAKILDIKLARINI VE KEND\u0130LER\u0130NE KUL\u00dcP BULMALARINI \u0130STED\u0130. (BURAK \u00c7ALIK)<\/p>\n","protected":false},"author":1,"featured_media":251266,"comment_status":"closed","ping_status":"open","sticky":false,"template":"","format":"standard","meta":{"jetpack_post_was_ever_published":false,"_jetpack_newsletter_access":"","_jetpack_dont_email_post_to_subs":false,"_jetpack_newsletter_tier_id":0,"_jetpack_memberships_contains_paywalled_content":false,"_jetpack_memberships_contains_paid_content":false,"footnotes":"","jetpack_publicize_message":"","jetpack_publicize_feature_enabled":true,"jetpack_social_post_already_shared":true,"jetpack_social_options":{"image_generator_settings":{"template":"highway","default_image_id":0,"font":"","enabled":false},"version":2}},"categories":[657],"tags":[5130,6421,1852,4599,267,35524],"class_list":["post-251265","post","type-post","status-publish","format-standard","has-post-thumbnail","hentry","category-spor","tag-birakildi","tag-denizlisporda","tag-disi","tag-futbolcu","tag-kadro","tag-suresiz"],"jetpack_publicize_connections":[],"jetpack_featured_media_url":"https:\/\/i0.wp.com\/www.tvturk.com\/wp-content\/uploads\/2020\/01\/denizlisporda-3-futbolcu-suresiz-kadro-disi-birakildi_966fd8f.jpg?fit=280%2C375","jetpack_sharing_enabled":true,"jetpack_shortlink":"https:\/\/wp.me\/paKIfm-13mF","_links":{"self":[{"href":"http:\/\/www.tvturk.com\/index.php\/wp-json\/wp\/v2\/posts\/251265","targetHints":{"allow":["GET"]}}],"collection":[{"href":"http:\/\/www.tvturk.com\/index.php\/wp-json\/wp\/v2\/posts"}],"about":[{"href":"http:\/\/www.tvturk.com\/index.php\/wp-json\/wp\/v2\/types\/post"}],"author":[{"embeddable":true,"href":"http:\/\/www.tvturk.com\/index.php\/wp-json\/wp\/v2\/users\/1"}],"replies":[{"embeddable":true,"href":"http:\/\/www.tvturk.com\/index.php\/wp-json\/wp\/v2\/comments?post=251265"}],"version-history":[{"count":0,"href":"http:\/\/www.tvturk.com\/index.php\/wp-json\/wp\/v2\/posts\/251265\/revisions"}],"wp:featuredmedia":[{"embeddable":true,"href":"http:\/\/www.tvturk.com\/index.php\/wp-json\/wp\/v2\/media\/251266"}],"wp:attachment":[{"href":"http:\/\/www.tvturk.com\/index.php\/wp-json\/wp\/v2\/media?parent=251265"}],"wp:term":[{"taxonomy":"category","embeddable":true,"href":"http:\/\/www.tvturk.com\/index.php\/wp-json\/wp\/v2\/categories?post=251265"},{"taxonomy":"post_tag","embeddable":true,"href":"http:\/\/www.tvturk.com\/index.php\/wp-json\/wp\/v2\/tags?post=251265"}],"curies":[{"name":"wp","href":"https:\/\/api.w.org\/{rel}","templated":true}]}}