{"id":251279,"date":"2020-01-03T15:46:22","date_gmt":"2020-01-03T12:46:22","guid":{"rendered":"http:\/\/www.tvturk.com\/index.php\/yumurta-ihracatinin-onunun-acilmasi-icin-kdv-indirimi-ilk-adim-oldu\/"},"modified":"2020-01-03T15:46:22","modified_gmt":"2020-01-03T12:46:22","slug":"yumurta-ihracatinin-onunun-acilmasi-icin-kdv-indirimi-ilk-adim-oldu","status":"publish","type":"post","link":"http:\/\/www.tvturk.com\/index.php\/yumurta-ihracatinin-onunun-acilmasi-icin-kdv-indirimi-ilk-adim-oldu\/","title":{"rendered":"Yumurta ihracat\u0131n\u0131n \u00f6n\u00fcn\u00fcn a\u00e7\u0131lmas\u0131 i\u00e7in KDV indirimi ilk ad\u0131m oldu"},"content":{"rendered":"<p>AK Parti Afyonkarahisar Milletvekili Veysel Ero\u011flu, yumurtada toptanc\u0131lar i\u00e7in KDV\u2019nin y\u00fczde 8\u2019de y\u00fczde 1\u2019e d\u00fc\u015f\u00fcr\u00fclmesinin, ihracat\u0131n\u0131n a\u00e7\u0131lmas\u0131 ve yumurta \u00fcreticilerinin s\u0131k\u0131nt\u0131lar\u0131n\u0131n giderilmesi i\u00e7in ilk ad\u0131m oldu\u011funu belirtti.<\/p>\n<p>Milletvekili ve Irak \u00d6zel Temsilcisi Prof. Dr. Veysel Ero\u011flu, AK Parti Afyonkarahisar \u0130l Ba\u015fkanl\u0131\u011f\u0131n\u0131n 2019 y\u0131l\u0131 de\u011ferlendirmesinde bir soru \u00fczerine Irak ile ya\u015fanan yumurta ihracat\u0131 sorunu ve yumurtada y\u00fczde KDV\u2019in y\u00fczde 8\u2019den y\u00fczde 1\u2019e indirilmesini de\u011ferlendirdi. Yumurta ihracat\u0131n\u0131n \u00f6n\u00fcn\u00fcn tekrar a\u00e7\u0131lmas\u0131 i\u00e7in ilk ad\u0131m olarak KDV\u2019nin inmesi gerekti\u011fini ve bunun da yap\u0131ld\u0131\u011f\u0131n\u0131n alt\u0131n\u0131 \u00e7izen Ero\u011flu, \u201cBen Irak y\u00f6netimi ile yumurta ihracat\u0131 ile daha \u00f6ce Temmuz ay\u0131nda g\u00f6r\u00fc\u015fm\u00fc\u015ft\u00fcm. Fakat parlamento yerli \u00fcretimi te\u015fvik amac\u0131yla \u00f6zellikle ithalat\u0131 yani bizden ihracat\u0131 da d\u00e2hil olmak \u00fczere yasaklam\u0131\u015f. Ama \u015fuanda yumurta ba\u015fka \u00fclkelerden gidiyor ama pahal\u0131, 3 kat\u0131. Bunu fark\u0131nda. Bunu \u00fczerine \u00f6zellikle B\u00fcy\u00fckel\u00e7i Hasan Jannabi benim de mevkida\u015f\u0131m, eski dostum. Geldi\u011fi zaman bize baz\u0131 tavsiyelerde bulundu. Biz \u0130stanbul Sanayi ve Ticaret Odas\u0131\u2019nda yap\u0131lacaklar\u0131 tespit ettik. Yumurtac\u0131lar, ticaret ve sanayi odam\u0131z, borsam\u0131z birlikte bir \u00e7al\u0131\u015fma yap\u0131yor. \u0130n\u015fallah bunu ger\u00e7ekle\u015ftirece\u011fiz. (Irak\u2019a yumurta ihracat\u0131n\u0131 ger\u00e7ekle\u015ftirece\u011fiz) bunu i\u00e7in KDV\u2019nin inmesi gerekiyordu. Toptanc\u0131lar i\u00e7in kararname \u00e7\u0131kt\u0131, y\u00fczde 1e indi. \u0130kinci ad\u0131m ba\u015fka \u00fclkelere de ihracat\u0131 ele al\u0131yoruz. Yumurtac\u0131larla toplant\u0131 yapt\u0131k. Ayr\u0131ca Irak\u2019a yumurta ihracat\u0131 a\u00e7\u0131lmas\u0131 i\u00e7in mecliste bir karar alm\u0131\u015flar o karar\u0131n de\u011fi\u015fmesi gerekiyor. Biz mevcut Tar\u0131m Bakan\u0131n\u0131 gerekse milletvekillerini davet ediyoruz. \u0130n\u015fallah onlarla \u00e7\u00f6z\u00fcm bulaca\u011f\u0131z. Irak i\u015fadamlar\u0131 ile bizim i\u015fadamlar\u0131m\u0131z orada bir tesis kursun diye bir tak\u0131m \u00e7al\u0131\u015fmalar yap\u0131l\u0131yor. Buna da Irak makamlar\u0131 s\u0131cak bakt\u0131\u201d dedi.<\/p>\n","protected":false},"excerpt":{"rendered":"<p>YUMURTADA TOPTANCILAR \u0130\u00c7\u0130N KDV\u2019N\u0130N Y\u00dcZDE 8\u2019DE Y\u00dcZDE 1\u2019E D\u00dc\u015e\u00dcR\u00dcLMES\u0130YLE \u0130LG\u0130L\u0130 OLARAK IRAK \u00d6ZEL TEMS\u0130LC\u0130S\u0130 AFYONKARAH\u0130SAR M\u0130LLETVEK\u0130L\u0130 VEYSEL ERO\u011eLU, IRAK\u2019A YUMURTA \u0130HRACATININ A\u00c7ILMASI VE YUMURTA \u00dcRET\u0130C\u0130LER\u0130N\u0130N SIKINTILARININ G\u0130DER\u0130LMES\u0130 \u0130\u00c7\u0130N \u0130LK ADIM OLARAK YUMURTADA TOPTANCILAR \u0130\u00c7\u0130N KDV\u2019N\u0130N Y\u00dcZDE 1\u2019E \u00c7EK\u0130LD\u0130\u011e\u0130N\u0130 BEL\u0130RTT\u0130.<\/p>\n","protected":false},"author":1,"featured_media":251280,"comment_status":"closed","ping_status":"open","sticky":false,"template":"","format":"standard","meta":{"jetpack_post_was_ever_published":false,"_jetpack_newsletter_access":"","_jetpack_dont_email_post_to_subs":false,"_jetpack_newsletter_tier_id":0,"_jetpack_memberships_contains_paywalled_content":false,"_jetpack_memberships_contains_paid_content":false,"footnotes":"","jetpack_publicize_message":"","jetpack_publicize_feature_enabled":true,"jetpack_social_post_already_shared":true,"jetpack_social_options":{"image_generator_settings":{"template":"highway","default_image_id":0,"font":"","enabled":false},"version":2}},"categories":[19],"tags":[21345,7429,44,27406,37,8684,8683,77,43877,16631],"class_list":["post-251279","post","type-post","status-publish","format-standard","has-post-thumbnail","hentry","category-ekonomi","tag-acilmasi","tag-adim","tag-icin","tag-ihracatinin","tag-ilk","tag-indirimi","tag-kdv","tag-oldu","tag-onunun","tag-yumurta"],"jetpack_publicize_connections":[],"jetpack_featured_media_url":"https:\/\/i0.wp.com\/www.tvturk.com\/wp-content\/uploads\/2020\/01\/yumurta-ihracatinin-onunun-acilmasi-icin-kdv-indirimi-ilk-adim-oldu_023a778.jpg?fit=1000%2C666","jetpack_sharing_enabled":true,"jetpack_shortlink":"https:\/\/wp.me\/paKIfm-13mT","_links":{"self":[{"href":"http:\/\/www.tvturk.com\/index.php\/wp-json\/wp\/v2\/posts\/251279","targetHints":{"allow":["GET"]}}],"collection":[{"href":"http:\/\/www.tvturk.com\/index.php\/wp-json\/wp\/v2\/posts"}],"about":[{"href":"http:\/\/www.tvturk.com\/index.php\/wp-json\/wp\/v2\/types\/post"}],"author":[{"embeddable":true,"href":"http:\/\/www.tvturk.com\/index.php\/wp-json\/wp\/v2\/users\/1"}],"replies":[{"embeddable":true,"href":"http:\/\/www.tvturk.com\/index.php\/wp-json\/wp\/v2\/comments?post=251279"}],"version-history":[{"count":0,"href":"http:\/\/www.tvturk.com\/index.php\/wp-json\/wp\/v2\/posts\/251279\/revisions"}],"wp:featuredmedia":[{"embeddable":true,"href":"http:\/\/www.tvturk.com\/index.php\/wp-json\/wp\/v2\/media\/251280"}],"wp:attachment":[{"href":"http:\/\/www.tvturk.com\/index.php\/wp-json\/wp\/v2\/media?parent=251279"}],"wp:term":[{"taxonomy":"category","embeddable":true,"href":"http:\/\/www.tvturk.com\/index.php\/wp-json\/wp\/v2\/categories?post=251279"},{"taxonomy":"post_tag","embeddable":true,"href":"http:\/\/www.tvturk.com\/index.php\/wp-json\/wp\/v2\/tags?post=251279"}],"curies":[{"name":"wp","href":"https:\/\/api.w.org\/{rel}","templated":true}]}}