{"id":251303,"date":"2020-01-03T16:16:46","date_gmt":"2020-01-03T13:16:46","guid":{"rendered":"http:\/\/www.tvturk.com\/index.php\/osmangazide-sosyal-denge-protokolu-imzalandi-2\/"},"modified":"2020-01-03T16:16:46","modified_gmt":"2020-01-03T13:16:46","slug":"osmangazide-sosyal-denge-protokolu-imzalandi-2","status":"publish","type":"post","link":"http:\/\/www.tvturk.com\/index.php\/osmangazide-sosyal-denge-protokolu-imzalandi-2\/","title":{"rendered":"Osmangazi\u2019de sosyal denge protokol\u00fc imzaland\u0131"},"content":{"rendered":"<p>Osmangazi Belediyesi ile Belediye ve \u00d6zel \u0130dare \u00c7al\u0131\u015fanlar\u0131 Birli\u011fi Sendikas\u0131 (Bem-Bir-Sen) aras\u0131nda 2020-2021 y\u0131llar\u0131n\u0131 kapsayan sosyal denge s\u00f6zle\u015fmesi imzaland\u0131.<\/p>\n<p>4688 Say\u0131l\u0131 Kamu G\u00f6revlileri Sendikalar\u0131 ve Toplu S\u00f6zle\u015fme Kanunu\u2019nun 32\u2019nci maddesi uyar\u0131nca, Osmangazi Belediyesi\u2019nde g\u00f6rev yapan kamu \u00e7al\u0131\u015fanlar\u0131n\u0131 ilgilendiren sosyal denge s\u00f6zle\u015fmesi, Osmangazi Belediye Ba\u015fkan\u0131 Mustafa D\u00fcndar ve Bem-Bir-Sen Genel Ba\u015fkan\u0131 Levent Uslu taraf\u0131ndan imzaland\u0131. S\u00f6zle\u015fme kapsam\u0131nda belediyede g\u00f6rev yapan kamu \u00e7al\u0131\u015fanlar\u0131n\u0131n sosyal denge tazminat\u0131 y\u00fczde 100 en y\u00fcksek tavandan uzat\u0131larak, SDS \u00f6demeleri devam edecek.<\/p>\n<p>\u0130mza t\u00f6reninde konu\u015fan Osmangazi Belediye Ba\u015fkan\u0131 Mustafa D\u00fcndar, T\u00fcrkiye\u2019de m\u00e2l\u00ee disiplini ve kurumsal yap\u0131s\u0131 en g\u00fc\u00e7l\u00fc belediyelerden biri olduklar\u0131n\u0131 belirterek, \u201cTarih ve vak\u0131f \u015fehri Bursa\u2019da ya\u015famak ayr\u0131cal\u0131kt\u0131r. Bursal\u0131ya hizmet etmek ise ayr\u0131 bir onurdur. \u015eehrimizde yapt\u0131\u011f\u0131m\u0131z hizmetler, ge\u00e7mi\u015fe ve gelece\u011fe de yans\u0131yor. B\u00f6yle \u00f6nemli bir \u015fehirde hizmet veriyoruz. Kurumsal yap\u0131s\u0131 en g\u00fc\u00e7l\u00fc belediyelerden biriyiz. Bu disiplinli \u00e7al\u0131\u015fmay\u0131 s\u00fcrd\u00fcrece\u011fiz. Osmangazi\u2019mize de\u011fer katan \u00e7al\u0131\u015fmalar\u0131m\u0131zda personelimizin al\u0131n teri ve eme\u011fi var. Bu al\u0131n terinin kar\u015f\u0131l\u0131\u011f\u0131n\u0131 da idare olarak \u00e7al\u0131\u015fanlar\u0131m\u0131za en \u00fcst d\u00fczeyde veriyoruz. Allah bizlere hay\u0131rl\u0131 hizmetler yapmay\u0131 nasip etsin\u201d diye konu\u015ftu.<\/p>\n<p>Bem-Bir-Sen Genel Ba\u015fkan\u0131 Levent Uslu da s\u00f6zle\u015fmenin hay\u0131rlara ves\u00eele olmas\u0131n\u0131 dileyerek memurlar ad\u0131na Osmangazi Belediye Ba\u015fkan\u0131 Mustafa D\u00fcndar\u2019a te\u015fekk\u00fcr etti. Uslu, \u201cBa\u015fkan\u0131m\u0131z atm\u0131\u015f oldu\u011fu bu imza ile memurlar\u0131n\u0131n yan\u0131nda oldu\u011funu tescillemi\u015ftir. Memurlar\u0131m\u0131z da Osmangazi\u2019ye daha iyi hizmet etmek i\u00e7in t\u00fcm g\u00fc\u00e7lerini ortaya koyacakt\u0131r. Ba\u015fkan\u0131m\u0131z\u0131n Osmangazi\u2019ye ve Bursa\u2019ya yapt\u0131\u011f\u0131 hizmetleri hepimiz biliyoruz ve g\u00f6r\u00fcyoruz. 2020 ve 2021 y\u0131llar\u0131n\u0131 kapsayan sosyal denge s\u00f6zle\u015fmesinin Osmangazi Belediyesi\u2019nde \u00e7al\u0131\u015fan memurlar\u0131m\u0131za hay\u0131rl\u0131 olmas\u0131n\u0131 dilerken, Ba\u015fkan\u0131m\u0131z Mustafa D\u00fcndar\u2019a da desteklerinden dolay\u0131 te\u015fekk\u00fcr ediyorum\u201d dedi.<\/p>\n","protected":false},"excerpt":{"rendered":"<p>OSMANGAZ\u0130 BELED\u0130YES\u0130 \u0130LE BELED\u0130YE VE \u00d6ZEL \u0130DARE \u00c7ALI\u015eANLARI B\u0130RL\u0130\u011e\u0130 SEND\u0130KASI (BEM-B\u0130R-SEN) ARASINDA 2020-2021 YILLARINI KAPSAYAN SOSYAL DENGE S\u00d6ZLE\u015eMES\u0130 \u0130MZALANDI.<\/p>\n","protected":false},"author":1,"featured_media":251304,"comment_status":"closed","ping_status":"open","sticky":false,"template":"","format":"standard","meta":{"jetpack_post_was_ever_published":false,"_jetpack_newsletter_access":"","_jetpack_dont_email_post_to_subs":false,"_jetpack_newsletter_tier_id":0,"_jetpack_memberships_contains_paywalled_content":false,"_jetpack_memberships_contains_paid_content":false,"footnotes":"","jetpack_publicize_message":"","jetpack_publicize_feature_enabled":true,"jetpack_social_post_already_shared":true,"jetpack_social_options":{"image_generator_settings":{"template":"highway","default_image_id":0,"font":"","enabled":false},"version":2}},"categories":[1],"tags":[31528,2892,3076,2891,1229],"class_list":["post-251303","post","type-post","status-publish","format-standard","has-post-thumbnail","hentry","category-genel","tag-denge","tag-imzalandi","tag-osmangazide","tag-protokolu","tag-sosyal"],"jetpack_publicize_connections":[],"jetpack_featured_media_url":"https:\/\/i0.wp.com\/www.tvturk.com\/wp-content\/uploads\/2020\/01\/osmangazide-sosyal-denge-protokolu-imzalandi_76ce894.jpg?fit=1000%2C537","jetpack_sharing_enabled":true,"jetpack_shortlink":"https:\/\/wp.me\/paKIfm-13nh","_links":{"self":[{"href":"http:\/\/www.tvturk.com\/index.php\/wp-json\/wp\/v2\/posts\/251303","targetHints":{"allow":["GET"]}}],"collection":[{"href":"http:\/\/www.tvturk.com\/index.php\/wp-json\/wp\/v2\/posts"}],"about":[{"href":"http:\/\/www.tvturk.com\/index.php\/wp-json\/wp\/v2\/types\/post"}],"author":[{"embeddable":true,"href":"http:\/\/www.tvturk.com\/index.php\/wp-json\/wp\/v2\/users\/1"}],"replies":[{"embeddable":true,"href":"http:\/\/www.tvturk.com\/index.php\/wp-json\/wp\/v2\/comments?post=251303"}],"version-history":[{"count":0,"href":"http:\/\/www.tvturk.com\/index.php\/wp-json\/wp\/v2\/posts\/251303\/revisions"}],"wp:featuredmedia":[{"embeddable":true,"href":"http:\/\/www.tvturk.com\/index.php\/wp-json\/wp\/v2\/media\/251304"}],"wp:attachment":[{"href":"http:\/\/www.tvturk.com\/index.php\/wp-json\/wp\/v2\/media?parent=251303"}],"wp:term":[{"taxonomy":"category","embeddable":true,"href":"http:\/\/www.tvturk.com\/index.php\/wp-json\/wp\/v2\/categories?post=251303"},{"taxonomy":"post_tag","embeddable":true,"href":"http:\/\/www.tvturk.com\/index.php\/wp-json\/wp\/v2\/tags?post=251303"}],"curies":[{"name":"wp","href":"https:\/\/api.w.org\/{rel}","templated":true}]}}