{"id":251551,"date":"2020-01-04T12:47:03","date_gmt":"2020-01-04T09:47:03","guid":{"rendered":"http:\/\/www.tvturk.com\/index.php\/denizlisporda-devre-arasi-kampi-devam-ediyor\/"},"modified":"2020-01-04T12:47:03","modified_gmt":"2020-01-04T09:47:03","slug":"denizlisporda-devre-arasi-kampi-devam-ediyor","status":"publish","type":"post","link":"http:\/\/www.tvturk.com\/index.php\/denizlisporda-devre-arasi-kampi-devam-ediyor\/","title":{"rendered":"Denizlispor\u2019da devre aras\u0131 kamp\u0131 devam ediyor"},"content":{"rendered":"<p>Denizlispor, Antalya kamp\u0131nda devre aras\u0131 haz\u0131rl\u0131klar\u0131n\u0131 s\u00fcrd\u00fcr\u00fcyor. Kamp\u0131n ikinci g\u00fcn\u00fc antrenman\u0131n\u0131 bu sabah spor salonunda yapt\u0131\u011f\u0131 antrenmanla tamamlad\u0131.<\/p>\n<p>Teknik Direkt\u00f6r Mehmet \u00d6zdilek y\u00f6netiminde yap\u0131lan g\u00fc\u00e7 ve dayan\u0131kl\u0131l\u0131k \u00e7al\u0131\u015fmalar\u0131n\u0131 ger\u00e7ekle\u015ftirdi. Antrenmana ge\u00e7ti\u011fimiz g\u00fcnlerde kadro d\u0131\u015f\u0131 b\u0131rak\u0131lan Mehmet Aky\u00fcz, O\u011fuz Y\u0131lmaz ve Burak \u00c7al\u0131k antrenmanda yer almad\u0131.<\/p>\n<p>Kampa bug\u00fcn kat\u0131lan tecr\u00fcbeli oyuncu Recep Niyaz ve sakatl\u0131\u011f\u0131n\u0131 atlatan Zakarya Bergdich tak\u0131mdan ayr\u0131 \u00e7al\u0131\u015ft\u0131. Defans hatt\u0131na yeni gen\u00e7 takviyesi Muhammet \u00d6zkal ise tak\u0131mla ilk \u00e7al\u0131\u015fmas\u0131n\u0131 ger\u00e7ekle\u015ftirdi.<\/p>\n<p>Horozlar haz\u0131rl\u0131klar\u0131n\u0131 bu ak\u015fam ger\u00e7ekle\u015ftirece\u011fi antrenmanla s\u00fcrd\u00fcrecek.<\/p>\n","protected":false},"excerpt":{"rendered":"<p>YE\u015e\u0130L S\u0130YAHLI EK\u0130P ANTALYA KAMPINDA DEVRE ARASI HAZIRLIKLARINI S\u00dcRD\u00dcR\u00dcYOR. KAMPIN \u0130K\u0130NC\u0130 G\u00dcN\u00dc ANTRENMANINI BU SABAH SPOR SALONUNDA YAPTI\u011eI ANTRENMANLA TAMAMLADI.<\/p>\n","protected":false},"author":1,"featured_media":251552,"comment_status":"closed","ping_status":"open","sticky":false,"template":"","format":"standard","meta":{"jetpack_post_was_ever_published":false,"_jetpack_newsletter_access":"","_jetpack_dont_email_post_to_subs":false,"_jetpack_newsletter_tier_id":0,"_jetpack_memberships_contains_paywalled_content":false,"_jetpack_memberships_contains_paid_content":false,"footnotes":"","jetpack_publicize_message":"","jetpack_publicize_feature_enabled":true,"jetpack_social_post_already_shared":true,"jetpack_social_options":{"image_generator_settings":{"template":"highway","default_image_id":0,"font":"","enabled":false},"version":2}},"categories":[657],"tags":[5765,6421,522,8994,523,6656],"class_list":["post-251551","post","type-post","status-publish","format-standard","has-post-thumbnail","hentry","category-spor","tag-arasi","tag-denizlisporda","tag-devam","tag-devre","tag-ediyor","tag-kampi"],"jetpack_publicize_connections":[],"jetpack_featured_media_url":"https:\/\/i0.wp.com\/www.tvturk.com\/wp-content\/uploads\/2020\/01\/denizlisporda-devre-arasi-kampi-devam-ediyor_59ddf11.jpg?fit=1000%2C667","jetpack_sharing_enabled":true,"jetpack_shortlink":"https:\/\/wp.me\/paKIfm-13rh","_links":{"self":[{"href":"http:\/\/www.tvturk.com\/index.php\/wp-json\/wp\/v2\/posts\/251551","targetHints":{"allow":["GET"]}}],"collection":[{"href":"http:\/\/www.tvturk.com\/index.php\/wp-json\/wp\/v2\/posts"}],"about":[{"href":"http:\/\/www.tvturk.com\/index.php\/wp-json\/wp\/v2\/types\/post"}],"author":[{"embeddable":true,"href":"http:\/\/www.tvturk.com\/index.php\/wp-json\/wp\/v2\/users\/1"}],"replies":[{"embeddable":true,"href":"http:\/\/www.tvturk.com\/index.php\/wp-json\/wp\/v2\/comments?post=251551"}],"version-history":[{"count":0,"href":"http:\/\/www.tvturk.com\/index.php\/wp-json\/wp\/v2\/posts\/251551\/revisions"}],"wp:featuredmedia":[{"embeddable":true,"href":"http:\/\/www.tvturk.com\/index.php\/wp-json\/wp\/v2\/media\/251552"}],"wp:attachment":[{"href":"http:\/\/www.tvturk.com\/index.php\/wp-json\/wp\/v2\/media?parent=251551"}],"wp:term":[{"taxonomy":"category","embeddable":true,"href":"http:\/\/www.tvturk.com\/index.php\/wp-json\/wp\/v2\/categories?post=251551"},{"taxonomy":"post_tag","embeddable":true,"href":"http:\/\/www.tvturk.com\/index.php\/wp-json\/wp\/v2\/tags?post=251551"}],"curies":[{"name":"wp","href":"https:\/\/api.w.org\/{rel}","templated":true}]}}