{"id":251565,"date":"2020-01-04T13:32:30","date_gmt":"2020-01-04T10:32:30","guid":{"rendered":"http:\/\/www.tvturk.com\/index.php\/baskan-alinur-aktastan-stadyum-aciklamasi\/"},"modified":"2020-01-04T13:32:30","modified_gmt":"2020-01-04T10:32:30","slug":"baskan-alinur-aktastan-stadyum-aciklamasi","status":"publish","type":"post","link":"http:\/\/www.tvturk.com\/index.php\/baskan-alinur-aktastan-stadyum-aciklamasi\/","title":{"rendered":"Ba\u015fkan Alinur Akta\u015f\u2019tan \u2019stadyum\u2019 a\u00e7\u0131klamas\u0131"},"content":{"rendered":"<p>Bursa B\u00fcy\u00fck\u015fehir Belediye Ba\u015fkan\u0131 Alinur Akta\u015f, Bursaspor\u2019un stadyumunun bir g\u00fcce d\u00f6n\u00fc\u015febilece\u011fini ifade ederek, &#8220;Stadyumun alt\u0131ndaki d\u00fckkanlar\u0131 kiraya vermek i\u00e7in \u00f6n\u00fcnde hi\u00e7bir engel yok. Y\u0131llard\u0131r d\u00fckkanlar bo\u015f. Bununla alakal\u0131 \u00e7al\u0131\u015fma yap\u0131ld\u0131, ama sonu\u00e7 al\u0131namad\u0131. Stadyumu pazarlayacak olan Bursa B\u00fcy\u00fck\u015fehir Belediyesi de\u011fil, Bursaspor y\u00f6netimidir&#8221; dedi.<\/p>\n<p>&#8220;Yeniden b\u00fcy\u00fck Bursaspor&#8221; kampanyas\u0131n\u0131n start\u0131nda, Bursa B\u00fcy\u00fck\u015fehir Belediye Ba\u015fkan\u0131 Alinur Akta\u015f, stadyumla alakal\u0131 kendisine y\u00f6neltilen soruya cevap verdi. Stadyumun alt\u0131ndaki d\u00fckkanlar\u0131 kiraya vermek i\u00e7in \u00f6n\u00fcnde hi\u00e7bir engel bulunmad\u0131\u011f\u0131n\u0131n alt\u0131n\u0131 \u00e7izen Akta\u015f, &#8220;Y\u0131llard\u0131r d\u00fckkanlar bo\u015f. Bununla alakal\u0131 \u00e7al\u0131\u015fma yap\u0131ld\u0131 ama sonu\u00e7 al\u0131namad\u0131. Biz oras\u0131n\u0131 kiraya verdik. 5 y\u0131ld\u0131r biz oradan kira almad\u0131k. Kiras\u0131na kar\u015f\u0131l\u0131k loca sat\u0131n al\u0131yoruz. Timsah kafas\u0131 ile ilgili konuyu ifade ettim. Biz iki y\u0131ld\u0131r isteseydik \u00e7ivi \u00e7akamazd\u0131k. \u00c7\u00fcnk\u00fc mevcut \u015firket kayyumdayd\u0131. Tesviyesi ger\u00e7ekle\u015fti, a\u011fustos ay\u0131nda ihalesi yap\u0131ld\u0131, 2 Ekim\u2019den itibaren \u00e7al\u0131\u015fmalar yap\u0131ld\u0131. Eksiklikler yap\u0131lan ihaleyle sonu\u00e7land\u0131r\u0131lacak. Tarih olarak 400 g\u00fcn verildi. Timsah kafas\u0131n\u0131n kapat\u0131lmas\u0131n\u0131 sezon sonu yani nisan, may\u0131s gibi bitece\u011fini ifade etmi\u015ftim&#8221; diye konu\u015ftu.<\/p>\n<p>&#8220;B\u00fcy\u00fck\u015fehir Belediyesi \u00fczerine d\u00fc\u015feni fazlas\u0131yla yapm\u0131\u015f&#8221;<\/p>\n<p>Bundan sonraki s\u00fcre\u00e7 ile ilgili a\u00e7\u0131klamalarda bulunan Akta\u015f, &#8220;Bundan sonraki s\u00fcre\u00e7te Bursa stadyumuyla ilgili yapacak uygulamay\u0131 Bursa B\u00fcy\u00fck\u015fehir Belediyesi yapmayacak, bunu yapacak olan kul\u00fcp y\u00f6netimidir. B\u00fcy\u00fck\u015fehir Belediyesi \u00fczerine d\u00fc\u015feni fazlas\u0131yla yapm\u0131\u015f. Bunun en b\u00fcy\u00fck s\u0131k\u0131nt\u0131lar\u0131ndan bir tanesi olaya uzun, orta vadede bakamamak. Hep k\u0131sa mesafede, senelik bakmaktan ibaret. Transferler yapal\u0131m, bir an evvel ba\u015far\u0131l\u0131 olal\u0131m psikolojisiyle yap\u0131lm\u0131\u015f hamlelerin durumu ortada. Ben kesinlikle Bursaspor\u2019un S\u00fcper Lig\u2019de yer almas\u0131n\u0131 y\u00fcrekten inananlardan\u0131m. \u0130nan\u00e7l\u0131 oyuncular ve \u00e7ok ba\u015far\u0131l\u0131 bir hoca var. \u0130brahim hoca kararl\u0131 bir insan. Zaten iki sene \u00fcst \u00fcste \u00c7aykur Rize ve Gen\u00e7lerbirli\u011fi\u2019ni S\u00fcper Lig\u2019e \u00e7\u0131kartarak, bu konuda r\u00fc\u015fd\u00fcn\u00fc ispatlad\u0131&#8221; a\u00e7\u0131klamas\u0131nda bulundu.<\/p>\n<p>&#8220;Stadyumun pazarlanmas\u0131 laz\u0131m&#8221;<\/p>\n<p>Bursaspor stadyumunun bir g\u00fcce d\u00f6n\u00fc\u015febilece\u011fini vurgulayan Ba\u015fkan Akta\u015f, &#8220;Ama g\u00fcce d\u00f6n\u00fc\u015fmesinin \u00f6n\u00fcndeki engel sadece timsah kafas\u0131 ve bir ka\u00e7 tane eksiklik de\u011fildir. Etraf\u0131nda birka\u00e7 tane kamula\u015ft\u0131rmalar, baz\u0131 yol ba\u011flant\u0131lar\u0131 var, bunlar devam ediyor. Oras\u0131 s\u0131cak su b\u00f6lgesi var. Bunun pazarlanmas\u0131 laz\u0131m. Bunu pazarlayacak olan y\u00f6netimdir. Bursa B\u00fcy\u00fck\u015fehir Belediyesi oran\u0131n sahibi g\u00f6z\u00fckebilir, ama oran\u0131n kirac\u0131s\u0131 var, o da Bursaspor&#8221; \u015feklinde konu\u015ftu.<\/p>\n","protected":false},"excerpt":{"rendered":"<p>YEN\u0130DEN B\u00dcY\u00dcK BURSASPOR KAMPANYASININ STARTINDA BURSA B\u00dcY\u00dcK\u015eEH\u0130R BELED\u0130YE BA\u015eKANI AL\u0130NUR AKTA\u015e, STADYUMLA ALAKALI KEND\u0130S\u0130NE Y\u00d6NELT\u0130LEN SORUYA CEVAP VERD\u0130.<\/p>\n","protected":false},"author":1,"featured_media":251566,"comment_status":"closed","ping_status":"open","sticky":false,"template":"","format":"standard","meta":{"jetpack_post_was_ever_published":false,"_jetpack_newsletter_access":"","_jetpack_dont_email_post_to_subs":false,"_jetpack_newsletter_tier_id":0,"_jetpack_memberships_contains_paywalled_content":false,"_jetpack_memberships_contains_paid_content":false,"footnotes":"","jetpack_publicize_message":"","jetpack_publicize_feature_enabled":true,"jetpack_social_post_already_shared":true,"jetpack_social_options":{"image_generator_settings":{"template":"highway","default_image_id":0,"font":"","enabled":false},"version":2}},"categories":[657],"tags":[1072,7311,15470,100,9521],"class_list":["post-251565","post","type-post","status-publish","format-standard","has-post-thumbnail","hentry","category-spor","tag-aciklamasi","tag-aktastan","tag-alinur","tag-baskan","tag-stadyum"],"jetpack_publicize_connections":[],"jetpack_featured_media_url":"https:\/\/i0.wp.com\/www.tvturk.com\/wp-content\/uploads\/2020\/01\/baskan-alinur-aktastan-stadyum-aciklamasi_89f0cb9.jpg?fit=1000%2C509","jetpack_sharing_enabled":true,"jetpack_shortlink":"https:\/\/wp.me\/paKIfm-13rv","_links":{"self":[{"href":"http:\/\/www.tvturk.com\/index.php\/wp-json\/wp\/v2\/posts\/251565","targetHints":{"allow":["GET"]}}],"collection":[{"href":"http:\/\/www.tvturk.com\/index.php\/wp-json\/wp\/v2\/posts"}],"about":[{"href":"http:\/\/www.tvturk.com\/index.php\/wp-json\/wp\/v2\/types\/post"}],"author":[{"embeddable":true,"href":"http:\/\/www.tvturk.com\/index.php\/wp-json\/wp\/v2\/users\/1"}],"replies":[{"embeddable":true,"href":"http:\/\/www.tvturk.com\/index.php\/wp-json\/wp\/v2\/comments?post=251565"}],"version-history":[{"count":0,"href":"http:\/\/www.tvturk.com\/index.php\/wp-json\/wp\/v2\/posts\/251565\/revisions"}],"wp:featuredmedia":[{"embeddable":true,"href":"http:\/\/www.tvturk.com\/index.php\/wp-json\/wp\/v2\/media\/251566"}],"wp:attachment":[{"href":"http:\/\/www.tvturk.com\/index.php\/wp-json\/wp\/v2\/media?parent=251565"}],"wp:term":[{"taxonomy":"category","embeddable":true,"href":"http:\/\/www.tvturk.com\/index.php\/wp-json\/wp\/v2\/categories?post=251565"},{"taxonomy":"post_tag","embeddable":true,"href":"http:\/\/www.tvturk.com\/index.php\/wp-json\/wp\/v2\/tags?post=251565"}],"curies":[{"name":"wp","href":"https:\/\/api.w.org\/{rel}","templated":true}]}}