{"id":251611,"date":"2020-01-04T15:32:53","date_gmt":"2020-01-04T12:32:53","guid":{"rendered":"http:\/\/www.tvturk.com\/index.php\/samsunda-bozkirin-sesi-yankilandi\/"},"modified":"2020-01-04T15:32:53","modified_gmt":"2020-01-04T12:32:53","slug":"samsunda-bozkirin-sesi-yankilandi","status":"publish","type":"post","link":"http:\/\/www.tvturk.com\/index.php\/samsunda-bozkirin-sesi-yankilandi\/","title":{"rendered":"Samsun\u2019da \u2019Bozk\u0131r\u0131n Sesi\u2019 yank\u0131land\u0131"},"content":{"rendered":"<p>Samsun B\u00fcy\u00fck\u015fehir Belediyesi Konservatuvar\u0131n\u0131n, 40. kurulu\u015f y\u0131l d\u00f6n\u00fcm\u00fc etkinlikleri kapsam\u0131nda esnaf ve sanatkarlar i\u00e7in verdi\u011fi \u2019Bozk\u0131r\u0131n Sesi\u2019 isimli T\u00fcrk Halk M\u00fczi\u011fi (THM) Konseri b\u00fcy\u00fck be\u011feni toplad\u0131.<\/p>\n<p>Ne\u015fat Erta\u015f, Muharrem Erta\u015f, \u00c7eki\u00e7 Ali ve Hac\u0131 Ta\u015fan\u2019dan derlenen deyi\u015f, bozlak ve t\u00fcrk\u00fcler, \u2018Bozk\u0131r\u0131n Sesi T\u00fcrk Halk M\u00fczi\u011fi Konseri\u2019nde bu kez esnaf, sanatkar ve aileleri i\u00e7in seslendirildi. \u015eef Yavuz \u00d6zkaran y\u00f6netimindeki orkestra ve koronun sahne ald\u0131\u011f\u0131 konser, b\u00fcy\u00fck ilgi g\u00f6rd\u00fc.<\/p>\n<p>Ba\u015fkan Demir de kat\u0131ld\u0131<\/p>\n<p>B\u00fcy\u00fck\u015fehir Belediyesi Sanat Merkezinde d\u00fczenlenen konsere kat\u0131lan B\u00fcy\u00fck\u015fehir Belediye Ba\u015fkan\u0131 Mustafa Demir, Anadolu k\u00fclt\u00fcr\u00fcn\u00fc m\u00fczikle evrenselle\u015ftiren halk ozanlar\u0131n\u0131n unutulmaz t\u00fcrk\u00fclerini, Samsun Esnaf ve Sanatkarlar\u0131 Odalar\u0131 Birli\u011fi (SESOB) Ba\u015fkan\u0131 Ey\u00fcp G\u00fcler ve B\u00fcy\u00fck\u015fehir Belediyesi K\u00fclt\u00fcr ve Turizm Daire Ba\u015fkan\u0131 \u0130dris Akdin ile dinledi.<\/p>\n<p>Etkinlikler s\u00fcrecek<\/p>\n<p>Gecede bir konu\u015fma yapan B\u00fcy\u00fck\u015fehir Belediye Ba\u015fkan\u0131 Mustafa Demir, \u201c\u00c7ok ciddi bir \u00e7al\u0131\u015fma i\u00e7erisindeyiz. Sanat, k\u00fclt\u00fcr ve m\u00fczik d\u00fcnyam\u0131z\u0131n \u00fcstatlar\u0131yla yak\u0131nda bir program\u0131m\u0131z olacak. K\u00fclt\u00fcr ve sanat alan\u0131nda Cumhuriyet \u00f6ncesi ge\u00e7mi\u015fiyle Samsun, \u00fcstatlar\u0131m\u0131zla birlikte art\u0131 bir de\u011fere ve \u00f6neme sahip. Biz ayr\u0131ca \u00e7ok \u00f6nemli bir \u015fehirde ya\u015f\u0131yoruz. G\u00fczel \u00fclkemizin kurulu\u015funa ve kurulu\u015fa ilk ad\u0131m\u0131n at\u0131ld\u0131\u011f\u0131 bir \u015fehirdeyiz. Buradan hareketle her alanda oldu\u011fu gibi sanatta da \u00f6nc\u00fc olmak gibi bir sorumlulu\u011fumuzun oldu\u011funu d\u00fc\u015f\u00fcn\u00fcyoruz\u201d dedi.<\/p>\n<p>\u201c\u0130nsan ve toplum i\u00e7in \u00f6nemli\u201d<\/p>\n<p>Samsun\u2019un sanat ve k\u00fclt\u00fcrel \u00f6zeliklerini 7\u2019den 70\u2019e kadar daha geni\u015f halk kitlelerine ula\u015ft\u0131rmaya y\u00f6nelik \u00e7al\u0131\u015fmalar ba\u015flatt\u0131klar\u0131n\u0131 ifade eden Ba\u015fkan Mustafa Demir, sanat\u0131n hem insan hem de toplum i\u00e7in b\u00fcy\u00fck \u00f6neme sahip oldu\u011funun alt\u0131n\u0131 \u00e7izdi. Demir, \u2019\u2019\u00dcstat Muharrem Erta\u015f\u2019\u0131n d\u00f6neminde ben gen\u00e7tim. Lise ve \u00fcniversite y\u0131llar\u0131m onun na\u011fmeleriyle ge\u00e7ti. Radyoda t\u00fcrk\u00fclerini dinlerdik. Ne\u015fet Erta\u015f \u00fcstatla da \u00e7ok \u00f6zel hukukumuz oldu. Birlikte \u00e7ok sohbetlerimiz oldu. Samsun\u2019da da misafir ettik. Bu sebeple halk ozanlar\u0131n\u0131n hayat\u0131mda b\u00fcy\u00fck \u00f6nemi var\u201d diyerek an\u0131lar\u0131n\u0131 payla\u015ft\u0131.<\/p>\n<p>\u201cBizi biz yapan de\u011ferler\u201d<\/p>\n<p>T\u00fcrkiye toplumunu toplum yapan k\u00fclt\u00fcrel ve sanatsal de\u011ferler oldu\u011funa de\u011finen B\u00fcy\u00fck\u015fehir Belediye Ba\u015fkan\u0131 Demir, \u201cBizim medeniyetimizin merkezinde de insan var. \u0130nsan\u0131n ya\u015fat ki devlet ya\u015fas\u0131n, d\u00fcnya ya\u015fas\u0131n. Herkeste oldu\u011fu gibi bir insan hayat\u0131 \u00f6mre bedeldir. B\u00f6yle d\u00fc\u015f\u00fcnd\u00fc\u011f\u00fcn\u00fczde insan ad\u0131na, insana art\u0131 katan de\u011fer ad\u0131na her kim ne yap\u0131yorsa \u00e7ok ulvi bir \u015fey yap\u0131yor demektir. Hayat\u0131m\u0131z boyunca mutlu, huzurlu, ac\u0131l\u0131, s\u0131k\u0131nt\u0131l\u0131, g\u00fczel ve k\u00f6t\u00fc ya\u015fayabiliyoruz. Bunlar\u0131 bir kenara koydu\u011fumuzda bizi biz yapan de\u011ferler \u00e7ok \u00f6nemli. Biz ne isek asl\u0131nda bizi biz yapan de\u011ferler de var. Belki bilmedi\u011fimiz \u00e7ok \u00f6zel yanlar\u0131m\u0131z var. D\u00fcnyan\u0131n en g\u00fczel hayat\u0131n\u0131 da ya\u015fasak bizi biz yapan de\u011ferlerden yoksunsak asla mutlu olamay\u0131z\u201d tespitini aktard\u0131.<\/p>\n<p>\u201c\u015e\u00fckranla an\u0131yoruz\u201d<\/p>\n<p>\u201cHizmetler bug\u00fcn var yar\u0131n yok, yar\u0131n var bug\u00fcn yok olur. Ama insana ait ihmal edilen hi\u00e7 bir \u015feyi ba\u015fka alanla kapatamazs\u0131n\u0131z\u201d diyen Ba\u015fkan Demir, s\u00f6zlerini \u015f\u00f6yle tamamlad\u0131: \u201cBiz, kutlu bir medeniyetin, insani anlamda d\u00fcnya insanl\u0131\u011f\u0131n\u0131n bile g\u0131pta etti\u011fi bir milletiz. Katk\u0131 sa\u011flayan ge\u00e7mi\u015fteki t\u00fcm sanat\u00e7\u0131lar\u0131m\u0131za, sanat erbaplar\u0131na, h\u00fcz\u00fcnlerini, ac\u0131lar\u0131n\u0131, mutluluklara dizelere, m\u0131sralara, na\u011fmelere d\u00f6ken herkesi hay\u0131r ve \u015f\u00fckranla an\u0131yoruz.\u201d<\/p>\n","protected":false},"excerpt":{"rendered":"<p>SAMSUN B\u00dcY\u00dcK\u015eEH\u0130R BELED\u0130YES\u0130 KONSERVATUVARININ, 40. KURULU\u015e YIL D\u00d6N\u00dcM\u00dc ETK\u0130NL\u0130KLER\u0130 KAPSAMINDA ESNAF VE SANATKARLAR \u0130\u00c7\u0130N VERD\u0130\u011e\u0130 &#8216;BOZKIRIN SES\u0130&#8217; \u0130S\u0130ML\u0130 T\u00dcRK HALK M\u00dcZ\u0130\u011e\u0130 (THM) KONSER\u0130 B\u00dcY\u00dcK BE\u011eEN\u0130 TOPLADI.<\/p>\n","protected":false},"author":1,"featured_media":251612,"comment_status":"closed","ping_status":"open","sticky":false,"template":"","format":"standard","meta":{"jetpack_post_was_ever_published":false,"_jetpack_newsletter_access":"","_jetpack_dont_email_post_to_subs":false,"_jetpack_newsletter_tier_id":0,"_jetpack_memberships_contains_paywalled_content":false,"_jetpack_memberships_contains_paid_content":false,"footnotes":"","jetpack_publicize_message":"","jetpack_publicize_feature_enabled":true,"jetpack_social_post_already_shared":true,"jetpack_social_options":{"image_generator_settings":{"template":"highway","default_image_id":0,"font":"","enabled":false},"version":2}},"categories":[656],"tags":[62327,1862,7616,3996],"class_list":["post-251611","post","type-post","status-publish","format-standard","has-post-thumbnail","hentry","category-kultur-sanat","tag-bozkirin","tag-samsunda","tag-sesi","tag-yankilandi"],"jetpack_publicize_connections":[],"jetpack_featured_media_url":"https:\/\/i0.wp.com\/www.tvturk.com\/wp-content\/uploads\/2020\/01\/samsunda-bozkirin-sesi-yankilandi_7abc18f.jpg?fit=1000%2C666","jetpack_sharing_enabled":true,"jetpack_shortlink":"https:\/\/wp.me\/paKIfm-13sf","_links":{"self":[{"href":"http:\/\/www.tvturk.com\/index.php\/wp-json\/wp\/v2\/posts\/251611","targetHints":{"allow":["GET"]}}],"collection":[{"href":"http:\/\/www.tvturk.com\/index.php\/wp-json\/wp\/v2\/posts"}],"about":[{"href":"http:\/\/www.tvturk.com\/index.php\/wp-json\/wp\/v2\/types\/post"}],"author":[{"embeddable":true,"href":"http:\/\/www.tvturk.com\/index.php\/wp-json\/wp\/v2\/users\/1"}],"replies":[{"embeddable":true,"href":"http:\/\/www.tvturk.com\/index.php\/wp-json\/wp\/v2\/comments?post=251611"}],"version-history":[{"count":0,"href":"http:\/\/www.tvturk.com\/index.php\/wp-json\/wp\/v2\/posts\/251611\/revisions"}],"wp:featuredmedia":[{"embeddable":true,"href":"http:\/\/www.tvturk.com\/index.php\/wp-json\/wp\/v2\/media\/251612"}],"wp:attachment":[{"href":"http:\/\/www.tvturk.com\/index.php\/wp-json\/wp\/v2\/media?parent=251611"}],"wp:term":[{"taxonomy":"category","embeddable":true,"href":"http:\/\/www.tvturk.com\/index.php\/wp-json\/wp\/v2\/categories?post=251611"},{"taxonomy":"post_tag","embeddable":true,"href":"http:\/\/www.tvturk.com\/index.php\/wp-json\/wp\/v2\/tags?post=251611"}],"curies":[{"name":"wp","href":"https:\/\/api.w.org\/{rel}","templated":true}]}}