{"id":251621,"date":"2020-01-04T16:02:31","date_gmt":"2020-01-04T13:02:31","guid":{"rendered":"http:\/\/www.tvturk.com\/index.php\/ispartali-ozel-sporcular-dunya-oyunlarinda-boy-gosterecek\/"},"modified":"2020-01-04T16:02:31","modified_gmt":"2020-01-04T13:02:31","slug":"ispartali-ozel-sporcular-dunya-oyunlarinda-boy-gosterecek","status":"publish","type":"post","link":"http:\/\/www.tvturk.com\/index.php\/ispartali-ozel-sporcular-dunya-oyunlarinda-boy-gosterecek\/","title":{"rendered":"Ispartal\u0131 \u00f6zel sporcular, D\u00fcnya Oyunlar\u0131\u2019nda boy g\u00f6sterecek"},"content":{"rendered":"<p>Ispartal\u0131 \u00f6zel sporcular, aral\u0131k ay\u0131n\u0131n son haftas\u0131nda Ankara\u2019da yap\u0131lan Cimnastik Milli Tak\u0131m se\u00e7meleri ve T\u00fcrkiye \u015eampiyonas\u0131\u2019nda boy g\u00f6sterdiler. Ispartal\u0131 \u00f6zel sporcular, dereceleriyle kentin gururu olurken, Down Sendromlular D\u00fcnya Oyunlar\u0131\u2019na kat\u0131lma hakk\u0131 kazand\u0131.<\/p>\n<p>\u015eampiyona ve milli tak\u0131m se\u00e7melerine d\u00fcnya \u015fampiyonu olan milli cimnastik\u00e7i \u00dcmit \u015eamilo\u011flu da \u00f6zel sporcular\u0131 desteklemeye gelerek antrenmanlara kat\u0131ld\u0131. Ayr\u0131ca T\u00fcrkiye \u00d6zel Sporcular Spor Federasyonu Asba\u015fkan\u0131 Ensar Kurt da sporcular\u0131 ziyaret ederek, yaln\u0131z b\u0131rakmad\u0131. \u00d6zel Sporcular Federasyonu T\u00fcrkiye Jimnastik \u015eampiyonas\u0131\u2019nda birinci olan sporcular; Ramazan Melih Y\u00fcceer, Mehmet Emin Tari, Gonca \u00c7akmak ve Havva Nur Yal\u00e7\u0131n, 31 Mart-7 Nisan tarihleri aras\u0131nda Antalya\u2019da yap\u0131lacak Tr\u0131some Games\u2019de (Down Sendromlular D\u00fcnya Oyunlar\u0131) T\u00fcrkiye\u2019yi temsil etmek i\u00e7in se\u00e7ildi.<\/p>\n<p>Kampa, T\u00fcrkiye genelinden se\u00e7ilen 8 sporcunun 4\u2019\u00fc Isparta\u2019dan<\/p>\n<p>\u00d6zel Sporcular Milli Tak\u0131m Antren\u00f6r\u00fc Reng\u00fcl \u00c7alar, Ispartal\u0131 Antren\u00f6rler \u015eeyma Demirda\u011f ve \u00dcmm\u00fc Akdo\u011fan e\u015fli\u011finde kamp \u00e7al\u0131\u015fmalar\u0131n\u0131 tamamlayan sporcular, D\u00fcnya Oyunlar\u0131 i\u00e7in haz\u0131rl\u0131klar\u0131n\u0131 yo\u011fun bir \u015fekilde s\u00fcrd\u00fcr\u00fcyor. \u00d6zel Sporcular Milli Tak\u0131m Antren\u00f6r\u00fc \u00c7alar yapt\u0131\u011f\u0131 a\u00e7\u0131klamada, &#8220;Sporcular\u0131m\u0131za \u00e7al\u0131\u015fmalar\u0131m\u0131z da destek veren her t\u00fcrl\u00fc imkanlar\u0131 sa\u011flayan Milli E\u011fitim M\u00fcd\u00fcrl\u00fc\u011f\u00fc, Isparta Gen\u00e7lik Hizmetleri ve Spor M\u00fcd\u00fcrl\u00fc\u011f\u00fc ve Halk E\u011fitim Merkezi ve Ak\u015fam Sanat Okulu M\u00fcd\u00fcrl\u00fc\u011f\u00fc\u2019ne te\u015fekk\u00fcr\u00fc bir bor\u00e7 biliyoruz&#8221; dedi.<\/p>\n","protected":false},"excerpt":{"rendered":"<p>M\u0130LL\u0130 TAKIMA SE\u00c7\u0130LEN ISPARTALI \u00d6ZEL \u00c7OCUKLAR, D\u00dcNYA OYUNLARINDA YARI\u015eACAK<\/p>\n","protected":false},"author":1,"featured_media":251622,"comment_status":"closed","ping_status":"open","sticky":false,"template":"","format":"standard","meta":{"jetpack_post_was_ever_published":false,"_jetpack_newsletter_access":"","_jetpack_dont_email_post_to_subs":false,"_jetpack_newsletter_tier_id":0,"_jetpack_memberships_contains_paywalled_content":false,"_jetpack_memberships_contains_paid_content":false,"footnotes":"","jetpack_publicize_message":"","jetpack_publicize_feature_enabled":true,"jetpack_social_post_already_shared":true,"jetpack_social_options":{"image_generator_settings":{"template":"highway","default_image_id":0,"font":"","enabled":false},"version":2}},"categories":[657],"tags":[349,1073,5893,13421,37471,2601,3413],"class_list":["post-251621","post","type-post","status-publish","format-standard","has-post-thumbnail","hentry","category-spor","tag-dunya","tag-ozel","tag-boy","tag-gosterecek","tag-ispartali","tag-oyunlarinda","tag-sporcular"],"jetpack_publicize_connections":[],"jetpack_featured_media_url":"https:\/\/i0.wp.com\/www.tvturk.com\/wp-content\/uploads\/2020\/01\/ispartali-ozel-sporcular-dunya-oyunlarinda-boy-gosterecek_f1454ca.jpg?fit=1000%2C750","jetpack_sharing_enabled":true,"jetpack_shortlink":"https:\/\/wp.me\/paKIfm-13sp","_links":{"self":[{"href":"http:\/\/www.tvturk.com\/index.php\/wp-json\/wp\/v2\/posts\/251621","targetHints":{"allow":["GET"]}}],"collection":[{"href":"http:\/\/www.tvturk.com\/index.php\/wp-json\/wp\/v2\/posts"}],"about":[{"href":"http:\/\/www.tvturk.com\/index.php\/wp-json\/wp\/v2\/types\/post"}],"author":[{"embeddable":true,"href":"http:\/\/www.tvturk.com\/index.php\/wp-json\/wp\/v2\/users\/1"}],"replies":[{"embeddable":true,"href":"http:\/\/www.tvturk.com\/index.php\/wp-json\/wp\/v2\/comments?post=251621"}],"version-history":[{"count":0,"href":"http:\/\/www.tvturk.com\/index.php\/wp-json\/wp\/v2\/posts\/251621\/revisions"}],"wp:featuredmedia":[{"embeddable":true,"href":"http:\/\/www.tvturk.com\/index.php\/wp-json\/wp\/v2\/media\/251622"}],"wp:attachment":[{"href":"http:\/\/www.tvturk.com\/index.php\/wp-json\/wp\/v2\/media?parent=251621"}],"wp:term":[{"taxonomy":"category","embeddable":true,"href":"http:\/\/www.tvturk.com\/index.php\/wp-json\/wp\/v2\/categories?post=251621"},{"taxonomy":"post_tag","embeddable":true,"href":"http:\/\/www.tvturk.com\/index.php\/wp-json\/wp\/v2\/tags?post=251621"}],"curies":[{"name":"wp","href":"https:\/\/api.w.org\/{rel}","templated":true}]}}