{"id":251635,"date":"2020-01-04T16:47:20","date_gmt":"2020-01-04T13:47:20","guid":{"rendered":"http:\/\/www.tvturk.com\/index.php\/trabzonspor-yonetim-kurulu-ile-istisare-kurulu-bir-araya-geldi\/"},"modified":"2020-01-04T16:47:20","modified_gmt":"2020-01-04T13:47:20","slug":"trabzonspor-yonetim-kurulu-ile-istisare-kurulu-bir-araya-geldi","status":"publish","type":"post","link":"http:\/\/www.tvturk.com\/index.php\/trabzonspor-yonetim-kurulu-ile-istisare-kurulu-bir-araya-geldi\/","title":{"rendered":"Trabzonspor Y\u00f6netim Kurulu ile \u0130sti\u015fare Kurulu bir araya geldi"},"content":{"rendered":"<p>Trabzonspor Y\u00f6netim Kurulu ve \u0130sti\u015fare Kurulunun kat\u0131l\u0131m\u0131yla Mehmet Ali Y\u0131lmaz Tesisleri\u2019nde bir toplant\u0131 d\u00fczenlendi.<\/p>\n<p>\u0130sti\u015fare toplant\u0131s\u0131na Ba\u015fkan Ahmet A\u011fao\u011flu, Asba\u015fkan Mehmet Yi\u011fit Alp, Genel Sekreter \u00d6mer Sa\u011f\u0131ro\u011flu, Ba\u015fkan Yard\u0131mc\u0131lar\u0131 Ertu\u011frul Do\u011fan, Emin Kahraman ve M\u00fcminhan Bilgin, y\u00f6netim kurulu \u00fcyeleri Yal\u00e7\u0131n Orhan, Serta\u00e7 G\u00fcven, Ahmet Fikret G\u00f6khan, Serdar Ekrem \u015eirin, \u00d6zer Bayraktar, Yusuf Hay\u0131rl\u0131o\u011flu, Ya\u015far Kibar G\u00fcven, Zafer G\u00f6kta\u015f, Kemal Ert\u00fcrk, Dursun Ali Sakarya, Tuncay Uzunal, Lokman Sad\u0131klar, Eda Lermi Zorer\u2019in yan\u0131 s\u0131ra, eski ba\u015fkanlardan Sadri \u015eener ile Salih Erdem, kurucu \u00fcyelerden Nizamettin Algan, Divan Kurulu Ba\u015fkan\u0131 Ali S\u00fcrmen ve \u00fcyeleri, \u0130sti\u015fare Kurulu Ba\u015fkan\u0131 \u00d6zkan S\u00fcmer ve \u00fcyeleri, Denetim Kurulu Ba\u015fkan\u0131 Mahmut \u00d6ren ve \u00fcyeleri, Disiplin Kurulu Ba\u015fkan\u0131 Haluk Raci Gen\u00e7osmano\u011flu ve \u00fcyeleri, Sicil Kurulu Ba\u015fkan\u0131 Osman \u00c7avu\u015fo\u011flu ve \u00fcyeleri, Ar\u015fiv ve M\u00fcze Kurulu Ba\u015fkan\u0131 Mehmet Salih Uzun ve \u00fcyeleri ile eski asba\u015fkanlardan Ha\u015fim Sayito\u011flu, \u00d6mer G\u00fcrsoy ve Erol Tuna ile eski y\u00f6neticiler ile birlikte TFF Ba\u015fkan Yard\u0131mc\u0131s\u0131 Y\u0131lmaz B\u00fcy\u00fckayd\u0131n ve TFF Y\u00f6netim Kurulu \u00dcyesi Mustafa Hac\u0131kerimo\u011flu kat\u0131ld\u0131.<\/p>\n<p>Ba\u015fkan A\u011fao\u011flu\u2019nun konu\u015fmas\u0131yla ba\u015flayan ve kat\u0131l\u0131mc\u0131larla kar\u015f\u0131l\u0131kl\u0131 olarak fikir al\u0131\u015fveri\u015finin ger\u00e7ekle\u015fti\u011fi toplant\u0131 yakla\u015f\u0131k iki saat s\u00fcrd\u00fc. Toplant\u0131 sonucunda, y\u00f6netim kurulunun son g\u00fcnlerde ya\u015fanan geli\u015fmelere ili\u015fkin ald\u0131\u011f\u0131 kararlar\u0131 onaylad\u0131klar\u0131n\u0131 beyan eden \u0130sti\u015fare Kurulu, y\u00f6netim kuruluna tam destek verilmesi y\u00f6n\u00fcnde fikir birli\u011fine vard\u0131.<\/p>\n<p>Kat\u0131l\u0131mc\u0131lar daha sonra g\u00fcn\u00fcn an\u0131s\u0131na hat\u0131ra foto\u011fraf\u0131 \u00e7ektirdi.<\/p>\n","protected":false},"excerpt":{"rendered":"<p>TRABZONSPOR Y\u00d6NET\u0130M KURULU VE \u0130ST\u0130\u015eARE KURULUNUN KATILIMIYLA MEHMET AL\u0130 YILMAZ TES\u0130SLER\u0130\u2019NDE B\u0130R TOPLANTI D\u00dcZENLEND\u0130.<\/p>\n","protected":false},"author":1,"featured_media":251636,"comment_status":"closed","ping_status":"open","sticky":false,"template":"","format":"standard","meta":{"jetpack_post_was_ever_published":false,"_jetpack_newsletter_access":"","_jetpack_dont_email_post_to_subs":false,"_jetpack_newsletter_tier_id":0,"_jetpack_memberships_contains_paywalled_content":false,"_jetpack_memberships_contains_paid_content":false,"footnotes":"","jetpack_publicize_message":"","jetpack_publicize_feature_enabled":true,"jetpack_social_post_already_shared":true,"jetpack_social_options":{"image_generator_settings":{"template":"highway","default_image_id":0,"font":"","enabled":false},"version":2}},"categories":[657],"tags":[126,125,127,192,561,247,916,246],"class_list":["post-251635","post","type-post","status-publish","format-standard","has-post-thumbnail","hentry","category-spor","tag-araya","tag-bir","tag-geldi","tag-ile","tag-istisare","tag-kurulu","tag-trabzonspor","tag-yonetim"],"jetpack_publicize_connections":[],"jetpack_featured_media_url":"https:\/\/i0.wp.com\/www.tvturk.com\/wp-content\/uploads\/2020\/01\/trabzonspor-yonetim-kurulu-ile-istisare-kurulu-bir-araya-geldi_6489640.jpg?fit=1000%2C705","jetpack_sharing_enabled":true,"jetpack_shortlink":"https:\/\/wp.me\/paKIfm-13sD","_links":{"self":[{"href":"http:\/\/www.tvturk.com\/index.php\/wp-json\/wp\/v2\/posts\/251635","targetHints":{"allow":["GET"]}}],"collection":[{"href":"http:\/\/www.tvturk.com\/index.php\/wp-json\/wp\/v2\/posts"}],"about":[{"href":"http:\/\/www.tvturk.com\/index.php\/wp-json\/wp\/v2\/types\/post"}],"author":[{"embeddable":true,"href":"http:\/\/www.tvturk.com\/index.php\/wp-json\/wp\/v2\/users\/1"}],"replies":[{"embeddable":true,"href":"http:\/\/www.tvturk.com\/index.php\/wp-json\/wp\/v2\/comments?post=251635"}],"version-history":[{"count":0,"href":"http:\/\/www.tvturk.com\/index.php\/wp-json\/wp\/v2\/posts\/251635\/revisions"}],"wp:featuredmedia":[{"embeddable":true,"href":"http:\/\/www.tvturk.com\/index.php\/wp-json\/wp\/v2\/media\/251636"}],"wp:attachment":[{"href":"http:\/\/www.tvturk.com\/index.php\/wp-json\/wp\/v2\/media?parent=251635"}],"wp:term":[{"taxonomy":"category","embeddable":true,"href":"http:\/\/www.tvturk.com\/index.php\/wp-json\/wp\/v2\/categories?post=251635"},{"taxonomy":"post_tag","embeddable":true,"href":"http:\/\/www.tvturk.com\/index.php\/wp-json\/wp\/v2\/tags?post=251635"}],"curies":[{"name":"wp","href":"https:\/\/api.w.org\/{rel}","templated":true}]}}