{"id":251663,"date":"2020-01-04T18:17:16","date_gmt":"2020-01-04T15:17:16","guid":{"rendered":"http:\/\/www.tvturk.com\/index.php\/riza-calimbay-emre-ve-mert-hakanin-bir-yere-gitme-sansi-yok\/"},"modified":"2020-01-04T18:17:16","modified_gmt":"2020-01-04T15:17:16","slug":"riza-calimbay-emre-ve-mert-hakanin-bir-yere-gitme-sansi-yok","status":"publish","type":"post","link":"http:\/\/www.tvturk.com\/index.php\/riza-calimbay-emre-ve-mert-hakanin-bir-yere-gitme-sansi-yok\/","title":{"rendered":"R\u0131za \u00c7al\u0131mbay: \u201cEmre ve Mert Hakan\u2019\u0131n bir yere gitme \u015fans\u0131 yok\u201d"},"content":{"rendered":"<p>Sivasspor Teknik Direkt\u00f6r\u00fc R\u0131za \u00c7al\u0131mbay, Antalya kamp\u0131n\u0131n ilk g\u00fcn\u00fcnde bas\u0131n mensuplar\u0131na a\u00e7\u0131klamalarda bulundu. \u0130lk yar\u0131y\u0131 lider bitiren k\u0131rm\u0131z\u0131-beyazl\u0131 ekibin teknik patronu, \u00f6zellikle transferde ad\u0131 ge\u00e7en Emre K\u0131l\u0131n\u00e7 ve Mert Hakan Yahda\u015f\u2019la ilgili olarak &#8220;Bu saatten sonra ne Emre ne Mert Hakan\u2019\u0131n bir yere gitme \u015fans\u0131 yok. 10-12 g\u00fcne lig ba\u015fl\u0131yor. Onlar\u0131n da gitmeye niyetleri yok&#8221; ifadelerini kulland\u0131.<\/p>\n<p>S\u00fcper Lig\u2019in ilk yar\u0131s\u0131n\u0131 lider tamamlayan Sivasspor, devre aras\u0131 \u00e7al\u0131\u015fmalar\u0131 i\u00e7in Antalya Belek\u2019te antrenmanlara ba\u015flad\u0131. \u00c7al\u0131\u015fmalar \u00f6ncesinde bas\u0131n mensuplar\u0131na a\u00e7\u0131klamalarda bulunan Sivasspor Teknik Direkt\u00f6r\u00fc R\u0131za \u00c7al\u0131mbay, iyi bir ilk yar\u0131 ge\u00e7irdiklerini ifade ederek, \u201cDevre aras\u0131 k\u0131sa olmas\u0131na ra\u011fmen iyi \u015fekilde de\u011ferlendirmemiz gerekiyor. Burada 1 hafta kalaca\u011f\u0131z. 2 g\u00fcn sonra kupa ma\u00e7\u0131 sonra Be\u015fikta\u015f oynayaca\u011f\u0131z. Yo\u011fun bir tempoya girece\u011fiz. Bug\u00fcn g\u00f6rd\u00fc\u011f\u00fcn\u00fcz gibi tak\u0131m\u0131n y\u00fczde 60\u2019\u0131 yok. Onlar\u0131n hepsi bug\u00fcn gelecek ve yar\u0131n tam tak\u0131m olarak ba\u015flayaca\u011f\u0131z. \u0130lk yar\u0131da yapt\u0131\u011f\u0131m\u0131z g\u00fczel \u015feylerin yan\u0131nda hatalar da oldu. Onlar\u0131 burada \u00e7al\u0131\u015farak, konu\u015farak d\u00fczeltmeye \u00e7al\u0131\u015faca\u011f\u0131z. \u0130kinci yar\u0131 ilk yar\u0131 gibi olmayacak zor olacak. B\u00fct\u00fcn tak\u0131mlar takviye yapacak. Her \u015feye haz\u0131r olmak i\u00e7in \u00e7al\u0131\u015fmam\u0131z gerekiyor. Zor ge\u00e7ecek ikinci yar\u0131. Onun i\u00e7in bizim oynad\u0131\u011f\u0131m\u0131z oyunun \u00fcst\u00fcne \u00e7\u0131kmam\u0131z gerekiyor. Mutlaka 3-4 takviye yapmam\u0131z gerekiyor ona da \u00e7al\u0131\u015f\u0131yoruz. Biliyorsunuz tabii ikinci yar\u0131 transfer yapmak \u00e7ok zordur. \u0130stedi\u011fin oyuncuyu almak istesen fiyat a\u00e7\u0131s\u0131ndan y\u00fcksek olabilir. Onun i\u00e7in bizim tak\u0131m\u0131m\u0131za uyacak iyi arkada\u015flar\u0131 almaya \u00e7al\u0131\u015faca\u011f\u0131z. Bulduklar\u0131m\u0131zda var ve 1 hafta i\u00e7inde bitirece\u011fiz. Mevkiden ziyade 3 arkada\u015f\u0131m\u0131z\u0131 eksikti Gen\u00e7lerbirli\u011fi ma\u00e7\u0131nda ve oyun de\u011fi\u015ftirecek ismimiz yoktu. Alaca\u011f\u0131m\u0131z arkada\u015flar o \u015fekilde olacak\u201d dedi.<\/p>\n<p>\u201cEmre ve Mert Hakan\u2019\u0131n bir yere gitme \u015fans\u0131 yok\u201d<\/p>\n<p>Emre K\u0131l\u0131n\u00e7 ve Mert Hakan Yanda\u015f\u2019\u0131n transfer durumu hakk\u0131nda sorulan soruya cevap veren \u00c7al\u0131mbay, \u201c\u015eimdi biz onu kapatt\u0131k. Bu saatten sonra ne Emre ne Mert Hakan\u2019\u0131n bir yere gitme \u015fans\u0131 yok. 10-12 g\u00fcne lig ba\u015fl\u0131yor. Onlar\u0131nda gitmeye niyetleri yok. Buradan bence devre aras\u0131 gitmeleri dezavantaj olabilir. Bu sezonu \u00e7ok iyi bitirip daha kuvvetli bir \u015fekilde gidebilirler. S\u00f6zle\u015fmeleri sezon sonu bitiyor. \u0130kinci yar\u0131ya konsantre olmalar\u0131 gerekiyor. Onlar\u0131nda kendi oyunlar\u0131n\u0131n \u00fcst\u00fcne \u00e7\u0131kmalar\u0131 gerekiyor\u201d ifadelerini kulland\u0131.<\/p>\n","protected":false},"excerpt":{"rendered":"<p>S\u0130VASSPOR TEKN\u0130K D\u0130REKT\u00d6R\u00dc RIZA \u00c7ALIMBAY, ANTALYA KAMPININ \u0130LK G\u00dcN\u00dcNDE BASIN MENSUPLARINA A\u00c7IKLAMALARDA BULUNDU. \u0130LK YARIYI L\u0130DER B\u0130T\u0130REN KIRMIZI-BEYAZLI EK\u0130B\u0130N TEKN\u0130K PATRONU, \u00d6ZELL\u0130KLE TRANSFERDE ADI GE\u00c7EN EMRE KILIN\u00c7 VE MERT HAKAN YAHDA\u015e&#8217;LA \u0130LG\u0130L\u0130 OLARAK &#8220;BU SAATTEN SONRA NE EMRE NE MERT HAKAN\u2019IN B\u0130R YERE G\u0130TME \u015eANSI YOK. 10-12 G\u00dcNE L\u0130G BA\u015eLIYOR. ONLARIN DA G\u0130TMEYE N\u0130YETLER\u0130 YOK&#8221; \u0130FADELER\u0130N\u0130 KULLANDI.<\/p>\n","protected":false},"author":1,"featured_media":251664,"comment_status":"closed","ping_status":"open","sticky":false,"template":"","format":"standard","meta":{"jetpack_post_was_ever_published":false,"_jetpack_newsletter_access":"","_jetpack_dont_email_post_to_subs":false,"_jetpack_newsletter_tier_id":0,"_jetpack_memberships_contains_paywalled_content":false,"_jetpack_memberships_contains_paid_content":false,"footnotes":"","jetpack_publicize_message":"","jetpack_publicize_feature_enabled":true,"jetpack_social_post_already_shared":true,"jetpack_social_options":{"image_generator_settings":{"template":"highway","default_image_id":0,"font":"","enabled":false},"version":2}},"categories":[657],"tags":[125,17058,6360,36489,21927,22199,714,7877,1048,664],"class_list":["post-251663","post","type-post","status-publish","format-standard","has-post-thumbnail","hentry","category-spor","tag-bir","tag-calimbay","tag-emre","tag-gitme","tag-hakanin","tag-mert","tag-riza","tag-sansi","tag-yere","tag-yok"],"jetpack_publicize_connections":[],"jetpack_featured_media_url":"https:\/\/i0.wp.com\/www.tvturk.com\/wp-content\/uploads\/2020\/01\/riza-calimbay-emre-ve-mert-hakanin-bir-yere-gitme-sansi-yok_1d8026a.jpg?fit=1000%2C562","jetpack_sharing_enabled":true,"jetpack_shortlink":"https:\/\/wp.me\/paKIfm-13t5","_links":{"self":[{"href":"http:\/\/www.tvturk.com\/index.php\/wp-json\/wp\/v2\/posts\/251663","targetHints":{"allow":["GET"]}}],"collection":[{"href":"http:\/\/www.tvturk.com\/index.php\/wp-json\/wp\/v2\/posts"}],"about":[{"href":"http:\/\/www.tvturk.com\/index.php\/wp-json\/wp\/v2\/types\/post"}],"author":[{"embeddable":true,"href":"http:\/\/www.tvturk.com\/index.php\/wp-json\/wp\/v2\/users\/1"}],"replies":[{"embeddable":true,"href":"http:\/\/www.tvturk.com\/index.php\/wp-json\/wp\/v2\/comments?post=251663"}],"version-history":[{"count":0,"href":"http:\/\/www.tvturk.com\/index.php\/wp-json\/wp\/v2\/posts\/251663\/revisions"}],"wp:featuredmedia":[{"embeddable":true,"href":"http:\/\/www.tvturk.com\/index.php\/wp-json\/wp\/v2\/media\/251664"}],"wp:attachment":[{"href":"http:\/\/www.tvturk.com\/index.php\/wp-json\/wp\/v2\/media?parent=251663"}],"wp:term":[{"taxonomy":"category","embeddable":true,"href":"http:\/\/www.tvturk.com\/index.php\/wp-json\/wp\/v2\/categories?post=251663"},{"taxonomy":"post_tag","embeddable":true,"href":"http:\/\/www.tvturk.com\/index.php\/wp-json\/wp\/v2\/tags?post=251663"}],"curies":[{"name":"wp","href":"https:\/\/api.w.org\/{rel}","templated":true}]}}