{"id":251779,"date":"2020-01-05T10:46:29","date_gmt":"2020-01-05T07:46:29","guid":{"rendered":"http:\/\/www.tvturk.com\/index.php\/yeni-donem-cocuk-meclisi-uyeleri-goreve-basladi\/"},"modified":"2020-01-05T10:46:29","modified_gmt":"2020-01-05T07:46:29","slug":"yeni-donem-cocuk-meclisi-uyeleri-goreve-basladi","status":"publish","type":"post","link":"http:\/\/www.tvturk.com\/index.php\/yeni-donem-cocuk-meclisi-uyeleri-goreve-basladi\/","title":{"rendered":"Yeni d\u00f6nem \u00e7ocuk meclisi \u00fcyeleri g\u00f6reve ba\u015flad\u0131"},"content":{"rendered":"<p>Ankara B\u00fcy\u00fck\u015fehir Belediyesi \u00c7ocuk Meclisi 25. d\u00f6nem \u00fcyeleri, Kamu Denet\u00e7ili\u011fi Kurumunu ziyaret ederek, g\u00f6r\u00fc\u015f ve \u00f6nerilerini iletti.<\/p>\n<p>Ba\u015fkent\u2019teki kamu kurum ve kurulu\u015flar\u0131n\u0131 ziyaret ederek g\u00f6r\u00fc\u015f ve \u00f6nerilerini sunan \u00c7ocuk Meclisi \u00fcyelerinin bu seferki adresi Kamu Denet\u00e7ili\u011fi Kurumu (KDK) oldu. Kamu Denet\u00e7isi Sadettin Kalkan ve \u00e7ocuk haklar\u0131ndan sorumlu uzmanlarla bir araya gelen \u00fcyeler, ald\u0131klar\u0131 yeni d\u00f6nem kararlar\u0131 ile g\u00f6r\u00fc\u015f ve \u00f6nerilerini i\u00e7eren bir dosya da sundu. 25. D\u00f6nem \u00c7ocuk Meclisi Ba\u015fkan\u0131 \u00c7a\u011f\u0131n Alada\u011f ba\u015fkanl\u0131\u011f\u0131nda ger\u00e7ekle\u015fen ziyarette ombudsmanl\u0131k sisteminin i\u015fleyi\u015fi, tarih\u00e7esi ve KDK \u00e7ocuk sayfas\u0131na yap\u0131lan konu ba\u015fl\u0131klar\u0131 ve \u00e7\u00f6z\u00fcm \u00f6nerileri ele al\u0131nd\u0131.<\/p>\n<p>B\u00fcy\u00fck\u015fehir Belediyesi \u00c7ocuk Meclisi \u00fcyelerinin, \u00e7ocuklar\u0131 ve \u00e7ocuk haklar\u0131n\u0131 yak\u0131ndan ilgilendiren konularda \u00e7al\u0131\u015fmalar yapan kamu kurum ve kurulu\u015flar\u0131na y\u00f6nelik ziyaretlerini s\u00fcrd\u00fcrece\u011fi belirtildi.<\/p>\n","protected":false},"excerpt":{"rendered":"<p>ANKARA B\u00dcY\u00dcK\u015eEH\u0130R BELED\u0130YES\u0130 \u00c7OCUK MECL\u0130S\u0130 25. D\u00d6NEM \u00dcYELER\u0130, KAMU DENET\u00c7\u0130L\u0130\u011e\u0130 KURUMUNU Z\u0130YARET EDEREK, G\u00d6R\u00dc\u015e VE \u00d6NER\u0130LER\u0130N\u0130 \u0130LETT\u0130.<\/p>\n","protected":false},"author":1,"featured_media":251780,"comment_status":"closed","ping_status":"open","sticky":false,"template":"","format":"standard","meta":{"jetpack_post_was_ever_published":false,"_jetpack_newsletter_access":"","_jetpack_dont_email_post_to_subs":false,"_jetpack_newsletter_tier_id":0,"_jetpack_memberships_contains_paywalled_content":false,"_jetpack_memberships_contains_paid_content":false,"footnotes":"","jetpack_publicize_message":"","jetpack_publicize_feature_enabled":true,"jetpack_social_post_already_shared":true,"jetpack_social_options":{"image_generator_settings":{"template":"highway","default_image_id":0,"font":"","enabled":false},"version":2}},"categories":[1],"tags":[55,1008,1530,3137,290,3081,87],"class_list":["post-251779","post","type-post","status-publish","format-standard","has-post-thumbnail","hentry","category-genel","tag-basladi","tag-cocuk","tag-donem","tag-goreve","tag-meclisi","tag-uyeleri","tag-yeni"],"jetpack_publicize_connections":[],"jetpack_featured_media_url":"https:\/\/i0.wp.com\/www.tvturk.com\/wp-content\/uploads\/2020\/01\/yeni-donem-cocuk-meclisi-uyeleri-goreve-basladi_771085a.jpg?fit=1000%2C666","jetpack_sharing_enabled":true,"jetpack_shortlink":"https:\/\/wp.me\/paKIfm-13uX","_links":{"self":[{"href":"http:\/\/www.tvturk.com\/index.php\/wp-json\/wp\/v2\/posts\/251779","targetHints":{"allow":["GET"]}}],"collection":[{"href":"http:\/\/www.tvturk.com\/index.php\/wp-json\/wp\/v2\/posts"}],"about":[{"href":"http:\/\/www.tvturk.com\/index.php\/wp-json\/wp\/v2\/types\/post"}],"author":[{"embeddable":true,"href":"http:\/\/www.tvturk.com\/index.php\/wp-json\/wp\/v2\/users\/1"}],"replies":[{"embeddable":true,"href":"http:\/\/www.tvturk.com\/index.php\/wp-json\/wp\/v2\/comments?post=251779"}],"version-history":[{"count":0,"href":"http:\/\/www.tvturk.com\/index.php\/wp-json\/wp\/v2\/posts\/251779\/revisions"}],"wp:featuredmedia":[{"embeddable":true,"href":"http:\/\/www.tvturk.com\/index.php\/wp-json\/wp\/v2\/media\/251780"}],"wp:attachment":[{"href":"http:\/\/www.tvturk.com\/index.php\/wp-json\/wp\/v2\/media?parent=251779"}],"wp:term":[{"taxonomy":"category","embeddable":true,"href":"http:\/\/www.tvturk.com\/index.php\/wp-json\/wp\/v2\/categories?post=251779"},{"taxonomy":"post_tag","embeddable":true,"href":"http:\/\/www.tvturk.com\/index.php\/wp-json\/wp\/v2\/tags?post=251779"}],"curies":[{"name":"wp","href":"https:\/\/api.w.org\/{rel}","templated":true}]}}