{"id":251889,"date":"2020-01-05T14:32:00","date_gmt":"2020-01-05T11:32:00","guid":{"rendered":"http:\/\/www.tvturk.com\/index.php\/balikligole-gelen-vatandaslar-baliklari-semsiye-altinda-besledi\/"},"modified":"2020-01-05T14:32:00","modified_gmt":"2020-01-05T11:32:00","slug":"balikligole-gelen-vatandaslar-baliklari-semsiye-altinda-besledi","status":"publish","type":"post","link":"http:\/\/www.tvturk.com\/index.php\/balikligole-gelen-vatandaslar-baliklari-semsiye-altinda-besledi\/","title":{"rendered":"Bal\u0131kl\u0131g\u00f6l\u2019e gelen vatanda\u015flar bal\u0131klar\u0131 \u015femsiye alt\u0131nda besledi"},"content":{"rendered":"<p>\u015eanl\u0131urfa\u2019da ya\u011fmurlu havaya ald\u0131r\u0131\u015f etmeden kentin en \u00f6nemli tarihi ve turistik mekanlar\u0131ndan olan Bal\u0131kl\u0131g\u00f6l\u2019\u00fc ziyaret eden turistler, bal\u0131klar\u0131 da beslemeyi ihmal etmedi.<\/p>\n<p>Havan\u0131n ya\u011fmurlu olmas\u0131na ald\u0131r\u0131\u015f etmeyen vatanda\u015flar, hafta sonu peygamberler \u015fehrindeki manevi mekanlara ak\u0131n etti. \u015eanl\u0131urfa\u2019ya \u00e7e\u015fitli illerden otob\u00fcslerle gelen yerli turistler, Dergah ve Bal\u0131kl\u0131g\u00f6l\u2019\u00fc mesken tuttu. Gezilerine Hz. \u0130brahim\u2019in d\u00fcnyaya geldi\u011fi ma\u011faray\u0131 ziyaret ederek ba\u015flayan ziyaret\u00e7iler, kutsal oldu\u011funa inan\u0131lan Bal\u0131kl\u0131g\u00f6l\u2019e b\u00fcy\u00fck ilgi g\u00f6sterdi. Bal\u0131kl\u0131g\u00f6l kenar\u0131ndaki sat\u0131c\u0131lardan bal\u0131k yemi alan vatanda\u015flar\u0131n baz\u0131lar\u0131 \u015femsiye alt\u0131nda, baz\u0131lar\u0131 da ya\u011fmura ald\u0131r\u0131\u015f etmeden bal\u0131klar\u0131 besledi.<\/p>\n<p>Ankara\u2019dan ni\u015fanl\u0131s\u0131yla g\u00fcn\u00fcbirlik Bal\u0131kl\u0131g\u00f6l\u2019e gelen Yavuz Tellio\u011flu, \u201cBal\u0131kl\u0131g\u00f6l\u2019de ya\u011fmurlu, so\u011fuk bir hava var ama atmosferi \u00e7ok g\u00fczel. Bu \u00fclkede ya\u015fayan herkesin bu atmosferi g\u00f6rmesi gereken g\u00fczel bir yer\u201d dedi.<\/p>\n<p>Di\u011fer vatanda\u015flar ise havan\u0131n \u00e7ok so\u011fuk olmad\u0131\u011f\u0131n\u0131 ifade ederek, &#8220;\u0130lk defa gelmenin heyecan\u0131 da bizleri daha \u00e7ok s\u0131cakla\u015ft\u0131r\u0131yor. Bal\u0131kl\u0131g\u00f6l d\u00fcnyada en \u00e7ok gezilmesi ve g\u00f6r\u00fclmesi gereken yerlerden birisi. \u00c7ok muazzam bir havas\u0131 var&#8221; dediler.<\/p>\n<p>Bal\u0131klar\u0131 besledikten sonra vatanda\u015flar, telefonlar\u0131yla hat\u0131ra foto\u011fraf\u0131 \u00e7ekinmeyi de ihmal etmediler.<\/p>\n","protected":false},"excerpt":{"rendered":"<p>\u015eANLIURFA\u2019DA YA\u011eMURLU HAVAYA ALDIRI\u015e ETMEDEN KENT\u0130N EN \u00d6NEML\u0130 TAR\u0130H\u0130 VE TUR\u0130ST\u0130K MEKANLARINDAN OLAN BALIKLIG\u00d6L&#8217;\u00dc Z\u0130YARET EDEN TUR\u0130STLER, BALIKLARI DA BESLEMEY\u0130 \u0130HMAL ETMED\u0130.<\/p>\n","protected":false},"author":1,"featured_media":251890,"comment_status":"closed","ping_status":"open","sticky":false,"template":"","format":"standard","meta":{"jetpack_post_was_ever_published":false,"_jetpack_newsletter_access":"","_jetpack_dont_email_post_to_subs":false,"_jetpack_newsletter_tier_id":0,"_jetpack_memberships_contains_paywalled_content":false,"_jetpack_memberships_contains_paid_content":false,"footnotes":"","jetpack_publicize_message":"","jetpack_publicize_feature_enabled":true,"jetpack_social_post_already_shared":true,"jetpack_social_options":{"image_generator_settings":{"template":"highway","default_image_id":0,"font":"","enabled":false},"version":2}},"categories":[1],"tags":[3114,27430,33552,15599,307,20362,2344],"class_list":["post-251889","post","type-post","status-publish","format-standard","has-post-thumbnail","hentry","category-genel","tag-altinda","tag-baliklari","tag-balikligole","tag-besledi","tag-gelen","tag-semsiye","tag-vatandaslar"],"jetpack_publicize_connections":[],"jetpack_featured_media_url":"https:\/\/i0.wp.com\/www.tvturk.com\/wp-content\/uploads\/2020\/01\/balikligole-gelen-vatandaslar-baliklari-semsiye-altinda-besledi_9ba1151.jpg?fit=1000%2C666","jetpack_sharing_enabled":true,"jetpack_shortlink":"https:\/\/wp.me\/paKIfm-13wJ","_links":{"self":[{"href":"http:\/\/www.tvturk.com\/index.php\/wp-json\/wp\/v2\/posts\/251889","targetHints":{"allow":["GET"]}}],"collection":[{"href":"http:\/\/www.tvturk.com\/index.php\/wp-json\/wp\/v2\/posts"}],"about":[{"href":"http:\/\/www.tvturk.com\/index.php\/wp-json\/wp\/v2\/types\/post"}],"author":[{"embeddable":true,"href":"http:\/\/www.tvturk.com\/index.php\/wp-json\/wp\/v2\/users\/1"}],"replies":[{"embeddable":true,"href":"http:\/\/www.tvturk.com\/index.php\/wp-json\/wp\/v2\/comments?post=251889"}],"version-history":[{"count":0,"href":"http:\/\/www.tvturk.com\/index.php\/wp-json\/wp\/v2\/posts\/251889\/revisions"}],"wp:featuredmedia":[{"embeddable":true,"href":"http:\/\/www.tvturk.com\/index.php\/wp-json\/wp\/v2\/media\/251890"}],"wp:attachment":[{"href":"http:\/\/www.tvturk.com\/index.php\/wp-json\/wp\/v2\/media?parent=251889"}],"wp:term":[{"taxonomy":"category","embeddable":true,"href":"http:\/\/www.tvturk.com\/index.php\/wp-json\/wp\/v2\/categories?post=251889"},{"taxonomy":"post_tag","embeddable":true,"href":"http:\/\/www.tvturk.com\/index.php\/wp-json\/wp\/v2\/tags?post=251889"}],"curies":[{"name":"wp","href":"https:\/\/api.w.org\/{rel}","templated":true}]}}