{"id":251895,"date":"2020-01-05T14:47:20","date_gmt":"2020-01-05T11:47:20","guid":{"rendered":"http:\/\/www.tvturk.com\/index.php\/abdurrahman-akyuz-avrupa-wushu-federasyonu-1-baskanvekili-oldu\/"},"modified":"2020-01-05T14:47:20","modified_gmt":"2020-01-05T11:47:20","slug":"abdurrahman-akyuz-avrupa-wushu-federasyonu-1-baskanvekili-oldu","status":"publish","type":"post","link":"http:\/\/www.tvturk.com\/index.php\/abdurrahman-akyuz-avrupa-wushu-federasyonu-1-baskanvekili-oldu\/","title":{"rendered":"Abdurrahman Aky\u00fcz, Avrupa Wushu Federasyonu 1. Ba\u015fkanvekili oldu"},"content":{"rendered":"<p>T\u00fcrkiye Wushu Kung Fu Federasyonu Ba\u015fkanvekili Abdurrahman Aky\u00fcz Avrupa Wushu Federasyonu (EUWUF) 1. Ba\u015fkanvekili oldu.<\/p>\n<p>EUWUF Kongresi Avrupa Birli\u011fi Ba\u015fkenti Br\u00fcksel\u2019de yap\u0131ld\u0131. D\u00fcn yap\u0131lan kongreye kat\u0131lan T\u00fcrkiye Wushu Kung Fu Federasyonu Ba\u015fkanvekili Abdurrahman Aky\u00fcz, Avrupa Wushu Federasyonu (EUWUF) 1. Ba\u015fkanvekili oldu.<\/p>\n<p>12 Avrupa \u00fclkesinin kat\u0131ld\u0131\u011f\u0131 kongrede Bel\u00e7ika Wushu Federasyonu Ba\u015fkan\u0131 Patrik Van Campenhaut ba\u015fkanl\u0131\u011fa, H\u0131rvatistan Wushu Federasyonu Genel Sekreteri Peter Turkovi\u00e7 Genel Sekreterli\u011fe getirildi. 2. Ba\u015fkanvekili Bulgaristan Federasyonu Ba\u015fkan\u0131 Stefan Kolev oldu.<\/p>\n<p>Yap\u0131lan kongrede al\u0131nan karar gere\u011fi 2020 Avrupa Wushu \u015eampiyonas\u0131 28-31 May\u0131s 2020 tarihlerinde Bulgaristan\u2019\u0131n Burgaz \u015fehrinde yap\u0131lacak.<\/p>\n","protected":false},"excerpt":{"rendered":"<p>T\u00dcRK\u0130YE WUSHU KUNG FU FEDERASYONU BA\u015eKANVEK\u0130L\u0130 ABDURRAHMAN AKY\u00dcZ AVRUPA WUSHU FEDERASYONU (EUWUF) 1. BA\u015eKANVEK\u0130L\u0130 OLDU.<\/p>\n","protected":false},"author":1,"featured_media":251896,"comment_status":"closed","ping_status":"open","sticky":false,"template":"","format":"standard","meta":{"jetpack_post_was_ever_published":false,"_jetpack_newsletter_access":"","_jetpack_dont_email_post_to_subs":false,"_jetpack_newsletter_tier_id":0,"_jetpack_memberships_contains_paywalled_content":false,"_jetpack_memberships_contains_paid_content":false,"footnotes":"","jetpack_publicize_message":"","jetpack_publicize_feature_enabled":true,"jetpack_social_post_already_shared":true,"jetpack_social_options":{"image_generator_settings":{"template":"highway","default_image_id":0,"font":"","enabled":false},"version":2}},"categories":[657],"tags":[16577,38764,392,7915,2037,77,9549],"class_list":["post-251895","post","type-post","status-publish","format-standard","has-post-thumbnail","hentry","category-spor","tag-abdurrahman","tag-akyuz","tag-avrupa","tag-baskanvekili","tag-federasyonu","tag-oldu","tag-wushu"],"jetpack_publicize_connections":[],"jetpack_featured_media_url":"https:\/\/i0.wp.com\/www.tvturk.com\/wp-content\/uploads\/2020\/01\/abdurrahman-akyuz-avrupa-wushu-federasyonu-1-baskanvekili-oldu_b27c451.jpg?fit=1000%2C578","jetpack_sharing_enabled":true,"jetpack_shortlink":"https:\/\/wp.me\/paKIfm-13wP","_links":{"self":[{"href":"http:\/\/www.tvturk.com\/index.php\/wp-json\/wp\/v2\/posts\/251895","targetHints":{"allow":["GET"]}}],"collection":[{"href":"http:\/\/www.tvturk.com\/index.php\/wp-json\/wp\/v2\/posts"}],"about":[{"href":"http:\/\/www.tvturk.com\/index.php\/wp-json\/wp\/v2\/types\/post"}],"author":[{"embeddable":true,"href":"http:\/\/www.tvturk.com\/index.php\/wp-json\/wp\/v2\/users\/1"}],"replies":[{"embeddable":true,"href":"http:\/\/www.tvturk.com\/index.php\/wp-json\/wp\/v2\/comments?post=251895"}],"version-history":[{"count":0,"href":"http:\/\/www.tvturk.com\/index.php\/wp-json\/wp\/v2\/posts\/251895\/revisions"}],"wp:featuredmedia":[{"embeddable":true,"href":"http:\/\/www.tvturk.com\/index.php\/wp-json\/wp\/v2\/media\/251896"}],"wp:attachment":[{"href":"http:\/\/www.tvturk.com\/index.php\/wp-json\/wp\/v2\/media?parent=251895"}],"wp:term":[{"taxonomy":"category","embeddable":true,"href":"http:\/\/www.tvturk.com\/index.php\/wp-json\/wp\/v2\/categories?post=251895"},{"taxonomy":"post_tag","embeddable":true,"href":"http:\/\/www.tvturk.com\/index.php\/wp-json\/wp\/v2\/tags?post=251895"}],"curies":[{"name":"wp","href":"https:\/\/api.w.org\/{rel}","templated":true}]}}