{"id":251897,"date":"2020-01-05T14:47:25","date_gmt":"2020-01-05T11:47:25","guid":{"rendered":"http:\/\/www.tvturk.com\/index.php\/antalyaspor-ikinci-yari-hazirliklarina-basladi\/"},"modified":"2020-01-05T14:47:25","modified_gmt":"2020-01-05T11:47:25","slug":"antalyaspor-ikinci-yari-hazirliklarina-basladi","status":"publish","type":"post","link":"http:\/\/www.tvturk.com\/index.php\/antalyaspor-ikinci-yari-hazirliklarina-basladi\/","title":{"rendered":"Antalyaspor ikinci yar\u0131 haz\u0131rl\u0131klar\u0131na ba\u015flad\u0131"},"content":{"rendered":"<p>Antalyaspor\u2019da devre aras\u0131 kamp \u00e7al\u0131\u015fmalar\u0131 ba\u015flad\u0131. Cumartesi ak\u015fam\u0131 toplanmaya ba\u015flayan Antalyaspor, kamptaki ilk antrenman\u0131n\u0131 bu sabah ger\u00e7ekle\u015ftirdi. Bu \u00e7al\u0131\u015fmayla tak\u0131m\u0131n yeni teknik direkt\u00f6r\u00fc Tamer Tuna ilk idman\u0131na \u00e7\u0131kt\u0131.<\/p>\n<p>Teknik Direkt\u00f6r Tamer Tuna, antrenman \u00f6ncesi futbolcularla saha i\u00e7inde bir toplant\u0131 yapt\u0131. Antrenman, tak\u0131m halinde yap\u0131lan d\u00fcz ko\u015fu ile ba\u015flad\u0131. Daha sonra topla e\u011fitsel \u00e7al\u0131\u015fma ger\u00e7ekle\u015ftiren k\u0131rm\u0131z\u0131-beyazl\u0131lar, antrenman\u0131 a\u00e7ma germe \u00e7al\u0131\u015fmas\u0131 ile tamamlad\u0131. Antalyaspor, g\u00fcn\u00fcn ikinci antrenman\u0131n\u0131 ak\u015fam saatlerinde ger\u00e7ekle\u015ftirecek.<\/p>\n","protected":false},"excerpt":{"rendered":"<p>ANTALYASPOR\u2019DA, DEVRE ARASI KAMP \u00c7ALI\u015eMALARI BA\u015eLADI. CUMARTES\u0130 AK\u015eAMI TOPLANMAYA BA\u015eLAYAN ANTALYASPOR, KAMPTAK\u0130 \u0130LK ANTRENMANINI BU SABAH GER\u00c7EKLE\u015eT\u0130RD\u0130.<\/p>\n","protected":false},"author":1,"featured_media":251898,"comment_status":"closed","ping_status":"open","sticky":false,"template":"","format":"standard","meta":{"jetpack_post_was_ever_published":false,"_jetpack_newsletter_access":"","_jetpack_dont_email_post_to_subs":false,"_jetpack_newsletter_tier_id":0,"_jetpack_memberships_contains_paywalled_content":false,"_jetpack_memberships_contains_paid_content":false,"footnotes":"","jetpack_publicize_message":"","jetpack_publicize_feature_enabled":true,"jetpack_social_post_already_shared":true,"jetpack_social_options":{"image_generator_settings":{"template":"highway","default_image_id":0,"font":"","enabled":false},"version":2}},"categories":[657],"tags":[5058,55,778,2087,918],"class_list":["post-251897","post","type-post","status-publish","format-standard","has-post-thumbnail","hentry","category-spor","tag-antalyaspor","tag-basladi","tag-hazirliklarina","tag-ikinci","tag-yari"],"jetpack_publicize_connections":[],"jetpack_featured_media_url":"https:\/\/i0.wp.com\/www.tvturk.com\/wp-content\/uploads\/2020\/01\/antalyaspor-ikinci-yari-hazirliklarina-basladi_64f3a1a.jpg?fit=1000%2C862","jetpack_sharing_enabled":true,"jetpack_shortlink":"https:\/\/wp.me\/paKIfm-13wR","_links":{"self":[{"href":"http:\/\/www.tvturk.com\/index.php\/wp-json\/wp\/v2\/posts\/251897","targetHints":{"allow":["GET"]}}],"collection":[{"href":"http:\/\/www.tvturk.com\/index.php\/wp-json\/wp\/v2\/posts"}],"about":[{"href":"http:\/\/www.tvturk.com\/index.php\/wp-json\/wp\/v2\/types\/post"}],"author":[{"embeddable":true,"href":"http:\/\/www.tvturk.com\/index.php\/wp-json\/wp\/v2\/users\/1"}],"replies":[{"embeddable":true,"href":"http:\/\/www.tvturk.com\/index.php\/wp-json\/wp\/v2\/comments?post=251897"}],"version-history":[{"count":0,"href":"http:\/\/www.tvturk.com\/index.php\/wp-json\/wp\/v2\/posts\/251897\/revisions"}],"wp:featuredmedia":[{"embeddable":true,"href":"http:\/\/www.tvturk.com\/index.php\/wp-json\/wp\/v2\/media\/251898"}],"wp:attachment":[{"href":"http:\/\/www.tvturk.com\/index.php\/wp-json\/wp\/v2\/media?parent=251897"}],"wp:term":[{"taxonomy":"category","embeddable":true,"href":"http:\/\/www.tvturk.com\/index.php\/wp-json\/wp\/v2\/categories?post=251897"},{"taxonomy":"post_tag","embeddable":true,"href":"http:\/\/www.tvturk.com\/index.php\/wp-json\/wp\/v2\/tags?post=251897"}],"curies":[{"name":"wp","href":"https:\/\/api.w.org\/{rel}","templated":true}]}}