{"id":252033,"date":"2020-01-06T09:47:05","date_gmt":"2020-01-06T06:47:05","guid":{"rendered":"http:\/\/www.tvturk.com\/index.php\/yeni-malatyaspor-sportif-direktoru-ravci-guilherme-icin-gelen-resmi-bir-teklif-yok\/"},"modified":"2020-01-06T09:47:05","modified_gmt":"2020-01-06T06:47:05","slug":"yeni-malatyaspor-sportif-direktoru-ravci-guilherme-icin-gelen-resmi-bir-teklif-yok","status":"publish","type":"post","link":"http:\/\/www.tvturk.com\/index.php\/yeni-malatyaspor-sportif-direktoru-ravci-guilherme-icin-gelen-resmi-bir-teklif-yok\/","title":{"rendered":"Yeni Malatyaspor Sportif Direkt\u00f6r\u00fc Ravc\u0131: &#8220;Guilherme i\u00e7in gelen resmi bir teklif yok&#8221;"},"content":{"rendered":"<p>Yeni Malatyaspor Sportif Direkt\u00f6r\u00fc Ali Ravc\u0131, ligin ilk yar\u0131s\u0131nda g\u00f6sterdi\u011fi performansla dikkat \u00e7eken Guilherme i\u00e7in kendilerine gelen resmi bir teklif olmad\u0131\u011f\u0131n\u0131 s\u00f6yledi.<\/p>\n<p>Kul\u00fcp televizyonuna transfer ve kamp \u00e7al\u0131\u015fmalar\u0131yla ilgili a\u00e7\u0131klamada bulunan Ravc\u0131, transferde \u00fczerinde \u00e7al\u0131\u015ft\u0131klar\u0131 isimlerin oldu\u011funu s\u00f6yledi. Transferin en \u00e7ok konu\u015fulan ismi Guilherme\u2019ye resmi bir teklifin gelmedi\u011fini kaydeden Ravc\u0131, \u201cGuilherme i\u00e7in gelen herhangi resmi bir teklif yok. Daha \u00f6nce de s\u00f6yledim, menajerler arac\u0131l\u0131\u011f\u0131yla bir g\u00f6r\u00fc\u015fme olmu\u015f olsayd\u0131 ondan da haberimiz olurdu. Kul\u00fcb\u00fcm\u00fcz son y\u0131llarda transfer politikalar\u0131nda olduk\u00e7a ba\u015far\u0131l\u0131 i\u015fler yapt\u0131. Bug\u00fcn kadromuzda bulunan bir\u00e7ok futbolcu kul\u00fcb\u00fcm\u00fcz\u00fcn ba\u015far\u0131l\u0131 \u00e7al\u0131\u015fmalar\u0131n\u0131n \u00fcr\u00fcn\u00fcd\u00fcr. Futbolcular\u0131m\u0131za taliplilerin \u00e7\u0131kmas\u0131 bizim ne kadar do\u011fru i\u015fler yapt\u0131\u011f\u0131m\u0131z\u0131n en b\u00fcy\u00fck g\u00f6stergesidir bana g\u00f6re. \u0130n\u015fallah bu ba\u015far\u0131m\u0131z\u0131 bu devre aras\u0131nda da s\u00fcrd\u00fcrmek istiyoruz. Transferde \u00fczerinde \u00e7al\u0131\u015ft\u0131\u011f\u0131m\u0131z isimler var. Tabi kul\u00fcb\u00fcm\u00fcz\u00fcn ekonomik dengelerini bozmayacak ad\u0131mlar atmaktan yanay\u0131z\u201d \u015feklinde konu\u015ftu.<\/p>\n<p>&#8220;Kamp\u0131m\u0131z verimli ge\u00e7iyor&#8221;<\/p>\n<p>Antalya\u2019da kamp \u00e7al\u0131\u015fmalar\u0131n\u0131n s\u00fcrd\u00fc\u011f\u00fcn\u00fc de belirten Ravc\u0131, &#8220;Antalya Belek\u2019te olduk\u00e7a g\u00fczel bir ortamda kamp \u00e7al\u0131\u015fmalar\u0131m\u0131z s\u00fcr\u00fcyor. Hedefimiz ikinci yar\u0131ya daha g\u00fc\u00e7l\u00fc bir \u015fekilde girebilmek. Bu anlamda Hocam\u0131z Sergen Yal\u00e7\u0131n y\u00f6netiminde g\u00fcnde \u00e7ift idman temposuyla g\u00fc\u00e7 depoluyoruz. Burada ay\u0131n 11\u2019inde bir haz\u0131rl\u0131k ma\u00e7\u0131m\u0131z olacak. Daha sonra kupa ma\u00e7\u0131 i\u00e7in Sivas\u2019a ge\u00e7ece\u011fiz. Umar\u0131m oradan alaca\u011f\u0131m\u0131z g\u00fczel bir sonu\u00e7la ligin ikinci yar\u0131s\u0131na ba\u015flar\u0131z&#8221; diye konu\u015ftu.<\/p>\n","protected":false},"excerpt":{"rendered":"<p>AL\u0130 RAVCI &#8220;HEDEF\u0130M\u0130Z \u0130K\u0130NC\u0130 YARIYA DAHA G\u00dc\u00c7L\u00dc G\u0130REB\u0130LMEK&#8221; DED\u0130.<\/p>\n","protected":false},"author":1,"featured_media":252034,"comment_status":"closed","ping_status":"open","sticky":false,"template":"","format":"standard","meta":{"jetpack_post_was_ever_published":false,"_jetpack_newsletter_access":"","_jetpack_dont_email_post_to_subs":false,"_jetpack_newsletter_tier_id":0,"_jetpack_memberships_contains_paywalled_content":false,"_jetpack_memberships_contains_paid_content":false,"footnotes":"","jetpack_publicize_message":"","jetpack_publicize_feature_enabled":true,"jetpack_social_post_already_shared":true,"jetpack_social_options":{"image_generator_settings":{"template":"highway","default_image_id":0,"font":"","enabled":false},"version":2}},"categories":[657],"tags":[125,10790,307,44992,44,528,28015,3690,9240,17060,87,664],"class_list":["post-252033","post","type-post","status-publish","format-standard","has-post-thumbnail","hentry","category-spor","tag-bir","tag-direktoru","tag-gelen","tag-guilherme","tag-icin","tag-malatyaspor","tag-ravci","tag-resmi","tag-sportif","tag-teklif","tag-yeni","tag-yok"],"jetpack_publicize_connections":[],"jetpack_featured_media_url":"https:\/\/i0.wp.com\/www.tvturk.com\/wp-content\/uploads\/2020\/01\/yeni-malatyaspor-sportif-direktoru-ravci-guilherme-icin-gelen-resmi-bir-teklif-yok_18e0eac.jpg?fit=737%2C416","jetpack_sharing_enabled":true,"jetpack_shortlink":"https:\/\/wp.me\/paKIfm-13z3","_links":{"self":[{"href":"http:\/\/www.tvturk.com\/index.php\/wp-json\/wp\/v2\/posts\/252033","targetHints":{"allow":["GET"]}}],"collection":[{"href":"http:\/\/www.tvturk.com\/index.php\/wp-json\/wp\/v2\/posts"}],"about":[{"href":"http:\/\/www.tvturk.com\/index.php\/wp-json\/wp\/v2\/types\/post"}],"author":[{"embeddable":true,"href":"http:\/\/www.tvturk.com\/index.php\/wp-json\/wp\/v2\/users\/1"}],"replies":[{"embeddable":true,"href":"http:\/\/www.tvturk.com\/index.php\/wp-json\/wp\/v2\/comments?post=252033"}],"version-history":[{"count":0,"href":"http:\/\/www.tvturk.com\/index.php\/wp-json\/wp\/v2\/posts\/252033\/revisions"}],"wp:featuredmedia":[{"embeddable":true,"href":"http:\/\/www.tvturk.com\/index.php\/wp-json\/wp\/v2\/media\/252034"}],"wp:attachment":[{"href":"http:\/\/www.tvturk.com\/index.php\/wp-json\/wp\/v2\/media?parent=252033"}],"wp:term":[{"taxonomy":"category","embeddable":true,"href":"http:\/\/www.tvturk.com\/index.php\/wp-json\/wp\/v2\/categories?post=252033"},{"taxonomy":"post_tag","embeddable":true,"href":"http:\/\/www.tvturk.com\/index.php\/wp-json\/wp\/v2\/tags?post=252033"}],"curies":[{"name":"wp","href":"https:\/\/api.w.org\/{rel}","templated":true}]}}