{"id":252039,"date":"2020-01-06T10:01:29","date_gmt":"2020-01-06T07:01:29","guid":{"rendered":"http:\/\/www.tvturk.com\/index.php\/johnson-macron-ve-merkelden-irana-ortak-uyari\/"},"modified":"2020-01-06T10:01:29","modified_gmt":"2020-01-06T07:01:29","slug":"johnson-macron-ve-merkelden-irana-ortak-uyari","status":"publish","type":"post","link":"http:\/\/www.tvturk.com\/index.php\/johnson-macron-ve-merkelden-irana-ortak-uyari\/","title":{"rendered":"Johnson, Macron ve Merkel\u2019den \u0130ran\u2019a ortak uyar\u0131"},"content":{"rendered":"<p>Almanya Ba\u015fbakan\u0131 Angela Merkel, Fransa Cumhurba\u015fkan\u0131 Emmanuel Macron ve \u0130ngiltere Ba\u015fbakan\u0131 Boris Johnson, \u0130ran\u2019a n\u00fckleer anla\u015fmaya uymayan ad\u0131mlar atmamas\u0131 konusunda ortak uyar\u0131da bulundu.<\/p>\n<p>Almanya Ba\u015fbakan\u0131 Angela Merkel, Fransa Cumhurba\u015fkan\u0131 Emmanuel Macron ve \u0130ngiltere Ba\u015fbakan\u0131 Boris Johnson, Tahran y\u00f6netimini Ortak Kapsaml\u0131 Eylem Plan\u0131 (JCPOA) ile \u00e7eli\u015fen ad\u0131mlardan ka\u00e7\u0131n\u0131lmas\u0131 konusunda uyard\u0131. Almanya Bakanlar Kurulu taraf\u0131ndan yay\u0131nlanan ortak bildiride, &#8220;\u00d6ncelik \u015fu anda gerilimin azalt\u0131lmas\u0131. Herkes sorumluluklar\u0131n bilincinde hareket etmeli. Her \u015feyden \u00f6nce, \u0130ran\u2019\u0131 yeni \u015fiddet eylemlerinden ve buna destek vermesinden ka\u00e7\u0131nmaya \u00e7a\u011f\u0131r\u0131yoruz. Ayr\u0131ca n\u00fckleer anla\u015fmaya uymayan eylemlerde bulunmamas\u0131n\u0131 istiyoruz&#8221; ifadeleri kullan\u0131ld\u0131.<\/p>\n<p>\u0130ran k\u0131sa s\u00fcre \u00f6nce, JCPOA\u2019da taahh\u00fctlerini k\u0131s\u0131tlaman\u0131n be\u015finci ad\u0131m\u0131 olarak santrif\u00fcjlerin say\u0131s\u0131 ile ilgili \u00f6ng\u00f6r\u00fclen \u2019son anahtar s\u0131n\u0131rlamas\u0131\u2019na uymayaca\u011f\u0131n\u0131 a\u00e7\u0131klam\u0131\u015ft\u0131.<\/p>\n<p>ABD liderli\u011findeki koalisyona destek \u00e7a\u011fr\u0131s\u0131<\/p>\n<p>\u00dc\u00e7 lider ayr\u0131ca Irak Parlamentosu\u2019nun ald\u0131\u011f\u0131 \u0130ran Devrim Muhaf\u0131zlar\u0131 Ordusu Kud\u00fcs G\u00fcc\u00fc Komutan\u0131 Kas\u0131m S\u00fcleymani ve Ha\u015fdi \u015eabi \u00f6rg\u00fct\u00fcn\u00fcn Ba\u015fkan Yard\u0131mc\u0131s\u0131 Ebu Mehdi el-M\u00fchendis\u2019in \u00f6ld\u00fcr\u00fclmesinin ard\u0131ndan yabanc\u0131 askerlerin \u00fclkeden \u00e7\u0131kar\u0131lmas\u0131 karar\u0131na kar\u015f\u0131, ABD liderli\u011findeki uluslararas\u0131 ter\u00f6rle m\u00fccadele koalisyonuna destek istedi. Bildiride, &#8220;Ayr\u0131ca DEA\u015e ile m\u00fccadeleye olan ba\u011fl\u0131l\u0131\u011f\u0131m\u0131za ve DEA\u015e ile m\u00fccadeleye \u00f6ncelik veriyoruz. Bu ba\u011flamda koalisyonun korunmas\u0131 b\u00fcy\u00fck \u00f6nem ta\u015f\u0131maktad\u0131r. Irak h\u00fck\u00fcmet kurumlar\u0131n\u0131 koalisyona gereken deste\u011fi vermeye devam etmeye \u00e7a\u011f\u0131r\u0131yoruz&#8221; denildi.<\/p>\n","protected":false},"excerpt":{"rendered":"<p>ALMANYA BA\u015eBAKANI ANGELA MERKEL, FRANSA CUMHURBA\u015eKANI EMMANUEL MACRON VE \u0130NG\u0130LTERE BA\u015eBAKANI BOR\u0130S JOHNSON, \u0130RAN&#8217;A N\u00dcKLEER ANLA\u015eMAYA UYMAYAN ADIMLAR ATMAMASI KONUSUNDA ORTAK UYARIDA BULUNDU.<\/p>\n","protected":false},"author":1,"featured_media":252040,"comment_status":"closed","ping_status":"open","sticky":false,"template":"","format":"standard","meta":{"jetpack_post_was_ever_published":false,"_jetpack_newsletter_access":"","_jetpack_dont_email_post_to_subs":false,"_jetpack_newsletter_tier_id":0,"_jetpack_memberships_contains_paywalled_content":false,"_jetpack_memberships_contains_paid_content":false,"footnotes":"","jetpack_publicize_message":"","jetpack_publicize_feature_enabled":true,"jetpack_social_post_already_shared":true,"jetpack_social_options":{"image_generator_settings":{"template":"highway","default_image_id":0,"font":"","enabled":false},"version":2}},"categories":[10],"tags":[12974,38761,16472,19636,947,4084],"class_list":["post-252039","post","type-post","status-publish","format-standard","has-post-thumbnail","hentry","category-dunya","tag-irana","tag-johnson","tag-macron","tag-merkelden","tag-ortak","tag-uyari"],"jetpack_publicize_connections":[],"jetpack_featured_media_url":"https:\/\/i0.wp.com\/www.tvturk.com\/wp-content\/uploads\/2020\/01\/johnson-macron-ve-merkelden-irana-ortak-uyari_4c5173c.jpg?fit=920%2C641","jetpack_sharing_enabled":true,"jetpack_shortlink":"https:\/\/wp.me\/paKIfm-13z9","_links":{"self":[{"href":"http:\/\/www.tvturk.com\/index.php\/wp-json\/wp\/v2\/posts\/252039","targetHints":{"allow":["GET"]}}],"collection":[{"href":"http:\/\/www.tvturk.com\/index.php\/wp-json\/wp\/v2\/posts"}],"about":[{"href":"http:\/\/www.tvturk.com\/index.php\/wp-json\/wp\/v2\/types\/post"}],"author":[{"embeddable":true,"href":"http:\/\/www.tvturk.com\/index.php\/wp-json\/wp\/v2\/users\/1"}],"replies":[{"embeddable":true,"href":"http:\/\/www.tvturk.com\/index.php\/wp-json\/wp\/v2\/comments?post=252039"}],"version-history":[{"count":0,"href":"http:\/\/www.tvturk.com\/index.php\/wp-json\/wp\/v2\/posts\/252039\/revisions"}],"wp:featuredmedia":[{"embeddable":true,"href":"http:\/\/www.tvturk.com\/index.php\/wp-json\/wp\/v2\/media\/252040"}],"wp:attachment":[{"href":"http:\/\/www.tvturk.com\/index.php\/wp-json\/wp\/v2\/media?parent=252039"}],"wp:term":[{"taxonomy":"category","embeddable":true,"href":"http:\/\/www.tvturk.com\/index.php\/wp-json\/wp\/v2\/categories?post=252039"},{"taxonomy":"post_tag","embeddable":true,"href":"http:\/\/www.tvturk.com\/index.php\/wp-json\/wp\/v2\/tags?post=252039"}],"curies":[{"name":"wp","href":"https:\/\/api.w.org\/{rel}","templated":true}]}}