{"id":252077,"date":"2020-01-06T10:32:32","date_gmt":"2020-01-06T07:32:32","guid":{"rendered":"http:\/\/www.tvturk.com\/index.php\/sindirim-sorununun-nedeni-curuk-dis-olabilir\/"},"modified":"2020-01-06T10:32:32","modified_gmt":"2020-01-06T07:32:32","slug":"sindirim-sorununun-nedeni-curuk-dis-olabilir","status":"publish","type":"post","link":"http:\/\/www.tvturk.com\/index.php\/sindirim-sorununun-nedeni-curuk-dis-olabilir\/","title":{"rendered":"\u201cSindirim sorununun nedeni \u00e7\u00fcr\u00fck di\u015f olabilir\u201d"},"content":{"rendered":"<p>Dr. \u00d6\u011fr. \u00dcyesi Cans\u0131n \u00c7elebi, \u00e7\u00fcr\u00fck di\u015flerin sadece a\u011fr\u0131ya neden olmad\u0131\u011f\u0131n\u0131 belirterek \u201cA\u011fr\u0131 nedeniyle iyi bir \u00e7i\u011fneme yap\u0131lamad\u0131\u011f\u0131 i\u00e7in sindirim sorunu ya\u015fanabilir, konu\u015fma, tat alma duyusu ve yemek yeme zevki etkilenebilir\u201d dedi.<\/p>\n<p>Medipol Mega \u00dcniversite Hastanesi Protetik Di\u015f Tedavisi B\u00f6l\u00fcm\u00fcnden Dr. \u00d6\u011fr. \u00dcyesi Cans\u0131n \u00c7elebi, \u00e7\u00fcr\u00fck veya eksik di\u015fin neden oldu\u011fu sorunlara ili\u015fkin a\u00e7\u0131klamalarda bulundu.<\/p>\n<p>\u201cSindirim sorununun nedeni \u00e7\u00fcr\u00fck di\u015f olabilir\u201d<\/p>\n<p>Di\u015f a\u011fr\u0131s\u0131n\u0131n sindirim \u00fczerindeki etkilerine dair a\u00e7\u0131klama yapan \u00c7elebi, \u201cDi\u015flerin a\u011f\u0131z i\u00e7indeki varl\u0131\u011f\u0131n\u0131n birinci nedeni, ki\u015filerin yemek yiyebilmesi ve dengeli beslenmesini sa\u011flamas\u0131d\u0131r. Di\u015f eksikli\u011finden ya da \u00e7\u00fcr\u00fck bir di\u015ften kaynaklanan a\u011fr\u0131 durumlar\u0131nda ki\u015filer iyi bir \u00e7i\u011fneme yapamad\u0131klar\u0131ndan sindirim sorunu ya\u015fayabilir. Sindirim sorununun nedeni \u00e7\u00fcr\u00fck di\u015f olabilir. \u0130yi \u00e7i\u011fnenmi\u015f besinler sindirim enzimlerini daha kolay absorbe edece\u011finden sindirimi kolayla\u015f\u0131r. Ayr\u0131ca iyi \u00e7i\u011fnenen besin gastrointestinal organlarda tahri\u015fi \u00f6nleyerek kolayca ilerler\u201d ifadelerini kulland\u0131.<\/p>\n<p>\u201cKonu\u015fmay\u0131 ve tat alma duyusunu etkiliyor\u201d<\/p>\n<p>\u0130yi \u00e7i\u011fnenen besinin t\u00fck\u00fcr\u00fckle daha \u00e7ok temas edece\u011finden ki\u015filerin tat duyusunu ve yemek yeme zevkini artt\u0131rd\u0131\u011f\u0131na dikkati \u00e7eken Dr. \u00c7elebi, \u201cBu nedenle iyi bir \u00e7i\u011fneme yapmak \u00f6nem kazan\u0131r. Ayr\u0131ca \u00f6zellikle \u00e7ok di\u015f eksikliklerinde \u00e7ene eklemi de zarar g\u00f6rebilir. Bu ki\u015filerde eklem a\u011fr\u0131s\u0131 \u015feklinde kendini g\u00f6sterir ve ya\u015fam kalitesini etkiler\u201d s\u00f6zlerini ifade etti.<\/p>\n<p>Estetik a\u00e7\u0131dan di\u015flerin ki\u015filerin moralini y\u00fckselterek, \u00f6zg\u00fcvenini artt\u0131rd\u0131\u011f\u0131na da de\u011finen \u00c7elebi, \u201c\u00d6zellikle g\u00fcn\u00fcm\u00fczde esteti\u011fin bu kadar \u00f6n planda oldu\u011fu bir d\u00f6nemde, estetik vazge\u00e7ilmez bir unsur olmu\u015ftur. G\u00fczel s\u0131ralanm\u0131\u015f bak\u0131ml\u0131 di\u015fler ki\u015filerin sosyal \u00e7evresinde rahat olmas\u0131n\u0131 ve kendine g\u00fcvenini artt\u0131r\u0131r. Bu da ki\u015fileri psikolojik olarak destekler\u201d de\u011ferlendirmesinde bulundu. Di\u015flerin do\u011fru ve anla\u015f\u0131l\u0131r bir konu\u015fman\u0131n da temelini olu\u015fturdu\u011funu belirten Dr. \u00c7elebi \u201cAkci\u011ferden gelen havan\u0131n a\u011f\u0131z bo\u015flu\u011funda di\u015flere \u00e7arparak a\u011f\u0131zdan anla\u015f\u0131labilir sesler halinde \u00e7\u0131kmas\u0131n\u0131 sa\u011flayan artik\u00fclat\u00f6r organlardan biridir. Dolay\u0131s\u0131yla di\u015f kayb\u0131 veya a\u011fr\u0131 kaynakl\u0131 do\u011fru \u015fekilde seslerin \u00e7\u0131kar\u0131lamamas\u0131 konu\u015fmay\u0131 da olduk\u00e7a etkiler\u201d dedi.<\/p>\n<p>\u201cFaranjite, gribe ve nezleye zemin haz\u0131rl\u0131yor\u201d<\/p>\n<p>Di\u015f kay\u0131plar\u0131n\u0131n nedenlerinden birinin de di\u015f \u00e7\u00fcr\u00fckleri oldu\u011funa belirten \u00c7elebi, \u201cDi\u015f \u00e7\u00fcr\u00fckleri zaman\u0131nda yap\u0131lan basit m\u00fcdahalelerde \u00f6nlenebilir veya tedavi edilebilir. Ba\u015flang\u0131\u00e7 \u00e7\u00fcr\u00fckleri a\u011fr\u0131 vermedi\u011finden rutin kontrollerde tespit edilir ve hastaya lokal anestezi yap\u0131lmadan bile tedavi edilebilir. Ancak \u00e7\u00fcr\u00fck ilerledik\u00e7e di\u015fin i\u00e7erisindeki sinir ve damar dokusuna yakla\u015ft\u0131\u011f\u0131ndan a\u011fr\u0131 ve iltihap olu\u015fturur. Sinir dokusuna ula\u015ft\u0131\u011f\u0131nda ise di\u015fin bulundu\u011fu kemik dokusunu da etkilemeye ba\u015flar. Kemik dokusunda lezyon dedi\u011fimiz iltihap odaklar\u0131 olu\u015fturur ve zamanla kist haline gelir. Di\u015f ve \u00e7evre dokusunda olu\u015fan iltihabi dokular \u00f6ncelikle a\u011fr\u0131 olu\u015fturduklar\u0131 i\u00e7in ya\u015fam kalitesi etkilenir. Bunun d\u0131\u015f\u0131nda v\u00fccutta bulunan iltihap v\u00fccut direncini d\u00fc\u015f\u00fcrecektir. \u00c7\u00fcr\u00fc\u011fe neden olan bakteriler a\u011f\u0131zdaki di\u011fer sa\u011fl\u0131kl\u0131 di\u015flere sonrada t\u00fcm v\u00fccuda yay\u0131labilir. Pek \u00e7ok sistemik hastal\u0131\u011f\u0131 (kalp, mide, b\u00f6brek hastal\u0131klar\u0131 gibi) tetikler ve iyile\u015fme s\u00fcre\u00e7lerini zay\u0131flat\u0131r. \u0130yi temizlenmeyen a\u011f\u0131zlarda grip, nezle, faranjit gibi enfeksiyon hastal\u0131klar\u0131 olu\u015fabilir\u201d diye konu\u015ftu.<\/p>\n","protected":false},"excerpt":{"rendered":"<p>DR. \u00d6\u011eR. \u00dcYES\u0130 CANSIN \u00c7ELEB\u0130, \u00c7\u00dcR\u00dcK D\u0130\u015eLER\u0130N SADECE A\u011eRIYA NEDEN OLMADI\u011eINI BEL\u0130RTEREK \u201cA\u011eRI NEDEN\u0130YLE \u0130Y\u0130 B\u0130R \u00c7\u0130\u011eNEME YAPILAMADI\u011eI \u0130\u00c7\u0130N S\u0130ND\u0130R\u0130M SORUNU YA\u015eANAB\u0130L\u0130R, KONU\u015eMA, TAT ALMA DUYUSU VE YEMEK YEME ZEVK\u0130 ETK\u0130LENEB\u0130L\u0130R\u201d DED\u0130.<\/p>\n","protected":false},"author":1,"featured_media":252078,"comment_status":"closed","ping_status":"open","sticky":false,"template":"","format":"standard","meta":{"jetpack_post_was_ever_published":false,"_jetpack_newsletter_access":"","_jetpack_dont_email_post_to_subs":false,"_jetpack_newsletter_tier_id":0,"_jetpack_memberships_contains_paywalled_content":false,"_jetpack_memberships_contains_paid_content":false,"footnotes":"","jetpack_publicize_message":"","jetpack_publicize_feature_enabled":true,"jetpack_social_post_already_shared":true,"jetpack_social_options":{"image_generator_settings":{"template":"highway","default_image_id":0,"font":"","enabled":false},"version":2}},"categories":[1],"tags":[16422,10156,642,3573,5897,36891],"class_list":["post-252077","post","type-post","status-publish","format-standard","has-post-thumbnail","hentry","category-genel","tag-sindirim","tag-curuk","tag-dis","tag-nedeni","tag-olabilir","tag-sorununun"],"jetpack_publicize_connections":[],"jetpack_featured_media_url":"https:\/\/i0.wp.com\/www.tvturk.com\/wp-content\/uploads\/2020\/01\/sindirim-sorununun-nedeni-curuk-dis-olabilir_ab7243b.jpg?fit=1000%2C666","jetpack_sharing_enabled":true,"jetpack_shortlink":"https:\/\/wp.me\/paKIfm-13zL","_links":{"self":[{"href":"http:\/\/www.tvturk.com\/index.php\/wp-json\/wp\/v2\/posts\/252077","targetHints":{"allow":["GET"]}}],"collection":[{"href":"http:\/\/www.tvturk.com\/index.php\/wp-json\/wp\/v2\/posts"}],"about":[{"href":"http:\/\/www.tvturk.com\/index.php\/wp-json\/wp\/v2\/types\/post"}],"author":[{"embeddable":true,"href":"http:\/\/www.tvturk.com\/index.php\/wp-json\/wp\/v2\/users\/1"}],"replies":[{"embeddable":true,"href":"http:\/\/www.tvturk.com\/index.php\/wp-json\/wp\/v2\/comments?post=252077"}],"version-history":[{"count":0,"href":"http:\/\/www.tvturk.com\/index.php\/wp-json\/wp\/v2\/posts\/252077\/revisions"}],"wp:featuredmedia":[{"embeddable":true,"href":"http:\/\/www.tvturk.com\/index.php\/wp-json\/wp\/v2\/media\/252078"}],"wp:attachment":[{"href":"http:\/\/www.tvturk.com\/index.php\/wp-json\/wp\/v2\/media?parent=252077"}],"wp:term":[{"taxonomy":"category","embeddable":true,"href":"http:\/\/www.tvturk.com\/index.php\/wp-json\/wp\/v2\/categories?post=252077"},{"taxonomy":"post_tag","embeddable":true,"href":"http:\/\/www.tvturk.com\/index.php\/wp-json\/wp\/v2\/tags?post=252077"}],"curies":[{"name":"wp","href":"https:\/\/api.w.org\/{rel}","templated":true}]}}