{"id":252087,"date":"2020-01-06T10:46:44","date_gmt":"2020-01-06T07:46:44","guid":{"rendered":"http:\/\/www.tvturk.com\/index.php\/elazigda-112ye-gelen-gereksiz-cagri-yuzde-85-oraninda-dustu\/"},"modified":"2020-01-06T10:46:44","modified_gmt":"2020-01-06T07:46:44","slug":"elazigda-112ye-gelen-gereksiz-cagri-yuzde-85-oraninda-dustu","status":"publish","type":"post","link":"http:\/\/www.tvturk.com\/index.php\/elazigda-112ye-gelen-gereksiz-cagri-yuzde-85-oraninda-dustu\/","title":{"rendered":"Elaz\u0131\u011f\u2019da 112\u2019ye gelen gereksiz \u00e7a\u011fr\u0131 y\u00fczde 85 oran\u0131nda d\u00fc\u015ft\u00fc"},"content":{"rendered":"<p>Elaz\u0131\u011f\u2019da 112 Acil Komuta Merkezi\u2019ne bir \u00f6nceki y\u0131la oranla gelen \u00e7a\u011fr\u0131larda y\u00fczde 50, gereksiz \u00e7a\u011fr\u0131larda ise y\u00fczde 85 oran\u0131nda d\u00fc\u015f\u00fc\u015f ya\u015fand\u0131. Kentte bu y\u0131l 320 bin \u00e7a\u011fr\u0131 kar\u015f\u0131lan\u0131rken, 46 bin vak\u2019aya m\u00fcdahale edildi.<\/p>\n<p>\u0130l Sa\u011fl\u0131k M\u00fcd\u00fcrl\u00fc\u011f\u00fc Ambulans Servisi Ba\u015fhekimli\u011fi 112 Acil Komuta Kontrol Merkezi\u2019ne her y\u0131l gelen binlerce as\u0131ls\u0131z \u00e7a\u011fr\u0131 oran\u0131nda y\u00fczde 85\u2019lik bir d\u00fc\u015f\u00fc\u015f ya\u015fand\u0131. 2018 y\u0131l\u0131nda 620 bin \u00e7a\u011fr\u0131 alan ve y\u00fczde 90\u2019n\u0131n\u0131n as\u0131ls\u0131z \u00e7\u0131kt\u0131\u011f\u0131 Elaz\u0131\u011f Komuta Merkezine bu sene 320 bin 215 \u00e7a\u011fr\u0131 geldi.  Gelen \u00e7a\u011fr\u0131 y\u00fczde 50, gereksiz \u00e7a\u011fr\u0131 y\u00fczde 85 oran\u0131nda d\u00fc\u015fse de, halen ciddi oranda  gereksiz \u00e7a\u011fr\u0131 gelmeye devam etti\u011fi bildirildi. Gelen gereksiz \u00e7a\u011fr\u0131lar aras\u0131nda kendi telefon numaras\u0131ndan, pin kodunu soranlar\u0131n bile oldu\u011fu belirtildi. \u00d6te yandan 2019 y\u0131l\u0131nda 34 istasyon ve 65 ambulansla 46 bin vak\u2019aya m\u00fcdahale edildi\u011fi de aktar\u0131ld\u0131.<\/p>\n<p>2019 y\u0131l\u0131nda \u0130l ambulans servisine 320 bin 215 \u00e7a\u011fr\u0131 geldi\u011fini belirten Ba\u015fhekim Dr. Hatice Y\u0131ld\u0131r\u0131m, \u201cBunlar\u0131n 46 bini normal vak\u2019a di\u011ferleri de gereksiz \u00e7a\u011fr\u0131lard\u0131. Ge\u00e7en sene 644 bin \u00e7a\u011fr\u0131m\u0131z vard\u0131 halk\u0131m\u0131z bilin\u00e7lendi\u011fi i\u00e7in \u00e7a\u011fr\u0131lar\u0131m\u0131z y\u00fczde 50 d\u00fc\u015ft\u00fc bu \u00e7ok iyi bir \u015fey. Elaz\u0131\u011f\u2019da toplamda 34 tane istasyonumuz var. 17 tanesi merkezde 17 tanesi de il\u00e7elerimize da\u011f\u0131lm\u0131\u015f durumda. Vak\u2019alara en yak\u0131n istasyonlar\u0131m\u0131z g\u00f6nderiliyor. Bizim merkez de vak\u2019alara ula\u015f\u0131m s\u00fcremiz 10 dakikad\u0131r.  Y\u00fczde 99.6 civar\u0131nda bir ula\u015f\u0131m oran\u0131m\u0131z var. Bu da T\u00fcrkiye ortalamas\u0131n\u0131n \u00fczerinde k\u0131rsal da ise ilk 30 dakika da ula\u015f\u0131m s\u00fcresi oran\u0131m\u0131z y\u00fczde 94 bu da ortalaman\u0131n \u00fczerinde. \u0130lk 5 dakikada merkezdeki vak\u2019alara ula\u015f\u0131yoruz. K\u0131rsal b\u00f6lgelerde ise ilk 17 dakikada ula\u015f\u0131yoruz. Uzun s\u00fcrede ula\u015famayaca\u011f\u0131z vak\u2019alar i\u00e7in Malatya\u2019dan helikopter ambulans kullan\u0131yoruz. T\u00fcrkiye\u2019de toplamda 17 tane helikopter ambulans mevcut bunlardan bize en yak\u0131n olanlar Malatya ve Diyarbak\u0131r bunlar\u0131 kullan\u0131yoruz\u201d dedi.<\/p>\n<p>&#8220;Bo\u015f \u00e7a\u011fr\u0131lar, bizi \u00e7ok yoruyor&#8221;<\/p>\n<p>Gereksiz \u00e7a\u011fr\u0131larla ilgili bilgi veren Y\u0131ld\u0131r\u0131m:&#8221; Bo\u015f \u00e7a\u011fr\u0131lar bizi \u00e7ok yoruyor. Yaln\u0131z vatanda\u015flar\u0131m\u0131z\u0131n bilin\u00e7lenmesi ile \u00e7a\u011fr\u0131lar azal\u0131yor. Telefon numaras\u0131 sormak i\u00e7in, elektri\u011fi kesilenler ve pin kodunu unutanlar hatta hava durumunu sormak i\u00e7in arayanlar bile oluyor. Bu t\u00fcr \u00e7a\u011fr\u0131lar y\u00fcz\u00fcnden bizim ger\u00e7ek vak\u2019alara ula\u015f\u0131m\u0131m\u0131z \u00e7ok aks\u0131yor. Kamu spotlar\u0131 ile bunlar\u0131n \u00f6n\u00fcne bir nebze de olsa ge\u00e7tik. \u015eu anda gereksiz \u00e7a\u011fr\u0131lar oran\u0131 y\u00fczde 85 d\u00fc\u015ft\u00fc. Ge\u00e7en y\u0131l daha fazlayd\u0131. Ge\u00e7en sene 644 bin \u00e7a\u011fr\u0131m\u0131z vard\u0131, bunlardan 45 bin tanesi vak\u2019ayd\u0131 bu sene \u00e7a\u011fr\u0131 say\u0131m\u0131z 325 bine d\u00fc\u015ft\u00fc. Yani y\u00fczde 50 oran\u0131nda bir azalma var. Bunun i\u00e7in halk\u0131m\u0131za te\u015fekk\u00fcr ediyoruz\u201d ifadelerini kulland\u0131.<\/p>\n<p>Komuta merkezlerinde \u00e7a\u011fr\u0131lar\u0131 yan\u0131tlayanlardan Mahmut I\u015f\u0131k, herkesin hastas\u0131 olabildi\u011fini ama acil oldu\u011fu zaman ambulans talep edilmesini istediklerini belirterek:&#8221; Acil d\u0131\u015f\u0131nda ki vak\u2019alara da ambulans istenmektedir.  \u00c7ok gereksiz yere hastay\u0131 g\u00f6rmeden ambulans talebi yap\u0131l\u0131yor.Vatanda\u015flar\u0131m\u0131zdan rica ediyoruz vak\u2019aya ambulans talep ederken durumunu de\u011ferlendirsinler acilse biz elimizden geleni yapar\u0131z. Telefonla ilgili sorunlar\u0131n\u0131 bizlere iletmek isteyenler, farkl\u0131 sorunlar\u0131n\u0131 ve su ar\u0131zalar\u0131n\u0131 soranlar oluyor zaman zaman bu t\u00fcr olaylarla da kar\u015f\u0131la\u015f\u0131yoruz. Vatanda\u015flar\u0131n ge\u00e7en y\u0131lki oranlar\u0131na bakarsak biraz daha bilin\u00e7lendi\u011fini g\u00f6r\u00fcyoruz\u201d diye konu\u015ftu.<\/p>\n<p>Bir \u00f6nceki y\u0131la oranla yar\u0131 yar\u0131ya azalma oldu\u011funu aktaran Komuta Merkezinde g\u00f6revli ATT  Personeli Huriye Tursun, bu durumun  olumlu bir geli\u015fme olarak kendilerine yans\u0131d\u0131\u011f\u0131n\u0131 s\u00f6yledi.<\/p>\n","protected":false},"excerpt":{"rendered":"<p>\u0130L SA\u011eLIK M\u00dcD\u00dcRL\u00dc\u011e\u00dc AMBULANS SERV\u0130S\u0130 BA\u015eHEK\u0130ML\u0130\u011e\u0130 112 AC\u0130L KOMUTA KONTROL MERKEZ\u0130&#8217;NE HER G\u00dcN Y\u00dcZLERCE GEREKS\u0130Z \u00c7A\u011eRI GEL\u0130YOR. 2018 YILINDA 620 B\u0130N \u00c7A\u011eRI ALAN Y\u00dcZDE 90\u2019NININ ASILSIZ \u00c7IKTI\u011eI ELAZI\u011e KOMUTA MERKEZ\u0130NE BU SENE 320 B\u0130N 215 \u00c7A\u011eRI GEL\u0130RKEN GEREKS\u0130Z \u00c7A\u011eRI ORANININ Y\u00dcZDE 85 ORANINDA D\u00dc\u015eSE DE GELEN \u00c7A\u011eRILAR ARASINDA &#8220;TELEFON NUMARASI VE P\u0130N KODUNU\u201d G\u0130B\u0130 ARAMALARDA OLDU\u011eU S\u00d6YLEND\u0130<\/p>\n","protected":false},"author":1,"featured_media":252088,"comment_status":"closed","ping_status":"open","sticky":false,"template":"","format":"standard","meta":{"jetpack_post_was_ever_published":false,"_jetpack_newsletter_access":"","_jetpack_dont_email_post_to_subs":false,"_jetpack_newsletter_tier_id":0,"_jetpack_memberships_contains_paywalled_content":false,"_jetpack_memberships_contains_paid_content":false,"footnotes":"","jetpack_publicize_message":"","jetpack_publicize_feature_enabled":true,"jetpack_social_post_already_shared":true,"jetpack_social_options":{"image_generator_settings":{"template":"highway","default_image_id":0,"font":"","enabled":false},"version":2}},"categories":[1],"tags":[19112,1054,1613,2479,307,3155,4741,3480],"class_list":["post-252087","post","type-post","status-publish","format-standard","has-post-thumbnail","hentry","category-genel","tag-112ye","tag-cagri","tag-dustu","tag-elazigda","tag-gelen","tag-gereksiz","tag-oraninda","tag-yuzde"],"jetpack_publicize_connections":[],"jetpack_featured_media_url":"https:\/\/i0.wp.com\/www.tvturk.com\/wp-content\/uploads\/2020\/01\/elazigda-112ye-gelen-gereksiz-cagri-yuzde-85-oraninda-dustu_d761491.jpg?fit=1000%2C666","jetpack_sharing_enabled":true,"jetpack_shortlink":"https:\/\/wp.me\/paKIfm-13zV","_links":{"self":[{"href":"http:\/\/www.tvturk.com\/index.php\/wp-json\/wp\/v2\/posts\/252087","targetHints":{"allow":["GET"]}}],"collection":[{"href":"http:\/\/www.tvturk.com\/index.php\/wp-json\/wp\/v2\/posts"}],"about":[{"href":"http:\/\/www.tvturk.com\/index.php\/wp-json\/wp\/v2\/types\/post"}],"author":[{"embeddable":true,"href":"http:\/\/www.tvturk.com\/index.php\/wp-json\/wp\/v2\/users\/1"}],"replies":[{"embeddable":true,"href":"http:\/\/www.tvturk.com\/index.php\/wp-json\/wp\/v2\/comments?post=252087"}],"version-history":[{"count":0,"href":"http:\/\/www.tvturk.com\/index.php\/wp-json\/wp\/v2\/posts\/252087\/revisions"}],"wp:featuredmedia":[{"embeddable":true,"href":"http:\/\/www.tvturk.com\/index.php\/wp-json\/wp\/v2\/media\/252088"}],"wp:attachment":[{"href":"http:\/\/www.tvturk.com\/index.php\/wp-json\/wp\/v2\/media?parent=252087"}],"wp:term":[{"taxonomy":"category","embeddable":true,"href":"http:\/\/www.tvturk.com\/index.php\/wp-json\/wp\/v2\/categories?post=252087"},{"taxonomy":"post_tag","embeddable":true,"href":"http:\/\/www.tvturk.com\/index.php\/wp-json\/wp\/v2\/tags?post=252087"}],"curies":[{"name":"wp","href":"https:\/\/api.w.org\/{rel}","templated":true}]}}