{"id":252137,"date":"2020-01-06T11:31:37","date_gmt":"2020-01-06T08:31:37","guid":{"rendered":"http:\/\/www.tvturk.com\/index.php\/altindaki-yukselis-kuyumculari-tedirgin-etti\/"},"modified":"2020-01-06T11:31:37","modified_gmt":"2020-01-06T08:31:37","slug":"altindaki-yukselis-kuyumculari-tedirgin-etti","status":"publish","type":"post","link":"http:\/\/www.tvturk.com\/index.php\/altindaki-yukselis-kuyumculari-tedirgin-etti\/","title":{"rendered":"Alt\u0131ndaki y\u00fckseli\u015f kuyumcular\u0131 tedirgin etti"},"content":{"rendered":"<p>Adana Kuyumcular Odas\u0131 Ba\u015fkan\u0131 O\u011fuz Ba\u015fman, Amerika ve \u0130ran aras\u0131ndaki sorunlar nedeniyle y\u00fckselen alt\u0131n fiyatlar\u0131yla ilgili, \u201cAlt\u0131n 1 ayda 30 lira, cuma g\u00fcn\u00fcnden pazartesi g\u00fcn\u00fcne kadar ise 5 lira artt\u0131. Piyasada ve esnaf arkada\u015flar\u0131m\u0131zda tedirginlik var\u201d dedi.<\/p>\n<p>Amerika Birle\u015fik Devletleri ve \u0130ran aras\u0131nda ya\u015fanan sorunlar nedeniyle alt\u0131n 1 haftada 289,385 liradan 302,460 liraya \u00e7\u0131kt\u0131. 6 Aral\u0131k 2019-6 Ocak 2020 tarihleri aras\u0131nda ise alt\u0131n \u00e7e\u015fitli nedenlerden dolay\u0131 272,870 liradan 302,460 liraya y\u00fckseldi. Bu y\u00fckseli\u015f ise kuyum sekt\u00f6r\u00fcn\u00fc olumsuz etkiledi. Cuma g\u00fcn\u00fc gram\u0131n\u0131 297,330 liradan satan kuyumcu, e\u011fer satt\u0131\u011f\u0131 alt\u0131n\u0131 yerine koymad\u0131ysa pazartesi sabah 302,460 liradan almak zorunda kald\u0131.<\/p>\n<p>\u201cSiyasi-ekonomik sava\u015f art\u0131rd\u0131\u201d<\/p>\n<p>Adana Kuyumcular Odas\u0131 Ba\u015fkan\u0131 O\u011fuz Ba\u015fman, konuyla ilgili \u0130HA muhabirine yapt\u0131\u011f\u0131 a\u00e7\u0131klamada, \u201cAlt\u0131ndaki art\u0131\u015f\u0131n en \u00f6nemli sebeplerinden biri \u00fclkelerin i\u00e7erisinde bulundu\u011fu d\u00f6viz fiyatlar\u0131ndaki de\u011fi\u015fkenlikler. \u0130kincisi de uluslararas\u0131 piyasalardaki arz ve talep ile d\u00fcnya \u00fczerinde s\u00f6z sahibi olan \u00fclkelerin birbirleriyle olan siyasi-ekonomik sava\u015flar\u0131n\u0131n sonu\u00e7lar\u0131. Bundan \u00f6t\u00fcr\u00fc alt\u0131n fiyatlar\u0131 pozitif ve negatif olarak de\u011fi\u015fiklik g\u00f6sterebilir\u201d diye konu\u015ftu.<\/p>\n<p>\u201cOns baz\u0131nda 20 dolarl\u0131k art\u0131\u015f\u201d<\/p>\n<p>T\u00fcrkiye\u2019de alt\u0131n fiyatlar\u0131ndaki art\u0131\u015flar\u0131n dolardan kaynakland\u0131\u011f\u0131n\u0131 kaydeden Ba\u015fman, \u201cAral\u0131k ay\u0131n\u0131n ba\u015f\u0131ndan bu yana alt\u0131n \u00e7ok ciddi art\u0131\u015f ya\u015fam\u0131\u015ft\u0131r. Y\u0131lba\u015f\u0131ndan sonra Amerika\u2019n\u0131n, \u0130ran\u2019\u0131n \u00f6nde gelen komutanlar\u0131ndan birini \u00f6ld\u00fcrmesi ve \u0130ran\u2019\u0131n buna kar\u015f\u0131l\u0131kl\u0131 s\u00f6ylemleri nedeniyle Ortado\u011fu\u2019da yeniden sava\u015f kazanlar\u0131n\u0131n kaynamas\u0131na yol a\u00e7t\u0131. Ons baz\u0131nda 20 dolarl\u0131k art\u0131\u015f fiyatlar\u0131 bu noktaya getirdi\u201d ifadelerini kulland\u0131.<\/p>\n<p>\u201cAni y\u00fckseli\u015f, zarara yol a\u00e7t\u0131\u201d<\/p>\n<p>Aral\u0131k ay\u0131n\u0131n ba\u015f\u0131ndan itibaren alt\u0131nda 30-35 liral\u0131k art\u0131\u015f ya\u015fand\u0131\u011f\u0131n\u0131 aktaran O\u011fuz Ba\u015fman, art\u0131\u015f\u0131n rutin ve beklenen bir art\u0131\u015f oldu\u011funu belirterek \u015funlar\u0131 s\u00f6yledi:<\/p>\n<p>\u201cPiyasada ve esnaf arkada\u015flar\u0131m\u0131zda tedirginlik var. Cuma g\u00fcn\u00fc 298 lira seviyelerinde satt\u0131\u011f\u0131m\u0131z alt\u0131nlar\u0131 e\u011fer yerine koyamad\u0131ysak yakla\u015f\u0131k 5 liral\u0131k fiyat art\u0131\u015f\u0131yla yerine koyduk. Bu da \u00e7eyrek alt\u0131nda 8-9 liraya tekab\u00fcl ediyor. Bu da elinde para olan m\u00fc\u015fterilerin ve esnaflar\u0131n ciddi boyutta zarar\u0131na yol a\u00e7t\u0131.\u201d<\/p>\n","protected":false},"excerpt":{"rendered":"<p>AMER\u0130KA B\u0130RLE\u015e\u0130K DEVLETLER\u0130 VE \u0130RAN ARASINDA YA\u015eANAN SORUNLAR NEDEN\u0130YLE ALTIN 1 HAFTADA 289,385 L\u0130RADAN 302,460 L\u0130RAYA \u00c7IKTI.<\/p>\n","protected":false},"author":1,"featured_media":252138,"comment_status":"closed","ping_status":"open","sticky":false,"template":"","format":"standard","meta":{"jetpack_post_was_ever_published":false,"_jetpack_newsletter_access":"","_jetpack_dont_email_post_to_subs":false,"_jetpack_newsletter_tier_id":0,"_jetpack_memberships_contains_paywalled_content":false,"_jetpack_memberships_contains_paid_content":false,"footnotes":"","jetpack_publicize_message":"","jetpack_publicize_feature_enabled":true,"jetpack_social_post_already_shared":true,"jetpack_social_options":{"image_generator_settings":{"template":"highway","default_image_id":0,"font":"","enabled":false},"version":2}},"categories":[19],"tags":[4041,207,62414,28733,17823],"class_list":["post-252137","post","type-post","status-publish","format-standard","has-post-thumbnail","hentry","category-ekonomi","tag-altindaki","tag-etti","tag-kuyumculari","tag-tedirgin","tag-yukselis"],"jetpack_publicize_connections":[],"jetpack_featured_media_url":"https:\/\/i0.wp.com\/www.tvturk.com\/wp-content\/uploads\/2020\/01\/altindaki-yukselis-kuyumculari-tedirgin-etti_d6e63aa.jpg?fit=1000%2C666","jetpack_sharing_enabled":true,"jetpack_shortlink":"https:\/\/wp.me\/paKIfm-13AJ","_links":{"self":[{"href":"http:\/\/www.tvturk.com\/index.php\/wp-json\/wp\/v2\/posts\/252137","targetHints":{"allow":["GET"]}}],"collection":[{"href":"http:\/\/www.tvturk.com\/index.php\/wp-json\/wp\/v2\/posts"}],"about":[{"href":"http:\/\/www.tvturk.com\/index.php\/wp-json\/wp\/v2\/types\/post"}],"author":[{"embeddable":true,"href":"http:\/\/www.tvturk.com\/index.php\/wp-json\/wp\/v2\/users\/1"}],"replies":[{"embeddable":true,"href":"http:\/\/www.tvturk.com\/index.php\/wp-json\/wp\/v2\/comments?post=252137"}],"version-history":[{"count":0,"href":"http:\/\/www.tvturk.com\/index.php\/wp-json\/wp\/v2\/posts\/252137\/revisions"}],"wp:featuredmedia":[{"embeddable":true,"href":"http:\/\/www.tvturk.com\/index.php\/wp-json\/wp\/v2\/media\/252138"}],"wp:attachment":[{"href":"http:\/\/www.tvturk.com\/index.php\/wp-json\/wp\/v2\/media?parent=252137"}],"wp:term":[{"taxonomy":"category","embeddable":true,"href":"http:\/\/www.tvturk.com\/index.php\/wp-json\/wp\/v2\/categories?post=252137"},{"taxonomy":"post_tag","embeddable":true,"href":"http:\/\/www.tvturk.com\/index.php\/wp-json\/wp\/v2\/tags?post=252137"}],"curies":[{"name":"wp","href":"https:\/\/api.w.org\/{rel}","templated":true}]}}