{"id":252155,"date":"2020-01-06T11:46:33","date_gmt":"2020-01-06T08:46:33","guid":{"rendered":"http:\/\/www.tvturk.com\/index.php\/ispartadaki-8-ilcede-egitime-kar-engeli\/"},"modified":"2020-01-06T11:46:33","modified_gmt":"2020-01-06T08:46:33","slug":"ispartadaki-8-ilcede-egitime-kar-engeli","status":"publish","type":"post","link":"http:\/\/www.tvturk.com\/index.php\/ispartadaki-8-ilcede-egitime-kar-engeli\/","title":{"rendered":"Isparta\u2019daki 8 il\u00e7ede e\u011fitime kar engeli"},"content":{"rendered":"<p>Isparta il genelinde sabaha kar\u015f\u0131 etkili olan yo\u011fun kar ya\u011f\u0131\u015f\u0131 nedeniyle 3 il\u00e7enin tamam\u0131, 4 il\u00e7edeki ta\u015f\u0131mal\u0131 e\u011fitim ve bir il\u00e7eye ba\u011fl\u0131 2 k\u00f6yde olmak \u00fczere, toplam 8 il\u00e7ede e\u011fitime 1 g\u00fcn s\u00fcreyle ara verildi.<\/p>\n<p>\u0130l\u00e7e Kaymakaml\u0131klar\u0131 ve Milli E\u011fitim M\u00fcd\u00fcrl\u00fc\u011f\u00fcnden al\u0131nan bilgiye g\u00f6re, Isparta\u2019n\u0131n Aksu, Yeni\u015farbademli, \u015earkikaraa\u011fa\u00e7 il\u00e7elerinin tamam\u0131nda ilk ve orta dereceli okullarda e\u011fitime 1 g\u00fcn s\u00fcreyle ara verildi.<\/p>\n<p>Kentte, Uluborlu &#8211; E\u011firdir &#8211; Senirkent ve Gelendost il\u00e7elerinde ise kar tatilinin yaln\u0131zca ta\u015f\u0131mal\u0131 e\u011fitim g\u00f6ren \u00f6\u011frencileri kapsad\u0131\u011f\u0131 belirtildi.<\/p>\n<p>Isparta\u2019n\u0131n S\u00fct\u00e7\u00fcler il\u00e7e merkezinde kar tatili olmad\u0131\u011f\u0131 belirtilirken, il\u00e7eye ba\u011fl\u0131 Kas\u0131mlar ve Kesme k\u00f6ylerinde de yo\u011fun kar ya\u011f\u0131\u015f\u0131 nedeniyle okullar tatil edildi.<\/p>\n","protected":false},"excerpt":{"rendered":"<p>ISPARTA \u0130L GENEL\u0130NDE SABAHA KAR\u015eI ETK\u0130L\u0130 OLAN YO\u011eUN KAR YA\u011eI\u015eI NEDEN\u0130YLE 3 \u0130L\u00c7EN\u0130N TAMAMI, 4 \u0130L\u00c7EDEK\u0130 TA\u015eIMALI E\u011e\u0130T\u0130M VE B\u0130R \u0130L\u00c7EYE BA\u011eLI 2 K\u00d6YDE OLMAK \u00dcZERE, TOPLAM 8 \u0130L\u00c7EDE E\u011e\u0130T\u0130ME 1 G\u00dcN S\u00dcREYLE ARA VER\u0130LD\u0130.<\/p>\n","protected":false},"author":1,"featured_media":252156,"comment_status":"closed","ping_status":"open","sticky":false,"template":"","format":"standard","meta":{"jetpack_post_was_ever_published":false,"_jetpack_newsletter_access":"","_jetpack_dont_email_post_to_subs":false,"_jetpack_newsletter_tier_id":0,"_jetpack_memberships_contains_paywalled_content":false,"_jetpack_memberships_contains_paid_content":false,"footnotes":"","jetpack_publicize_message":"","jetpack_publicize_feature_enabled":true,"jetpack_social_post_already_shared":true,"jetpack_social_options":{"image_generator_settings":{"template":"highway","default_image_id":0,"font":"","enabled":false},"version":2}},"categories":[1],"tags":[2916,1474,3627,23149,878],"class_list":["post-252155","post","type-post","status-publish","format-standard","has-post-thumbnail","hentry","category-genel","tag-egitime","tag-engeli","tag-ilcede","tag-ispartadaki","tag-kar"],"jetpack_publicize_connections":[],"jetpack_featured_media_url":"https:\/\/i0.wp.com\/www.tvturk.com\/wp-content\/uploads\/2020\/01\/ispartadaki-8-ilcede-egitime-kar-engeli_59ddf11.jpg?fit=741%2C1000","jetpack_sharing_enabled":true,"jetpack_shortlink":"https:\/\/wp.me\/paKIfm-13B1","_links":{"self":[{"href":"http:\/\/www.tvturk.com\/index.php\/wp-json\/wp\/v2\/posts\/252155","targetHints":{"allow":["GET"]}}],"collection":[{"href":"http:\/\/www.tvturk.com\/index.php\/wp-json\/wp\/v2\/posts"}],"about":[{"href":"http:\/\/www.tvturk.com\/index.php\/wp-json\/wp\/v2\/types\/post"}],"author":[{"embeddable":true,"href":"http:\/\/www.tvturk.com\/index.php\/wp-json\/wp\/v2\/users\/1"}],"replies":[{"embeddable":true,"href":"http:\/\/www.tvturk.com\/index.php\/wp-json\/wp\/v2\/comments?post=252155"}],"version-history":[{"count":0,"href":"http:\/\/www.tvturk.com\/index.php\/wp-json\/wp\/v2\/posts\/252155\/revisions"}],"wp:featuredmedia":[{"embeddable":true,"href":"http:\/\/www.tvturk.com\/index.php\/wp-json\/wp\/v2\/media\/252156"}],"wp:attachment":[{"href":"http:\/\/www.tvturk.com\/index.php\/wp-json\/wp\/v2\/media?parent=252155"}],"wp:term":[{"taxonomy":"category","embeddable":true,"href":"http:\/\/www.tvturk.com\/index.php\/wp-json\/wp\/v2\/categories?post=252155"},{"taxonomy":"post_tag","embeddable":true,"href":"http:\/\/www.tvturk.com\/index.php\/wp-json\/wp\/v2\/tags?post=252155"}],"curies":[{"name":"wp","href":"https:\/\/api.w.org\/{rel}","templated":true}]}}