{"id":252161,"date":"2020-01-06T11:46:50","date_gmt":"2020-01-06T08:46:50","guid":{"rendered":"http:\/\/www.tvturk.com\/index.php\/izmirde-kar-alarmi-odemiste-ekipler-yogun-mucadele-veriyor\/"},"modified":"2020-01-06T11:46:50","modified_gmt":"2020-01-06T08:46:50","slug":"izmirde-kar-alarmi-odemiste-ekipler-yogun-mucadele-veriyor","status":"publish","type":"post","link":"http:\/\/www.tvturk.com\/index.php\/izmirde-kar-alarmi-odemiste-ekipler-yogun-mucadele-veriyor\/","title":{"rendered":"\u0130zmir\u2019de kar alarm\u0131: \u00d6demi\u015f\u2019te ekipler yo\u011fun m\u00fccadele veriyor"},"content":{"rendered":"<p>K\u0131\u015f\u0131n kendisini iyice hissettirdi\u011fi \u0130zmir\u2019in \u00d6demi\u015f il\u00e7esinde, da\u011fl\u0131k b\u00f6lgeler yeniden beyaza b\u00fcr\u00fcnd\u00fc. Belediye ve karayollar\u0131 ekipleri kar ya\u011f\u0131\u015f\u0131 sonras\u0131 alarma ge\u00e7ti.<\/p>\n<p>\u00d6demi\u015f\u2019te, Bozda\u011flar ve Ayd\u0131n Da\u011flar\u0131\u2019ndaki mahalleler haftaya kar ya\u011f\u0131\u015f\u0131 ile ba\u015flad\u0131. 1050 rak\u0131ml\u0131 G\u00f6lc\u00fck Yaylas\u0131nda kartpostallar\u0131 and\u0131ran g\u00f6r\u00fcnt\u00fcler ortaya \u00e7\u0131kt\u0131. Karayollar\u0131 21. \u015eube \u015eefli\u011fi, \u0130zmir B\u00fcy\u00fck\u015fehir Belediyesi ve \u00d6demi\u015f Belediyesi kar ya\u011f\u0131\u015f\u0131 sonras\u0131 yollar\u0131 a\u00e7\u0131k tutmak \u00fczere mesaiye ba\u015flad\u0131.<\/p>\n<p>\u00d6demi\u015f Belediyesi, Bozda\u011flar \u00fczerinde 5 ayr\u0131 b\u00f6lgede ve Ayd\u0131n Da\u011flar\u0131 \u00fczerinde kar temizli\u011fi ve tuzlama \u00e7al\u0131\u015fmalar\u0131 ger\u00e7ekle\u015ftirirken, \u00e7al\u0131\u015fmalar \u0130zmir B\u00fcy\u00fck\u015fehir Belediyesi ile koordineli olarak s\u00fcrd\u00fcr\u00fcl\u00fcyor.<\/p>\n<p>Karayollar\u0131 21. \u015eube \u015eefli\u011fi ekipleri de, \u00d6demi\u015f\u2019i Bozda\u011f \u00fczerinden Manisa\u2019n\u0131n Salihli il\u00e7esine ba\u011flayan karayolunu a\u00e7\u0131k tutmak \u00fczere \u00e7al\u0131\u015fmalar\u0131na devam ediyor. Karayollar\u0131 ekiplerinin, \u00d6demi\u015f\u2019in Ovac\u0131k Mahallesi ile Salihli\u2019nin Allahdiyen Mahallesi aras\u0131nda kar temizli\u011fi yapt\u0131\u011f\u0131 da \u00f6\u011frenildi.<\/p>\n<p>Tekke Mahallesi ile K\u0131rkoluk Mevkii aras\u0131nda yo\u011fun olarak kullan\u0131lan yolu a\u00e7\u0131k tutmak \u00fczere \u00e7al\u0131\u015fan ekipler, bir yandan da yol kenar\u0131na kayan kamyon ve t\u0131rlar\u0131n da yard\u0131m\u0131na ko\u015fuyor.<\/p>\n<p>Y\u00fcksek rak\u0131ml\u0131 b\u00f6lgelerde kar m\u00fccadelesinin aral\u0131ks\u0131z \u015fekilde devam etti\u011fini s\u00f6yleyen \u00d6demi\u015f Belediye Ba\u015fkan\u0131 Mehmet Eri\u015f, &#8220;Yeni y\u0131l\u0131n ilk hafta sonunda Bozda\u011f Mahallemizde kar keyfi ya\u015famak isteyen ziyaret\u00e7ilerimiz ile birlikte b\u00fcy\u00fck hareketlilik ya\u015fand\u0131. K\u0131\u015f mevsimi boyunca Bozda\u011f ve G\u00f6lc\u00fck, ziyaret\u00e7ilerimizi bekliyor. Pazar ak\u015fam\u0131 19.00 sular\u0131ndan itibaren yeni bir so\u011fuk hava dalgas\u0131 ile birlikte kar etkili oldu. Bozda\u011flar ve Ayd\u0131n Da\u011flar\u0131\u2019nda gece boyunca etkili olan yo\u011fun kar ya\u011f\u0131\u015f\u0131 ile birlikte \u00d6demi\u015f Belediyesi ekiplerimiz yollar\u0131n a\u00e7\u0131k tutulmas\u0131 ve ula\u015f\u0131m\u0131n sa\u011fl\u0131kl\u0131 \u015fekilde sa\u011flanmas\u0131 i\u00e7in \u00e7al\u0131\u015fmalar\u0131na ba\u015flad\u0131. Bozda\u011flar \u00fczerindeki G\u00f6lc\u00fck Yaylas\u0131, Bozda\u011f, Tekke, Ovac\u0131k, Horzum, Subatan\u2019da ve Ayd\u0131n Da\u011flar\u0131 \u00fczerindeki K\u00fcre Mahallesi\u2019nde kar temizleme ve tuzlama \u00e7al\u0131\u015fmalar\u0131 devam ediyor. Kar m\u00fccadelesini \u0130zmir B\u00fcy\u00fck\u015fehir Belediyemizle koordineli \u015fekilde s\u00fcrd\u00fcr\u00fcyoruz. Karayollar\u0131 ekiplerimiz de \u00d6demi\u015f-Bozda\u011f-Salihli karayolunda kar temizli\u011fi yap\u0131yor. Kriz masam\u0131z g\u00f6revde, gelen \u00e7a\u011fr\u0131lara en h\u0131zl\u0131 \u015fekilde ula\u015fmak \u00fczere ekiplerimizi haz\u0131r bekletiyoruz. Ovada ya\u011fmur, da\u011fl\u0131k alanlarda kar etkili&#8221; diye konu\u015ftu.<\/p>\n","protected":false},"excerpt":{"rendered":"<p>TEKKE MAHALLES\u0130 \u0130LE KIRKOLUK MEVK\u0130\u0130 ARASINDA YO\u011eUN OLARAK KULLANILAN YOLU A\u00c7IK TUTMAK \u00dcZERE \u00c7ALI\u015eAN EK\u0130PLER, B\u0130R YANDANDA YOL KENARINA KAYAN KAMYON VE TIRLARIN DA YARDIMINA KO\u015eUYOR.<\/p>\n","protected":false},"author":1,"featured_media":252162,"comment_status":"closed","ping_status":"open","sticky":false,"template":"","format":"standard","meta":{"jetpack_post_was_ever_published":false,"_jetpack_newsletter_access":"","_jetpack_dont_email_post_to_subs":false,"_jetpack_newsletter_tier_id":0,"_jetpack_memberships_contains_paywalled_content":false,"_jetpack_memberships_contains_paid_content":false,"footnotes":"","jetpack_publicize_message":"","jetpack_publicize_feature_enabled":true,"jetpack_social_post_already_shared":true,"jetpack_social_options":{"image_generator_settings":{"template":"highway","default_image_id":0,"font":"","enabled":false},"version":2}},"categories":[1],"tags":[11945,3576,1554,878,888,22951,806,2640],"class_list":["post-252161","post","type-post","status-publish","format-standard","has-post-thumbnail","hentry","category-genel","tag-alarmi","tag-ekipler","tag-izmirde","tag-kar","tag-mucadele","tag-odemiste","tag-veriyor","tag-yogun"],"jetpack_publicize_connections":[],"jetpack_featured_media_url":"https:\/\/i0.wp.com\/www.tvturk.com\/wp-content\/uploads\/2020\/01\/izmirde-kar-alarmi-odemiste-ekipler-yogun-mucadele-veriyor_4ba287f.jpg?fit=1000%2C562","jetpack_sharing_enabled":true,"jetpack_shortlink":"https:\/\/wp.me\/paKIfm-13B7","_links":{"self":[{"href":"http:\/\/www.tvturk.com\/index.php\/wp-json\/wp\/v2\/posts\/252161","targetHints":{"allow":["GET"]}}],"collection":[{"href":"http:\/\/www.tvturk.com\/index.php\/wp-json\/wp\/v2\/posts"}],"about":[{"href":"http:\/\/www.tvturk.com\/index.php\/wp-json\/wp\/v2\/types\/post"}],"author":[{"embeddable":true,"href":"http:\/\/www.tvturk.com\/index.php\/wp-json\/wp\/v2\/users\/1"}],"replies":[{"embeddable":true,"href":"http:\/\/www.tvturk.com\/index.php\/wp-json\/wp\/v2\/comments?post=252161"}],"version-history":[{"count":0,"href":"http:\/\/www.tvturk.com\/index.php\/wp-json\/wp\/v2\/posts\/252161\/revisions"}],"wp:featuredmedia":[{"embeddable":true,"href":"http:\/\/www.tvturk.com\/index.php\/wp-json\/wp\/v2\/media\/252162"}],"wp:attachment":[{"href":"http:\/\/www.tvturk.com\/index.php\/wp-json\/wp\/v2\/media?parent=252161"}],"wp:term":[{"taxonomy":"category","embeddable":true,"href":"http:\/\/www.tvturk.com\/index.php\/wp-json\/wp\/v2\/categories?post=252161"},{"taxonomy":"post_tag","embeddable":true,"href":"http:\/\/www.tvturk.com\/index.php\/wp-json\/wp\/v2\/tags?post=252161"}],"curies":[{"name":"wp","href":"https:\/\/api.w.org\/{rel}","templated":true}]}}