{"id":252189,"date":"2020-01-06T12:31:58","date_gmt":"2020-01-06T09:31:58","guid":{"rendered":"http:\/\/www.tvturk.com\/index.php\/boluda-kis-mevsiminde-agaclar-cicek-acti\/"},"modified":"2020-01-06T12:31:58","modified_gmt":"2020-01-06T09:31:58","slug":"boluda-kis-mevsiminde-agaclar-cicek-acti","status":"publish","type":"post","link":"http:\/\/www.tvturk.com\/index.php\/boluda-kis-mevsiminde-agaclar-cicek-acti\/","title":{"rendered":"Bolu\u2019da, k\u0131\u015f mevsiminde a\u011fa\u00e7lar \u00e7i\u00e7ek a\u00e7t\u0131"},"content":{"rendered":"<p>Bolu\u2019da, y\u00fcksek kesimlerde kar ya\u011f\u0131\u015f\u0131 etkili olurken, hen\u00fcz kar ya\u011f\u0131\u015f\u0131n\u0131n ba\u015flamad\u0131\u011f\u0131 \u015fehir merkezinde bulunan erik a\u011fa\u00e7lar\u0131 \u00e7i\u00e7ek a\u00e7t\u0131.<\/p>\n<p>Bolu\u2019da, uzun y\u0131llar \u00f6zel bir firmada y\u00f6neticilik yapt\u0131ktan sonra emekli olan Nadi Okur isimli vatanda\u015f, k\u0131\u015f d\u00fczenlemesi yapmak i\u00e7in Borazanlar mahallesinde bulunan evinin bah\u00e7esine indi. 15 y\u0131ld\u0131r ayn\u0131 evde ya\u015fayan Okur, temizlik \u00e7al\u0131\u015fmas\u0131 yapt\u0131\u011f\u0131 s\u0131rada bah\u00e7ede bulunan erik a\u011fac\u0131n\u0131n \u00e7i\u00e7ek a\u00e7t\u0131\u011f\u0131n\u0131 g\u00f6rd\u00fc. K\u0131\u015f mevsiminde a\u011fac\u0131n \u00e7i\u00e7ek a\u00e7mas\u0131na \u015fa\u015f\u0131ran Okur, foto\u011fraf \u00e7ekerek sosyal medyas\u0131nda payla\u015ft\u0131.<\/p>\n<p>A\u011fac\u0131n \u00e7i\u00e7ek a\u00e7mas\u0131na \u00e7ok \u015fa\u015f\u0131rd\u0131\u011f\u0131n\u0131 belirten Nadi Okur, \u201cHafta sonu bah\u00e7emi d\u00fczenlemek i\u00e7in bah\u00e7eme indi\u011fimde bakt\u0131m ki erik a\u011fac\u0131 \u00e7i\u00e7ek a\u00e7m\u0131\u015f. \u0130nsan g\u00f6r\u00fcnce \u015fa\u015f\u0131r\u0131yor. Ben de bunu foto\u011fraflay\u0131p sosyal medyada payla\u015fm\u0131\u015ft\u0131m. Bir\u00e7ok arkada\u015f\u0131m telefon etti. Daha \u00f6nceki y\u0131llarda olmam\u0131\u015ft\u0131. Bu a\u011fa\u00e7 15 senelik bir a\u011fa\u00e7. \u0130lk defa g\u00f6r\u00fcyorum. Bu ayda \u00e7i\u00e7ek a\u00e7an bir a\u011fac\u0131 Bolu\u2019da ilk kez g\u00f6rd\u00fcm. Havalar son iki g\u00fcne kadar normalin \u00fczerinde s\u0131cakl\u0131kta gitti. Ama normal de\u011fil diye d\u00fc\u015f\u00fcn\u00fcyorum, \u015fa\u015f\u0131rd\u0131m\u201d dedi.<\/p>\n","protected":false},"excerpt":{"rendered":"<p>BOLU\u2019DA, Y\u00dcKSEK KES\u0130MLERDE KAR YA\u011eI\u015eI ETK\u0130L\u0130 OLURKEN, HEN\u00dcZ KAR YA\u011eI\u015eININ BA\u015eLAMADI\u011eI \u015eEH\u0130R MERKEZ\u0130NDE BULUNAN ER\u0130K A\u011eA\u00c7LARI \u00c7\u0130\u00c7EK A\u00c7TI.<\/p>\n","protected":false},"author":1,"featured_media":252190,"comment_status":"closed","ping_status":"open","sticky":false,"template":"","format":"standard","meta":{"jetpack_post_was_ever_published":false,"_jetpack_newsletter_access":"","_jetpack_dont_email_post_to_subs":false,"_jetpack_newsletter_tier_id":0,"_jetpack_memberships_contains_paywalled_content":false,"_jetpack_memberships_contains_paid_content":false,"footnotes":"","jetpack_publicize_message":"","jetpack_publicize_feature_enabled":true,"jetpack_social_post_already_shared":true,"jetpack_social_options":{"image_generator_settings":{"template":"highway","default_image_id":0,"font":"","enabled":false},"version":2}},"categories":[1],"tags":[1494,6556,2745,1654,1806,15899],"class_list":["post-252189","post","type-post","status-publish","format-standard","has-post-thumbnail","hentry","category-genel","tag-acti","tag-agaclar","tag-boluda","tag-cicek","tag-kis","tag-mevsiminde"],"jetpack_publicize_connections":[],"jetpack_featured_media_url":"https:\/\/i0.wp.com\/www.tvturk.com\/wp-content\/uploads\/2020\/01\/boluda-kis-mevsiminde-agaclar-cicek-acti_6bd6d8e.jpg?fit=1000%2C666","jetpack_sharing_enabled":true,"jetpack_shortlink":"https:\/\/wp.me\/paKIfm-13Bz","_links":{"self":[{"href":"http:\/\/www.tvturk.com\/index.php\/wp-json\/wp\/v2\/posts\/252189","targetHints":{"allow":["GET"]}}],"collection":[{"href":"http:\/\/www.tvturk.com\/index.php\/wp-json\/wp\/v2\/posts"}],"about":[{"href":"http:\/\/www.tvturk.com\/index.php\/wp-json\/wp\/v2\/types\/post"}],"author":[{"embeddable":true,"href":"http:\/\/www.tvturk.com\/index.php\/wp-json\/wp\/v2\/users\/1"}],"replies":[{"embeddable":true,"href":"http:\/\/www.tvturk.com\/index.php\/wp-json\/wp\/v2\/comments?post=252189"}],"version-history":[{"count":0,"href":"http:\/\/www.tvturk.com\/index.php\/wp-json\/wp\/v2\/posts\/252189\/revisions"}],"wp:featuredmedia":[{"embeddable":true,"href":"http:\/\/www.tvturk.com\/index.php\/wp-json\/wp\/v2\/media\/252190"}],"wp:attachment":[{"href":"http:\/\/www.tvturk.com\/index.php\/wp-json\/wp\/v2\/media?parent=252189"}],"wp:term":[{"taxonomy":"category","embeddable":true,"href":"http:\/\/www.tvturk.com\/index.php\/wp-json\/wp\/v2\/categories?post=252189"},{"taxonomy":"post_tag","embeddable":true,"href":"http:\/\/www.tvturk.com\/index.php\/wp-json\/wp\/v2\/tags?post=252189"}],"curies":[{"name":"wp","href":"https:\/\/api.w.org\/{rel}","templated":true}]}}