{"id":252223,"date":"2020-01-06T13:02:55","date_gmt":"2020-01-06T10:02:55","guid":{"rendered":"http:\/\/www.tvturk.com\/index.php\/sivasspor-salonda-calisti\/"},"modified":"2020-01-06T13:02:55","modified_gmt":"2020-01-06T10:02:55","slug":"sivasspor-salonda-calisti","status":"publish","type":"post","link":"http:\/\/www.tvturk.com\/index.php\/sivasspor-salonda-calisti\/","title":{"rendered":"Sivasspor salonda \u00e7al\u0131\u015ft\u0131"},"content":{"rendered":"<p>S\u00fcper Lig\u2019de ilk yar\u0131y\u0131 zirvede tamamlayan DG Sivasspor, devre aras\u0131 kamp \u00e7al\u0131\u015fmalar\u0131n\u0131 bug\u00fcn sabah saatlerinde yo\u011fun ya\u011f\u0131\u015f nedeniyle salonda yapt\u0131\u011f\u0131 antrenmanla s\u00fcrd\u00fcrd\u00fc.<\/p>\n<p>Yi\u011fidolar, ligin ikinci yar\u0131 haz\u0131rl\u0131klar\u0131na Antalya Belek\u2019te bulunan bir otelin fitness salonunda sabah saatlerinde yapt\u0131\u011f\u0131 g\u00fcn\u00fcn ilk \u00e7al\u0131\u015fmas\u0131yla devam etti. K\u0131rm\u0131z\u0131-beyazl\u0131 tak\u0131m salonda koordinasyon ve kuvvet a\u011f\u0131rl\u0131kl\u0131 \u00e7al\u0131\u015fmalar yapt\u0131. Yap\u0131lan fitness antrenman\u0131nda futbolcular\u0131n istekli ve h\u0131rsl\u0131 olduklar\u0131 \u00f6\u011frenildi.<\/p>\n<p>Sivasspor bug\u00fcn ak\u015fam saat 17.00\u2019de yapaca\u011f\u0131 g\u00fcn\u00fcn ikinci antrenman\u0131yla haz\u0131rl\u0131klar\u0131na devam edecek.<\/p>\n","protected":false},"excerpt":{"rendered":"<p>L\u0130DER S\u0130VASSPOR, DEVRE ARASI KAMP \u00c7ALI\u015eMALARINA BUG\u00dcN F\u0130TNESS SALONUNDA YAPTI\u011eI ANTRENMANLA DEVAM ETT\u0130.<\/p>\n","protected":false},"author":1,"featured_media":252224,"comment_status":"closed","ping_status":"open","sticky":false,"template":"","format":"standard","meta":{"jetpack_post_was_ever_published":false,"_jetpack_newsletter_access":"","_jetpack_dont_email_post_to_subs":false,"_jetpack_newsletter_tier_id":0,"_jetpack_memberships_contains_paywalled_content":false,"_jetpack_memberships_contains_paid_content":false,"footnotes":"","jetpack_publicize_message":"","jetpack_publicize_feature_enabled":true,"jetpack_social_post_already_shared":true,"jetpack_social_options":{"image_generator_settings":{"template":"highway","default_image_id":0,"font":"","enabled":false},"version":2}},"categories":[657],"tags":[5060,26501,8011],"class_list":["post-252223","post","type-post","status-publish","format-standard","has-post-thumbnail","hentry","category-spor","tag-calisti","tag-salonda","tag-sivasspor"],"jetpack_publicize_connections":[],"jetpack_featured_media_url":"https:\/\/i0.wp.com\/www.tvturk.com\/wp-content\/uploads\/2020\/01\/sivasspor-salonda-calisti_3e71ec3.jpg?fit=1000%2C662","jetpack_sharing_enabled":true,"jetpack_shortlink":"https:\/\/wp.me\/paKIfm-13C7","_links":{"self":[{"href":"http:\/\/www.tvturk.com\/index.php\/wp-json\/wp\/v2\/posts\/252223","targetHints":{"allow":["GET"]}}],"collection":[{"href":"http:\/\/www.tvturk.com\/index.php\/wp-json\/wp\/v2\/posts"}],"about":[{"href":"http:\/\/www.tvturk.com\/index.php\/wp-json\/wp\/v2\/types\/post"}],"author":[{"embeddable":true,"href":"http:\/\/www.tvturk.com\/index.php\/wp-json\/wp\/v2\/users\/1"}],"replies":[{"embeddable":true,"href":"http:\/\/www.tvturk.com\/index.php\/wp-json\/wp\/v2\/comments?post=252223"}],"version-history":[{"count":0,"href":"http:\/\/www.tvturk.com\/index.php\/wp-json\/wp\/v2\/posts\/252223\/revisions"}],"wp:featuredmedia":[{"embeddable":true,"href":"http:\/\/www.tvturk.com\/index.php\/wp-json\/wp\/v2\/media\/252224"}],"wp:attachment":[{"href":"http:\/\/www.tvturk.com\/index.php\/wp-json\/wp\/v2\/media?parent=252223"}],"wp:term":[{"taxonomy":"category","embeddable":true,"href":"http:\/\/www.tvturk.com\/index.php\/wp-json\/wp\/v2\/categories?post=252223"},{"taxonomy":"post_tag","embeddable":true,"href":"http:\/\/www.tvturk.com\/index.php\/wp-json\/wp\/v2\/tags?post=252223"}],"curies":[{"name":"wp","href":"https:\/\/api.w.org\/{rel}","templated":true}]}}