{"id":252239,"date":"2020-01-06T13:17:42","date_gmt":"2020-01-06T10:17:42","guid":{"rendered":"http:\/\/www.tvturk.com\/index.php\/unye-1-kitap-fuari-acildi\/"},"modified":"2020-01-06T13:17:42","modified_gmt":"2020-01-06T10:17:42","slug":"unye-1-kitap-fuari-acildi","status":"publish","type":"post","link":"http:\/\/www.tvturk.com\/index.php\/unye-1-kitap-fuari-acildi\/","title":{"rendered":"\u00dcnye 1. Kitap Fuar\u0131 a\u00e7\u0131ld\u0131"},"content":{"rendered":"<p>Ordu\u2019nun \u00dcnye il\u00e7esinde d\u00fczenlenen 1. Kitap Fuar\u0131 d\u00fczenlenen t\u00f6renle a\u00e7\u0131ld\u0131.<\/p>\n<p>6-12 Aral\u0131k tarihleri aras\u0131nda \u00e7e\u015fitli yazarlar\u0131n s\u00f6yle\u015fileri ve yazar bulu\u015fmalar\u0131n\u0131n olaca\u011f\u0131 fuarda \u00f6\u011frenci ve vatanda\u015flar\u0131n kat\u0131l\u0131m\u0131yla 70 bin ki\u015finin ziyaret etmesi hedefleniyor.<\/p>\n<p>&#8220;\u0130l\u00e7emizdeki 25 bin \u00f6\u011frenci bu fuarda bir araya gelecek&#8221;<\/p>\n<p>Atat\u00fcrk Park\u0131 Sosyal Tesislerinde d\u00fczenlenen a\u00e7\u0131l\u0131\u015fta konu\u015fan \u00dcnye \u0130l\u00e7e Milli E\u011fitim M\u00fcd\u00fcr\u00fc \u00d6zg\u00fcr Tokg\u00f6z, &#8220;Kitap okuma bilincine sahip bireylerden olu\u015fan toplumlar\u0131n ya\u015fam\u0131n her alan\u0131nda y\u00fckselen bir grafi\u011fi vard\u0131r. G\u00fcn\u00fcm\u00fczde \u00fclkelerin geli\u015fmi\u015flik d\u00fczeylerini belirleyen en \u00f6nemli g\u00f6stergelerden bir tanesi de kitap okuma oranlar\u0131d\u0131r. Bizlerde il\u00e7emizde kitap okuma bilincini kazand\u0131rmak ve artt\u0131rmak amac\u0131yla \u00f6\u011frencilerimizi ve velilerimizi kitapla bulu\u015fturma parolas\u0131 ile kitap fuar\u0131 d\u00fczenlemeye karar verdik. Bizler il\u00e7emizdeki yakla\u015f\u0131k 25 bin \u00f6\u011frencimizin bu fuarda ziyaretini sa\u011flayaca\u011f\u0131z. Fuar\u0131m\u0131zda dokuz yazar\u0131m\u0131z bizlerle birlikte olacak ve bu yazarlar\u0131m\u0131zla yirmi s\u00f6yle\u015fi ger\u00e7ekle\u015ftirece\u011fiz. Bu s\u00f6yle\u015filere 5 bin \u00f6\u011frencimiz kat\u0131lacak. Fuara kat\u0131lacak yazarlar\u0131m\u0131z ayr\u0131ca 9 imza etkinli\u011fi ger\u00e7ekle\u015ftirecek. Fuar\u0131m\u0131z\u0131n son g\u00fcnlerine do\u011fru ise \u00f6\u011fretmenlerimizle beraber 2 at\u00f6lye \u00e7al\u0131\u015fmam\u0131z olacak&#8221; dedi.<\/p>\n<p>&#8220;Kitap en kuvvetli temel vas\u0131ta&#8221;<\/p>\n<p>\u0130l\u00e7e Kaymakam\u0131 \u00dcmit H\u00fcseyin G\u00fcney, &#8220;Kitap, gelece\u011fin olu\u015fmas\u0131nda ve gelece\u011fin temellerinin at\u0131lmas\u0131nda en kuvvetli temel vas\u0131tad\u0131r. G\u00fcn\u00fcm\u00fczde sanal d\u00fcnyan\u0131n geli\u015fmesine ko\u015fut olarak baz\u0131 yaz\u0131l\u0131 bas\u0131n vas\u0131talar\u0131n\u0131n ge\u00e7mi\u015fe bakarak say\u0131s\u0131nda ve yayg\u0131nl\u0131\u011f\u0131nda k\u0131smen azalma oldu\u011funu g\u00f6r\u00fcyoruz. Bilgisayar\u0131n ve sanal d\u00fcnyan\u0131n internetin yay\u0131lmas\u0131yla beraber kitap al\u0131\u015fkanl\u0131\u011f\u0131 yayg\u0131nl\u0131\u011f\u0131 ne \u015fekilde etkilenir diye d\u00fcnyada merak konusu olan ve tart\u0131\u015f\u0131lan bir husustu. Fakat gazete, dergi say\u0131s\u0131 ile televizyon izleme oranlar\u0131nda k\u0131smen azalma ya\u015fansa da kitap bas\u0131m say\u0131lar\u0131nda ve okuma oranlar\u0131nda o klasik sistem hala devam ediyor. \u0130nsanlar kitap okumay\u0131 sadece bilgi kayna\u011f\u0131 veya bilgi vas\u0131tas\u0131 olarak de\u011fil ayn\u0131 zamanda k\u00fclt\u00fcrel, sosyal, bireysel geli\u015fim etkinli\u011fi olarak ge\u00e7mi\u015ften bu g\u00fcn\u00fcm\u00fcze de ayn\u0131 \u015fekilde devam edece\u011fini s\u00f6yleyebiliriz.Kitap biraz nazl\u0131d\u0131r. Kitapla duygusal bir alaka kurmak gerekiyor. Kitab\u0131n naz\u0131n\u0131 \u00e7ekti\u011fimizde ve iyi bir kitapsevere kitap okuma desek bile o kitap okuma al\u0131\u015fkanl\u0131\u011f\u0131 k\u00f6relmeyecek ve her ge\u00e7en g\u00fcn daha da artacakt\u0131r&#8221; diye konu\u015ftu.<\/p>\n<p>Konu\u015fmalar\u0131n ard\u0131ndan \u00dcnye 1. Kitap Fuar\u0131\u2019n\u0131n kurdele kesimi sonras\u0131 a\u00e7\u0131l\u0131\u015f\u0131 ger\u00e7ekle\u015fti.<\/p>\n","protected":false},"excerpt":{"rendered":"<p>ORDU&#8217;NUN \u00dcNYE \u0130L\u00c7ES\u0130NDE \u00dcNYE KAYMAKAMLI\u011eI, \u00dcNYE BELED\u0130YES\u0130 VE \u0130L\u00c7E M\u0130LL\u0130 E\u011e\u0130T\u0130M M\u00dcD\u00dcRL\u00dc\u011e\u00dc TARAFINDAN D\u00dcZENLENEN 1. K\u0130TAP FUARI D\u00dcZENLENEN G\u00d6RKEML\u0130 A\u00c7ILI\u015e \u0130LE K\u0130TAPSEVERLERLE BULU\u015eTURULDU. 6-12 ARALIK TAR\u0130HLER\u0130 ARASINDA \u00c7E\u015e\u0130TL\u0130 YAZARLARIN S\u00d6YLE\u015e\u0130LER\u0130 VE YAZAR BULU\u015eMALARININ OLACA\u011eI FUARDA \u00d6\u011eRENC\u0130 VE VATANDA\u015eLARIN KATILIMIYLA 70 B\u0130N K\u0130\u015e\u0130N\u0130N Z\u0130YARET ETMES\u0130 HEDEFLEN\u0130YOR.<\/p>\n","protected":false},"author":1,"featured_media":252240,"comment_status":"closed","ping_status":"open","sticky":false,"template":"","format":"standard","meta":{"jetpack_post_was_ever_published":false,"_jetpack_newsletter_access":"","_jetpack_dont_email_post_to_subs":false,"_jetpack_newsletter_tier_id":0,"_jetpack_memberships_contains_paywalled_content":false,"_jetpack_memberships_contains_paid_content":false,"footnotes":"","jetpack_publicize_message":"","jetpack_publicize_feature_enabled":true,"jetpack_social_post_already_shared":true,"jetpack_social_options":{"image_generator_settings":{"template":"highway","default_image_id":0,"font":"","enabled":false},"version":2}},"categories":[656],"tags":[288,2924,4074,1082],"class_list":["post-252239","post","type-post","status-publish","format-standard","has-post-thumbnail","hentry","category-kultur-sanat","tag-acildi","tag-fuari","tag-kitap","tag-unye"],"jetpack_publicize_connections":[],"jetpack_featured_media_url":"https:\/\/i0.wp.com\/www.tvturk.com\/wp-content\/uploads\/2020\/01\/unye-1-kitap-fuari-acildi_760a89d.jpg?fit=1000%2C666","jetpack_sharing_enabled":true,"jetpack_shortlink":"https:\/\/wp.me\/paKIfm-13Cn","_links":{"self":[{"href":"http:\/\/www.tvturk.com\/index.php\/wp-json\/wp\/v2\/posts\/252239","targetHints":{"allow":["GET"]}}],"collection":[{"href":"http:\/\/www.tvturk.com\/index.php\/wp-json\/wp\/v2\/posts"}],"about":[{"href":"http:\/\/www.tvturk.com\/index.php\/wp-json\/wp\/v2\/types\/post"}],"author":[{"embeddable":true,"href":"http:\/\/www.tvturk.com\/index.php\/wp-json\/wp\/v2\/users\/1"}],"replies":[{"embeddable":true,"href":"http:\/\/www.tvturk.com\/index.php\/wp-json\/wp\/v2\/comments?post=252239"}],"version-history":[{"count":0,"href":"http:\/\/www.tvturk.com\/index.php\/wp-json\/wp\/v2\/posts\/252239\/revisions"}],"wp:featuredmedia":[{"embeddable":true,"href":"http:\/\/www.tvturk.com\/index.php\/wp-json\/wp\/v2\/media\/252240"}],"wp:attachment":[{"href":"http:\/\/www.tvturk.com\/index.php\/wp-json\/wp\/v2\/media?parent=252239"}],"wp:term":[{"taxonomy":"category","embeddable":true,"href":"http:\/\/www.tvturk.com\/index.php\/wp-json\/wp\/v2\/categories?post=252239"},{"taxonomy":"post_tag","embeddable":true,"href":"http:\/\/www.tvturk.com\/index.php\/wp-json\/wp\/v2\/tags?post=252239"}],"curies":[{"name":"wp","href":"https:\/\/api.w.org\/{rel}","templated":true}]}}