{"id":252336,"date":"2020-01-06T15:03:04","date_gmt":"2020-01-06T12:03:04","guid":{"rendered":"http:\/\/www.tvturk.com\/index.php\/tamer-tuna-antalyasporda-uc-ayriligi-acikladi\/"},"modified":"2020-01-06T15:03:04","modified_gmt":"2020-01-06T12:03:04","slug":"tamer-tuna-antalyasporda-uc-ayriligi-acikladi","status":"publish","type":"post","link":"http:\/\/www.tvturk.com\/index.php\/tamer-tuna-antalyasporda-uc-ayriligi-acikladi\/","title":{"rendered":"Tamer Tuna Antalyaspor\u2019da \u00fc\u00e7 ayr\u0131l\u0131\u011f\u0131 a\u00e7\u0131klad\u0131"},"content":{"rendered":"<p>Antalyaspor, Teknik Direkt\u00f6r Tamer Tuna ile 1,5 y\u0131ll\u0131k s\u00f6zle\u015fme imzalad\u0131. \u0130mza t\u00f6reninde konu\u015fan Tuna, Gelson Dala, Aly Cissokho ve Tar\u0131k \u00c7amdal\u2019\u0131n tak\u0131mdan ayr\u0131ld\u0131\u011f\u0131n\u0131 ve devre aras\u0131 kamp \u00e7al\u0131\u015fmalar\u0131nda yer almad\u0131klar\u0131n\u0131 a\u00e7\u0131klad\u0131.<\/p>\n<p>Antalya Stadyumu bas\u0131n toplant\u0131 odas\u0131nda d\u00fczenlenen imza t\u00f6renine, Kul\u00fcp Futbol \u015eube Sorumlusu Ayta\u00e7 Altay, Y\u00f6netim Kurulu \u00dcyesi Berkay Bahar ve Genel Menajer Servet \u00c7avu\u015fo\u011flu kat\u0131ld\u0131.<\/p>\n<p>Futbolun i\u00e7inde kalman\u0131n g\u00fczel bir duygu oldu\u011funa de\u011finen Tamer Tuna, Antalyaspor deneyimini ilk defa ya\u015fayaca\u011f\u0131n\u0131 kaydetti.<\/p>\n<p>\u201cSezon bitti\u011finde hedefledi\u011fimiz noktada olaca\u011f\u0131z\u201d<\/p>\n<p>\u00c7ok uzun tecr\u00fcbelere sahip oldu\u011funu dile getiren Tuna, \u201cAntalyaspor olarak bulundu\u011fumuz yerle alakal\u0131, ilk yar\u0131 bitimiyle birlikte teknik adam de\u011fi\u015fikli\u011fi hepimizin ad\u0131na \u00fcz\u00fcnt\u00fc vericiydi. Ama neler yapabilece\u011fimizi, kendi hedeflerimiz olmadan hi\u00e7bir \u015feyin ger\u00e7ekle\u015fmedi\u011fini d\u00fc\u015f\u00fcnerek, ikinci yar\u0131ya yeni bir sayfa a\u00e7m\u0131\u015f olduk. Umar\u0131m hepimize hay\u0131rl\u0131 olur. \u0130yi bir sezon olacak, bunu biliyorum. Sezon bitti\u011finde hedefledi\u011fimiz noktada olaca\u011f\u0131z. Bunlar\u0131 birlikte yol ald\u0131\u011f\u0131m\u0131z zaman g\u00f6rece\u011fiz. Burada olmaktan \u00e7ok mutluyum. Tak\u0131m\u0131m\u0131za da g\u00fcvenimiz tam. Umar\u0131m hepimiz ad\u0131na iyi bir sezon olacakt\u0131r\u201d ifadelerini kulland\u0131.<\/p>\n<p>\u201cAram\u0131zdan ayr\u0131lan 3 oyuncu var\u201d<\/p>\n<p>Tak\u0131mdan ayr\u0131lan 3 oyuncu oldu\u011funu ve bu oyuncular\u0131n kampa kat\u0131lmad\u0131\u011f\u0131n\u0131 s\u00f6yleyen Tuna, s\u00f6zlerini \u015f\u00f6yle s\u00fcrd\u00fcrd\u00fc:<\/p>\n<p>\u201cGelson Dala, Aly Cissokho, Tar\u0131k \u00c7amdal. Bu kamp s\u00fcrecinde a\u00e7\u0131k\u00e7as\u0131 hem y\u00f6netimle hem de kendi aram\u0131zdaki g\u00f6r\u00fc\u015fmelerde bu s\u00fcreci de\u011ferlendiriyoruz. Transfer d\u00f6neminin bitimine kadar oynayaca\u011f\u0131m\u0131z d\u00f6rt kar\u015f\u0131la\u015fma ile bu yolu alaca\u011f\u0131z. Neler olmas\u0131 gerekti\u011fini biliyoruz. Transferlerimiz olacak. Tak\u0131ma katk\u0131 sa\u011flayacak, net oyuncular olmak zorunda. Bu konuda \u00e7al\u0131\u015fmalar\u0131m\u0131z var. Y\u00f6netimin benden \u00f6nce \u00e7ok ciddi \u00e7al\u0131\u015fmalar\u0131 var. Oyuncularla ilgili g\u00f6r\u00fc\u015fmeler var. Bu oyuncular\u0131n da kamp d\u00f6neminde aram\u0131za kat\u0131laca\u011f\u0131n\u0131 biliyorum.&#8221;<\/p>\n<p>Tuna, teknik direkt\u00f6rler B\u00fclent Korkmaz ve Stjepan Tomas d\u00f6nemlerinde oyun sistemleri aras\u0131nda \u00e7ok ge\u00e7i\u015f ya\u015fand\u0131\u011f\u0131n\u0131 aktararak, \u015fu anda ligin en az gol atan ve en fazla gol yiyen 4. tak\u0131m\u0131 olduklar\u0131n\u0131 belirtti.<\/p>\n<p>K\u00fcme d\u00fc\u015fme hatt\u0131nda olduklar\u0131n\u0131 kaydeden Tuna, iyi sonu\u00e7lar alarak bu noktadan \u00e7\u0131kabilme hedefinde olduklar\u0131n\u0131n alt\u0131n\u0131 \u00e7izdi. Tuna, s\u00fcreklilik ya\u015famak istedi\u011fine dikkat \u00e7ekerek, Antalyaspor\u2019da kal\u0131c\u0131 olmak istedi\u011fini dile getirdi.<\/p>\n<p>\u201cFedor Kudryashov ile anla\u015ft\u0131k\u201d<\/p>\n<p>Federasyonun belirledi\u011fi b\u00fct\u00e7eler do\u011frultusunda, transfer \u00e7al\u0131\u015fmalar\u0131n\u0131 y\u00fcr\u00fctt\u00fcklerini s\u00f6yleyen Ayta\u00e7 Altay ise, \u201c\u015eu an i\u00e7in Fedor Kudryashov ile anla\u015fm\u0131\u015f bulunmaktay\u0131z. Bug\u00fcn s\u00f6zle\u015fmesi imzalan\u0131r. Onun haricinde b\u00fct\u00e7e do\u011frultusunda en az 4-5 transfer daha yapmay\u0131 d\u00fc\u015f\u00fcn\u00fcyoruz\u201d diye konu\u015ftu.<\/p>\n<p>Konu\u015fmalar\u0131n ard\u0131ndan Tamer Tuna ile 1,5 y\u0131ll\u0131k s\u00f6zle\u015fme imzaland\u0131.<\/p>\n","protected":false},"excerpt":{"rendered":"<p>ANTALYASPOR, TEKN\u0130K D\u0130REKT\u00d6R\u00dc TAMER TUNA \u0130LE 1,5 YILLIK S\u00d6ZLE\u015eME \u0130MZALADI. \u0130MZA T\u00d6REN\u0130NE KONU\u015eAN TUNA, &#8220;TAKIMDAN AYRILAN VE KAMPA KATILMAYAN \u00dc\u00c7 OYUNCUMUZ, GELSON DALA, ALY C\u0130SSOKHO VE TARIK \u00c7AMDAL&#8221; DED\u0130.<\/p>\n","protected":false},"author":1,"featured_media":252337,"comment_status":"closed","ping_status":"open","sticky":false,"template":"","format":"standard","meta":{"jetpack_post_was_ever_published":false,"_jetpack_newsletter_access":"","_jetpack_dont_email_post_to_subs":false,"_jetpack_newsletter_tier_id":0,"_jetpack_memberships_contains_paywalled_content":false,"_jetpack_memberships_contains_paid_content":false,"footnotes":"","jetpack_publicize_message":"","jetpack_publicize_feature_enabled":true,"jetpack_social_post_already_shared":true,"jetpack_social_options":{"image_generator_settings":{"template":"highway","default_image_id":0,"font":"","enabled":false},"version":2}},"categories":[657],"tags":[3699,1850,49603,16034,14821,1942],"class_list":["post-252336","post","type-post","status-publish","format-standard","has-post-thumbnail","hentry","category-spor","tag-acikladi","tag-antalyasporda","tag-ayriligi","tag-tamer","tag-tuna","tag-uc"],"jetpack_publicize_connections":[],"jetpack_featured_media_url":"https:\/\/i0.wp.com\/www.tvturk.com\/wp-content\/uploads\/2020\/01\/tamer-tuna-antalyasporda-uc-ayriligi-acikladi_ee44e45.jpg?fit=1000%2C704","jetpack_sharing_enabled":true,"jetpack_shortlink":"https:\/\/wp.me\/paKIfm-13DW","_links":{"self":[{"href":"http:\/\/www.tvturk.com\/index.php\/wp-json\/wp\/v2\/posts\/252336","targetHints":{"allow":["GET"]}}],"collection":[{"href":"http:\/\/www.tvturk.com\/index.php\/wp-json\/wp\/v2\/posts"}],"about":[{"href":"http:\/\/www.tvturk.com\/index.php\/wp-json\/wp\/v2\/types\/post"}],"author":[{"embeddable":true,"href":"http:\/\/www.tvturk.com\/index.php\/wp-json\/wp\/v2\/users\/1"}],"replies":[{"embeddable":true,"href":"http:\/\/www.tvturk.com\/index.php\/wp-json\/wp\/v2\/comments?post=252336"}],"version-history":[{"count":0,"href":"http:\/\/www.tvturk.com\/index.php\/wp-json\/wp\/v2\/posts\/252336\/revisions"}],"wp:featuredmedia":[{"embeddable":true,"href":"http:\/\/www.tvturk.com\/index.php\/wp-json\/wp\/v2\/media\/252337"}],"wp:attachment":[{"href":"http:\/\/www.tvturk.com\/index.php\/wp-json\/wp\/v2\/media?parent=252336"}],"wp:term":[{"taxonomy":"category","embeddable":true,"href":"http:\/\/www.tvturk.com\/index.php\/wp-json\/wp\/v2\/categories?post=252336"},{"taxonomy":"post_tag","embeddable":true,"href":"http:\/\/www.tvturk.com\/index.php\/wp-json\/wp\/v2\/tags?post=252336"}],"curies":[{"name":"wp","href":"https:\/\/api.w.org\/{rel}","templated":true}]}}