{"id":252358,"date":"2020-01-06T16:01:31","date_gmt":"2020-01-06T13:01:31","guid":{"rendered":"http:\/\/www.tvturk.com\/index.php\/turkiye-siniri-yakinlarina-goc-eden-sivillere-yardim-eli\/"},"modified":"2020-01-06T16:01:31","modified_gmt":"2020-01-06T13:01:31","slug":"turkiye-siniri-yakinlarina-goc-eden-sivillere-yardim-eli","status":"publish","type":"post","link":"http:\/\/www.tvturk.com\/index.php\/turkiye-siniri-yakinlarina-goc-eden-sivillere-yardim-eli\/","title":{"rendered":"T\u00fcrkiye s\u0131n\u0131r\u0131 yak\u0131nlar\u0131na g\u00f6\u00e7 eden sivillere yard\u0131m eli"},"content":{"rendered":"<p>Suriye\u2019nin \u0130dlib kentinden bombard\u0131man nedeniyle ka\u00e7arak T\u00fcrkiye s\u0131n\u0131r\u0131 yak\u0131n\u0131ndaki b\u00f6lgelere g\u00f6\u00e7 eden 135 aile i\u00e7in \u00e7ad\u0131r kuruldu.<\/p>\n<p>Kas\u0131m ay\u0131ndan bu yana, Rusya, Esed rejimi ve \u0130ran destekli gruplar\u0131n sald\u0131r\u0131lar\u0131 nedeniyle \u0130dlib\u2019den ka\u00e7\u0131p T\u00fcrkiye s\u0131n\u0131r\u0131na do\u011fru g\u00f6\u00e7 edenlerin say\u0131s\u0131 330 bini ge\u00e7ti. G\u00fcvenli b\u00f6lge Azez ve k\u0131rsal\u0131na yerle\u015fen \u0130dlibli ailelere, \u0130HH \u0130nsani Yard\u0131m Vakf\u0131 yard\u0131m eli uzatt\u0131. S\u0131n\u0131r hatt\u0131na do\u011fru g\u00f6\u00e7 eden 135 aile, Azez\u2019de kurulan \u00e7ad\u0131rlara yerle\u015ftirildi. \u0130HH Babuselam Koordinat\u00f6r\u00fc Hasan Aksoy, &#8220;Son g\u00fcnlerde artan yo\u011fun sald\u0131r\u0131lardan dolay\u0131 \u0130dlib\u2019den Azez ve Elbab kentlerine yo\u011fun bir g\u00f6\u00e7 ya\u015fan\u0131yor. Son bir ay i\u00e7in 20 binden fazla insan bu b\u00f6lgelere g\u00f6\u00e7 etmek durumunda kald\u0131. Bizler bu aileleri tespit edip kendilerine bu k\u0131\u015f ay\u0131nda ba\u015flar\u0131n\u0131 sokabilecekleri bir ortam haz\u0131rlamaya gayret ediyoruz. Bundan dolay\u0131 uygun birka\u00e7 noktada ailelere \u00e7ad\u0131r kurduk. \u00c7ad\u0131rlar i\u00e7in hal\u0131, soba, s\u00fcnger yatak, k\u00f6m\u00fcr, g\u0131da kolisi ve hijyen paketlerinin da\u011f\u0131t\u0131m\u0131n\u0131 da ger\u00e7ekle\u015ftiriyoruz. \u00c7\u00fcnk\u00fc \u00e7o\u011fu ailelerin e\u015fyalar\u0131 y\u0131k\u0131lm\u0131\u015f binalar\u0131n alt\u0131nda kalm\u0131\u015f durumda&#8221; dedi.<\/p>\n<p>Sald\u0131r\u0131lar\u0131n s\u00fcrmesi halinde g\u00f6\u00e7\u00fcn devam edece\u011fini s\u00f6yleyen Aksoy, &#8220;Bu k\u0131\u015f ay\u0131nda bu insanlar\u0131n d\u0131\u015far\u0131da kalmamalar\u0131 i\u00e7in t\u00fcm gayretimizle \u00e7al\u0131\u015fmalar\u0131m\u0131z\u0131 s\u00fcrd\u00fcrece\u011fiz. Bu \u00e7al\u0131\u015fmalar\u0131m\u0131za katk\u0131 veren T\u00fcrkiye halk\u0131na ve STK\u2019lara te\u015fekk\u00fcr ediyoruz&#8221; diye konu\u015ftu.<\/p>\n","protected":false},"excerpt":{"rendered":"<p>SUR\u0130YE\u2019N\u0130N \u0130DL\u0130B \u0130L\u0130N\u0130N G\u00dcNEY KIRSALINDAN BOMBARDIMAN NEDEN\u0130YLE T\u00dcRK\u0130YE-SUR\u0130YE SINIRINDAK\u0130 B\u00d6LGELERE DO\u011eRU G\u00d6\u00c7 EDEN S\u0130V\u0130LLERE \u0130HH \u0130NSAN\u0130 YARDIM VAKFI TARAFINDAN K\u0130L\u0130S\u2019\u0130N KAR\u015eISINDAK\u0130 AZEZ\u2019DE 135 A\u0130LEYE \u00c7ADIR KURDU.<\/p>\n","protected":false},"author":1,"featured_media":252359,"comment_status":"closed","ping_status":"open","sticky":false,"template":"","format":"standard","meta":{"jetpack_post_was_ever_published":false,"_jetpack_newsletter_access":"","_jetpack_dont_email_post_to_subs":false,"_jetpack_newsletter_tier_id":0,"_jetpack_memberships_contains_paywalled_content":false,"_jetpack_memberships_contains_paid_content":false,"footnotes":"","jetpack_publicize_message":"","jetpack_publicize_feature_enabled":true,"jetpack_social_post_already_shared":true,"jetpack_social_options":{"image_generator_settings":{"template":"highway","default_image_id":0,"font":"","enabled":false},"version":2}},"categories":[10],"tags":[2393,4118,3622,29154,27562,453,8894,1736],"class_list":["post-252358","post","type-post","status-publish","format-standard","has-post-thumbnail","hentry","category-dunya","tag-eden","tag-eli","tag-goc","tag-sivillere","tag-siniri","tag-turkiye","tag-yakinlarina","tag-yardim"],"jetpack_publicize_connections":[],"jetpack_featured_media_url":"https:\/\/i0.wp.com\/www.tvturk.com\/wp-content\/uploads\/2020\/01\/turkiye-siniri-yakinlarina-goc-eden-sivillere-yardim-eli_0cee7e1.jpg?fit=1000%2C666","jetpack_sharing_enabled":true,"jetpack_shortlink":"https:\/\/wp.me\/paKIfm-13Ei","_links":{"self":[{"href":"http:\/\/www.tvturk.com\/index.php\/wp-json\/wp\/v2\/posts\/252358","targetHints":{"allow":["GET"]}}],"collection":[{"href":"http:\/\/www.tvturk.com\/index.php\/wp-json\/wp\/v2\/posts"}],"about":[{"href":"http:\/\/www.tvturk.com\/index.php\/wp-json\/wp\/v2\/types\/post"}],"author":[{"embeddable":true,"href":"http:\/\/www.tvturk.com\/index.php\/wp-json\/wp\/v2\/users\/1"}],"replies":[{"embeddable":true,"href":"http:\/\/www.tvturk.com\/index.php\/wp-json\/wp\/v2\/comments?post=252358"}],"version-history":[{"count":0,"href":"http:\/\/www.tvturk.com\/index.php\/wp-json\/wp\/v2\/posts\/252358\/revisions"}],"wp:featuredmedia":[{"embeddable":true,"href":"http:\/\/www.tvturk.com\/index.php\/wp-json\/wp\/v2\/media\/252359"}],"wp:attachment":[{"href":"http:\/\/www.tvturk.com\/index.php\/wp-json\/wp\/v2\/media?parent=252358"}],"wp:term":[{"taxonomy":"category","embeddable":true,"href":"http:\/\/www.tvturk.com\/index.php\/wp-json\/wp\/v2\/categories?post=252358"},{"taxonomy":"post_tag","embeddable":true,"href":"http:\/\/www.tvturk.com\/index.php\/wp-json\/wp\/v2\/tags?post=252358"}],"curies":[{"name":"wp","href":"https:\/\/api.w.org\/{rel}","templated":true}]}}