{"id":252364,"date":"2020-01-06T16:02:47","date_gmt":"2020-01-06T13:02:47","guid":{"rendered":"http:\/\/www.tvturk.com\/index.php\/kadin-foto-muhabiri-futbol-maclarinda-cektigi-fotograflarla-sergi-acti\/"},"modified":"2020-01-06T16:02:47","modified_gmt":"2020-01-06T13:02:47","slug":"kadin-foto-muhabiri-futbol-maclarinda-cektigi-fotograflarla-sergi-acti","status":"publish","type":"post","link":"http:\/\/www.tvturk.com\/index.php\/kadin-foto-muhabiri-futbol-maclarinda-cektigi-fotograflarla-sergi-acti\/","title":{"rendered":"Kad\u0131n foto muhabiri futbol ma\u00e7lar\u0131nda \u00e7ekti\u011fi foto\u011fraflarla sergi a\u00e7t\u0131"},"content":{"rendered":"<p>Gazeteci Mesut I\u015f\u0131k ve ekip arkada\u015f\u0131 B\u00fc\u015fra Kaya taraf\u0131ndan S\u00fcper Lig ve milli ma\u00e7larda \u00e7ekilen foto\u011fraflar \u201cFutbolun Alt\u0131n Kareleri\u201d ismiyle a\u00e7\u0131lan sergide g\u00f6r\u00fcc\u00fcye \u00e7\u0131kt\u0131.<\/p>\n<p>Kocaeli\u2019de gazetecilik yapan Mesut I\u015f\u0131k ve ekip arkada\u015f\u0131 B\u00fc\u015fra Kaya, takip ettikleri S\u00fcper Lig ve milli ma\u00e7larda objektiflerine yans\u0131yan foto\u011fraflarla sergi a\u00e7t\u0131. Gebze Ticaret Odas\u0131 Sergi Salonu\u2019nda a\u00e7\u0131lan \u201cFutbolun Alt\u0131n Kareleri\u201d isimli foto\u011fraf sergisinin a\u00e7\u0131l\u0131\u015f\u0131na AK Parti Kocaeli Milletvekili Cemil Yaman, Kocaeli B\u00fcy\u00fck\u015fehir Belediye Ba\u015fkan Vekili Ya\u015far \u00c7akmak, Gebze Belediye Ba\u015fkan\u0131 Zinnur B\u00fcy\u00fckg\u00f6z, Tuzla Belediye Ba\u015fkan\u0131 \u015eadi Yaz\u0131c\u0131 ve Gebze Ticaret Odas\u0131 Ba\u015fkan\u0131 Nail \u00c7iler\u2019in yan\u0131 s\u0131ra \u00e7ok say\u0131da davetli kat\u0131ld\u0131.<\/p>\n<p>\u201cSergi a\u00e7mak cesaret i\u015fidir\u201d<\/p>\n<p>Serginin a\u00e7\u0131l\u0131\u015f program\u0131nda konu\u015fan Tuzla Belediye Ba\u015fkan\u0131 \u015eadi Yaz\u0131c\u0131, \u201cSergiyi a\u00e7mak b\u00fcy\u00fck bir cesaret i\u015fidir. Yapt\u0131\u011f\u0131n\u0131z i\u015fle sergi a\u00e7mak i\u015fin ba\u015far\u0131 ve \u00f6zg\u00fcveninize ait bir \u015feydir. Ger\u00e7ekten yerel gazetecilerin yapm\u0131\u015f oldu\u011fu i\u015f, halk\u0131n bilgi almak i\u00e7in \u00e7ok \u00f6nemli bir payda\u015f oldu\u011funu ifade ediyorum. Bug\u00fcn ki serginin konusu spor ve sporun milli karelerinin oldu\u011fu bir yer. Milli Tak\u0131m\u0131m\u0131z\u0131n bize duygusal anlar ya\u015fatt\u0131\u011f\u0131 karelerle birlikte kul\u00fcplerimizin ba\u015far\u0131lar\u0131n\u0131n devam\u0131n\u0131 diliyorum\u201d dedi. Gebze Belediye Ba\u015fkan\u0131 Zinnur B\u00fcy\u00fckg\u00f6z ise yapt\u0131\u011f\u0131 konu\u015fmada, \u201cBug\u00fcn an\u0131 yakalamak kurgusu \u00fczerine ger\u00e7ekle\u015ftirilmi\u015f bu foto\u011fraf sergisinde Mesut karde\u015fimizi ve B\u00fc\u015fra karde\u015fimizi tebrik ediyoruz. Spora g\u00f6n\u00fcl vermi\u015f, habere g\u00f6n\u00fcl vermi\u015f, 25 y\u0131ldan bu yana \u00f6zveriyle gayret g\u00f6steren yan\u0131nda da asistanl\u0131\u011f\u0131n\u0131 yapan B\u00fc\u015fra han\u0131m\u0131 tebrik ediyoruz\u201d ifadelerini kulland\u0131.<\/p>\n<p>\u201cKi\u015fi ba\u015f\u0131 gelirde T\u00fcrkiye birincisiyiz\u201d<\/p>\n<p>Gebze Ticaret Odas\u0131 Ba\u015fkan\u0131 Nail \u00c7iler, sergi a\u00e7\u0131l\u0131\u015f\u0131nda yapt\u0131\u011f\u0131 konu\u015fmada, \u201cFarkl\u0131 k\u00fclt\u00fcrlerin birle\u015fti\u011fi ve sanayinin devle\u015fti\u011fi bir yerde oda ba\u015fkan\u0131 olmak benim i\u00e7in bir onur. Siyaset Ankara\u2019dan y\u00f6netilir ama sanayi Gebze\u2019den y\u00f6netilir. Son rakamlar\u0131 \u00f6zellikle vurgulamak istiyorum. Ki\u015fi ba\u015f\u0131 gelirde \u0130stanbul\u2019un \u00f6n\u00fcndeyiz. \u0130stanbul ikinci durumda. \u0130hracatta ise \u0130stanbul\u2019dan sonra ikinci s\u0131raday\u0131z. Napolyon\u2019un dedi\u011fi gibi, e\u011fer d\u00fcnya tek ba\u015f\u0131na bir \u00fclke olsa ba\u015fkenti \u0130stanbul olurdu. \u0130stanbul\u2019u bir kenara b\u0131rakmak gerekirse ihracatta da birinci s\u0131raday\u0131z. Mesut\u2019u 25 y\u0131ldan daha fazlad\u0131r tan\u0131r\u0131m. \u00c7izgisinden hi\u00e7 \u00f6d\u00fcn vermedi. Ayr\u0131ca benim gibi de Galatasaray\u2019l\u0131. O bak\u0131mdan da kendisini kutluyorum\u201d \u015feklinde konu\u015ftu.<\/p>\n<p>\u201cKad\u0131n olarak sahalarda g\u00f6rev yapmak zor\u201d<\/p>\n<p>Gazeteci Mesut I\u015f\u0131k, 50 kare foto\u011fraf se\u00e7tiklerini belirterek, \u201cSergimiz 10 Ocak\u2019a kadar Gebze Ticaret Odas\u0131\u2019nda olacak. \u0130lgiden \u00e7ok memnunum. Ya\u011f\u0131\u015fl\u0131 ve f\u0131rt\u0131nal\u0131 havaya ra\u011fmen bu kadar ilgi beklemiyordum\u201d ifadelerini kulland\u0131.<\/p>\n<p>B\u00fc\u015fra Kaya ise, \u201cBir kad\u0131n olarak sahalarda g\u00f6rev yapmak ne kadar e\u015fit durumda olsak da zor. Fakat foto\u011fraflar\u0131m\u0131z\u0131n bu \u015fekilde sergilenmesi \u00e7ok g\u00fczel ve heyecan verici\u201d a\u00e7\u0131klamas\u0131n\u0131 yapt\u0131.<\/p>\n<p>10 Ocak tarihine kadar Gebze Ticaret Odas\u0131\u2019nda sergilenecek olan foto\u011fraflar, bir ay boyunca b\u00f6lgedeki farkl\u0131 kurumlarda sergilenmeye devam edecek.<\/p>\n","protected":false},"excerpt":{"rendered":"<p>GAZETEC\u0130 MESUT I\u015eIK VE EK\u0130P ARKADA\u015eI B\u00dc\u015eRA KAYA TARAFINDAN S\u00dcPER L\u0130G VE M\u0130LL\u0130 MA\u00c7LARDA \u00c7EK\u0130LEN FOTO\u011eRAFLAR \u201cFUTBOLUN ALTIN KARELER\u0130\u201d \u0130SM\u0130YLE A\u00c7ILAN SERG\u0130DE G\u00d6R\u00dcC\u00dcYE \u00c7IKTI.<\/p>\n","protected":false},"author":1,"featured_media":252365,"comment_status":"closed","ping_status":"open","sticky":false,"template":"","format":"standard","meta":{"jetpack_post_was_ever_published":false,"_jetpack_newsletter_access":"","_jetpack_dont_email_post_to_subs":false,"_jetpack_newsletter_tier_id":0,"_jetpack_memberships_contains_paywalled_content":false,"_jetpack_memberships_contains_paid_content":false,"footnotes":"","jetpack_publicize_message":"","jetpack_publicize_feature_enabled":true,"jetpack_social_post_already_shared":true,"jetpack_social_options":{"image_generator_settings":{"template":"highway","default_image_id":0,"font":"","enabled":false},"version":2}},"categories":[657],"tags":[1494,15300,14026,10563,1461,108,62464,15806,798],"class_list":["post-252364","post","type-post","status-publish","format-standard","has-post-thumbnail","hentry","category-spor","tag-acti","tag-cektigi","tag-foto","tag-fotograflarla","tag-futbol","tag-kadin","tag-maclarinda","tag-muhabiri","tag-sergi"],"jetpack_publicize_connections":[],"jetpack_featured_media_url":"https:\/\/i0.wp.com\/www.tvturk.com\/wp-content\/uploads\/2020\/01\/kadin-foto-muhabiri-futbol-maclarinda-cektigi-fotograflarla-sergi-acti_41195b2.jpg?fit=1000%2C562","jetpack_sharing_enabled":true,"jetpack_shortlink":"https:\/\/wp.me\/paKIfm-13Eo","_links":{"self":[{"href":"http:\/\/www.tvturk.com\/index.php\/wp-json\/wp\/v2\/posts\/252364","targetHints":{"allow":["GET"]}}],"collection":[{"href":"http:\/\/www.tvturk.com\/index.php\/wp-json\/wp\/v2\/posts"}],"about":[{"href":"http:\/\/www.tvturk.com\/index.php\/wp-json\/wp\/v2\/types\/post"}],"author":[{"embeddable":true,"href":"http:\/\/www.tvturk.com\/index.php\/wp-json\/wp\/v2\/users\/1"}],"replies":[{"embeddable":true,"href":"http:\/\/www.tvturk.com\/index.php\/wp-json\/wp\/v2\/comments?post=252364"}],"version-history":[{"count":0,"href":"http:\/\/www.tvturk.com\/index.php\/wp-json\/wp\/v2\/posts\/252364\/revisions"}],"wp:featuredmedia":[{"embeddable":true,"href":"http:\/\/www.tvturk.com\/index.php\/wp-json\/wp\/v2\/media\/252365"}],"wp:attachment":[{"href":"http:\/\/www.tvturk.com\/index.php\/wp-json\/wp\/v2\/media?parent=252364"}],"wp:term":[{"taxonomy":"category","embeddable":true,"href":"http:\/\/www.tvturk.com\/index.php\/wp-json\/wp\/v2\/categories?post=252364"},{"taxonomy":"post_tag","embeddable":true,"href":"http:\/\/www.tvturk.com\/index.php\/wp-json\/wp\/v2\/tags?post=252364"}],"curies":[{"name":"wp","href":"https:\/\/api.w.org\/{rel}","templated":true}]}}