{"id":252414,"date":"2020-01-06T17:46:46","date_gmt":"2020-01-06T14:46:46","guid":{"rendered":"http:\/\/www.tvturk.com\/index.php\/mersinde-sel-tahliyesi\/"},"modified":"2020-01-06T17:46:46","modified_gmt":"2020-01-06T14:46:46","slug":"mersinde-sel-tahliyesi","status":"publish","type":"post","link":"http:\/\/www.tvturk.com\/index.php\/mersinde-sel-tahliyesi\/","title":{"rendered":"Mersin\u2019de sel tahliyesi"},"content":{"rendered":"<p>Mersin\u2019in Erdemli il\u00e7esinde kuvvetli sa\u011fanak ya\u011f\u0131\u015f nedeniyle sel riski bulunan yerlerdeki vatanda\u015flar\u0131n ve b\u00fcy\u00fckba\u015f hayvanlar\u0131n tahliyesine ba\u015fland\u0131.<\/p>\n<p>Meteoroloji Genel M\u00fcd\u00fcrl\u00fc\u011f\u00fc\u2019n\u00fcn \u2019k\u0131rm\u0131z\u0131 kodlu\u2019 a\u015f\u0131r\u0131 ya\u011f\u0131\u015f ve sel uyar\u0131s\u0131 verdi\u011fi Mersin\u2019in Erdemli il\u00e7esinin tedbirler \u00fcst d\u00fczeye \u00e7\u0131kar\u0131ld\u0131. Akdeniz Mahallesi Sazba\u015f\u0131 Sokak\u2019ta bulunan su kanal\u0131n\u0131n a\u015f\u0131r\u0131 ya\u011f\u0131\u015f sonucu ta\u015fma riskinin bulunmas\u0131 \u00fczerine  evlerdeki vatanda\u015flar\u0131n tahliyesine karar verildi.<\/p>\n<p>Erdemli Kaymakam\u0131 Avni Kula beraberinde \u0130l\u00e7e Emniyet M\u00fcd\u00fcr\u00fc Ahmet \u015eahing\u00f6zl\u00fc ve Erdemli Belediyesi ekipleri tahliye edilecek evlerdeki vatanda\u015flar\u0131 bilgilendirdi. Kalacak yeri olmayan vatanda\u015flar\u0131n Erdemli \u00d6\u011fretmenevi\u2019nde misafir edilece\u011fi bilgisi verildi.<\/p>\n<p>Konuyla ilgili bilgi veren Kaymakam Kula, &#8220;Halk\u0131m\u0131z\u0131n can ve mal g\u00fcvenli\u011fi i\u00e7in deniz seviyesinden a\u015fa\u011f\u0131da oturanlar\u0131 uyar\u0131p bu gece \u00f6\u011fretmenevinde misafir edece\u011fiz. \u00c7al\u0131\u015fmalar s\u00fcr\u00fcyor, herhangi bir rakam vermek m\u00fcmk\u00fcn de\u011fil. \u00d6nceki y\u0131llarda da su basan evleri belediye ekipleri biliyor, onlarla birlikte gezip tespitte bulunuyoruz&#8221; dedi.<\/p>\n<p>B\u00fcy\u00fckba\u015f hayvanlar\u0131n da tahliyesi yap\u0131l\u0131yor<\/p>\n<p>\u0130l\u00e7ede Sazba\u015f\u0131 sokaktaki vatanda\u015flar uyar\u0131l\u0131rken, b\u00f6lgedeki b\u00fcy\u00fckba\u015f hayvanlar\u0131nda tahliyesi yap\u0131l\u0131yor. Erdemli Belediyesi taraf\u0131ndan besicilere ait hayvanlar\u0131n tahliyesi i\u00e7in \u00e7al\u0131\u015fmalar y\u00fcr\u00fct\u00fcl\u00fcyor.<\/p>\n<p>K\u0131rm\u0131z\u0131 alarm verilmesinin ard\u0131ndan \u00e7ok korktuklar\u0131n\u0131 g\u00f6zya\u015flar\u0131 i\u00e7inde anlatan Fatma S\u00f6\u011f\u00fct adl\u0131 besici, 30 b\u00fcy\u00fckba\u015f hayvan\u0131n buldu\u011funu belirterek, &#8220;Korktuk halende korkuyoruz. Her yeri bo\u015falt\u0131yoruz&#8221; dedi.<\/p>\n<p>Sel ve su bask\u0131n\u0131 riski bulanan b\u00f6lgelerde ekipler teyakkuz halinde bulunuyor.<\/p>\n","protected":false},"excerpt":{"rendered":"<p>MERS\u0130N&#8217;\u0130N ERDEML\u0130 \u0130L\u00c7ES\u0130NDE KUVVETL\u0130 SA\u011eANAK YA\u011eI\u015e NEDEN\u0130YLE SEL R\u0130SK\u0130 BULUNAN YERLERDEK\u0130 VATANDA\u015eLARIN VE B\u00dcY\u00dcKBA\u015e HAYVANLARIN TAHL\u0130YES\u0130NE BA\u015eLANDI.<\/p>\n","protected":false},"author":1,"featured_media":252415,"comment_status":"closed","ping_status":"open","sticky":false,"template":"","format":"standard","meta":{"jetpack_post_was_ever_published":false,"_jetpack_newsletter_access":"","_jetpack_dont_email_post_to_subs":false,"_jetpack_newsletter_tier_id":0,"_jetpack_memberships_contains_paywalled_content":false,"_jetpack_memberships_contains_paid_content":false,"footnotes":"","jetpack_publicize_message":"","jetpack_publicize_feature_enabled":true,"jetpack_social_post_already_shared":true,"jetpack_social_options":{"image_generator_settings":{"template":"highway","default_image_id":0,"font":"","enabled":false},"version":2}},"categories":[1],"tags":[695,2218,26078],"class_list":["post-252414","post","type-post","status-publish","format-standard","has-post-thumbnail","hentry","category-genel","tag-sel","tag-mersinde","tag-tahliyesi"],"jetpack_publicize_connections":[],"jetpack_featured_media_url":"https:\/\/i0.wp.com\/www.tvturk.com\/wp-content\/uploads\/2020\/01\/mersinde-sel-tahliyesi_f10e8fc.jpg?fit=1000%2C535","jetpack_sharing_enabled":true,"jetpack_shortlink":"https:\/\/wp.me\/paKIfm-13Fc","_links":{"self":[{"href":"http:\/\/www.tvturk.com\/index.php\/wp-json\/wp\/v2\/posts\/252414","targetHints":{"allow":["GET"]}}],"collection":[{"href":"http:\/\/www.tvturk.com\/index.php\/wp-json\/wp\/v2\/posts"}],"about":[{"href":"http:\/\/www.tvturk.com\/index.php\/wp-json\/wp\/v2\/types\/post"}],"author":[{"embeddable":true,"href":"http:\/\/www.tvturk.com\/index.php\/wp-json\/wp\/v2\/users\/1"}],"replies":[{"embeddable":true,"href":"http:\/\/www.tvturk.com\/index.php\/wp-json\/wp\/v2\/comments?post=252414"}],"version-history":[{"count":0,"href":"http:\/\/www.tvturk.com\/index.php\/wp-json\/wp\/v2\/posts\/252414\/revisions"}],"wp:featuredmedia":[{"embeddable":true,"href":"http:\/\/www.tvturk.com\/index.php\/wp-json\/wp\/v2\/media\/252415"}],"wp:attachment":[{"href":"http:\/\/www.tvturk.com\/index.php\/wp-json\/wp\/v2\/media?parent=252414"}],"wp:term":[{"taxonomy":"category","embeddable":true,"href":"http:\/\/www.tvturk.com\/index.php\/wp-json\/wp\/v2\/categories?post=252414"},{"taxonomy":"post_tag","embeddable":true,"href":"http:\/\/www.tvturk.com\/index.php\/wp-json\/wp\/v2\/tags?post=252414"}],"curies":[{"name":"wp","href":"https:\/\/api.w.org\/{rel}","templated":true}]}}