{"id":252426,"date":"2020-01-06T18:16:40","date_gmt":"2020-01-06T15:16:40","guid":{"rendered":"http:\/\/www.tvturk.com\/index.php\/iki-hafta-sonra-kara-kista-sokakta-kalacaklar\/"},"modified":"2020-01-06T18:16:40","modified_gmt":"2020-01-06T15:16:40","slug":"iki-hafta-sonra-kara-kista-sokakta-kalacaklar","status":"publish","type":"post","link":"http:\/\/www.tvturk.com\/index.php\/iki-hafta-sonra-kara-kista-sokakta-kalacaklar\/","title":{"rendered":"\u0130ki hafta sonra kara k\u0131\u015fta sokakta kalacaklar"},"content":{"rendered":"<p>Bursa\u2019n\u0131n Mudanya il\u00e7esinde, 2009-2014 y\u0131llar\u0131 aras\u0131nda AK Parti\u2019den belediye ba\u015fkanl\u0131\u011f\u0131 yapan Hasan Akt\u00fcrk\u2019\u00fcn Roman vatanda\u015flara tahsis etti\u011fi konteyn\u0131rlarda ya\u015fayan insanlar\u0131n Mudanya Belediyesi taraf\u0131ndan iki hafta i\u00e7inde barakalar\u0131n\u0131 tahliye etmeleri istendi.<\/p>\n<p>Mudanya Belediyesi\u2019nin Y\u0131ld\u0131ztepe projesi sebebiyle minib\u00fcs dura\u011f\u0131 Halitpa\u015fa Mahallesi Karanl\u0131kdere mevkiine ta\u015f\u0131nacak. Minib\u00fcs dura\u011f\u0131n\u0131n konulaca\u011f\u0131 Karanl\u0131kdere\u2019de bulunan konteyn\u0131r ve barakalarda ya\u015fayanlara ise b\u00f6lgeyi terk etmeleri i\u00e7in iki hafta m\u00fchlet verildi. Madd\u00ee imk\u00e2ns\u0131zl\u0131klar i\u00e7inde olan evsiz vatanda\u015flar, dondurucu so\u011fukta ne yapacaklar\u0131n\u0131, nereye gideceklerini bilemiyor.<\/p>\n<p>Yapt\u0131\u011f\u0131 derme \u00e7atma barakas\u0131nda zor \u015fartlar alt\u0131nda ya\u015fayan ve ayakkab\u0131 boyac\u0131l\u0131\u011f\u0131 ile \u00e7\u00f6plerden hurda toplayarak ge\u00e7imini sa\u011flayan Metin Ta\u015fo\u011flu, kara k\u0131\u015fta gidecek yeri olmad\u0131\u011f\u0131n\u0131 s\u00f6yledi. Yetkililerden bir konteyn\u0131r isteyen Ta\u015fo\u011flu, &#8220;Hayat hayat de\u011fil, ama ne yapal\u0131m gariban\u0131z i\u015fte&#8221; diyerek yetkililerin kendisine yard\u0131m eli uzatmas\u0131n\u0131 bekliyor.<\/p>\n<p>Ayn\u0131 alanda bulunan konteyn\u0131rlara d\u00f6rt ay \u00f6nce \u00e7aresizlik sebebiyle \u00fc\u00e7 k\u00fc\u00e7\u00fck \u00e7ocu\u011fuyla s\u0131\u011f\u0131nmak zorunda kalan Azerbaycanl\u0131 Vefa Hasanova ise, 1997 y\u0131l\u0131nda T\u00fcrkiye\u2019ye geldi\u011fini, \u00f6nce g\u00fczel bir hayat\u0131 oldu\u011funu, fakat zaman i\u00e7inde yoksul duruma d\u00fc\u015ft\u00fc\u011f\u00fcn\u00fc anlatt\u0131. Hasano\u011flu, Emek\u2019teki evinin kira ve faturalar\u0131n\u0131 \u00f6demesine ra\u011fmen ev sahibinin akrabam gelecek diyerek evden \u00e7\u0131kard\u0131\u011f\u0131n\u0131 ve kiralar\u0131n y\u00fckselmesi sebebiyle yeni ev kiralayamad\u0131\u011f\u0131n\u0131, Mudanya Karanl\u0131kdere\u2019deki konteyn\u0131rlara s\u0131\u011f\u0131nmak zorunda kald\u0131\u011f\u0131n\u0131 kaydetti. Hasano\u011flu, \u015fimdi so\u011fuk k\u0131\u015f \u015fartlar\u0131nda buradan da \u00e7\u0131kar\u0131lacaklar\u0131n\u0131 s\u00f6yledi.  Din\u00ee nik\u00e2hl\u0131 e\u015finin \u00e7\u00f6plerden hurda toplad\u0131\u011f\u0131n\u0131, l\u00e2kin elde edilen paran\u0131n yetmedi\u011fini, o\u011flu Recep\u2019i her g\u00fcn Emek\u2019teki okuluna g\u00f6t\u00fcr\u00fcp getirdi\u011fini ve cahil kalmamas\u0131 i\u00e7in o\u011flunu okuldan almak istemedi\u011fini s\u00f6yleyen Vefa Hasanova, kayd\u0131 olmad\u0131\u011f\u0131 i\u00e7in devletten yard\u0131m alamad\u0131\u011f\u0131n\u0131 belirterek, yetkililerden kira yard\u0131m\u0131 talep etti. \u00c7ocuklar\u0131n peri\u015fan durumu ise y\u00fcrekleri burktu.<\/p>\n","protected":false},"excerpt":{"rendered":"<p>MADD\u00ce \u0130MK\u00c2NSIZLIKLAR \u0130\u00c7\u0130NDE OLAN EVS\u0130Z VATANDA\u015eLAR, DONDURUCU SO\u011eUKTA NE YAPACAKLARINI, NEREYE G\u0130DECEKLER\u0130N\u0130 B\u0130LEM\u0130YOR.<\/p>\n","protected":false},"author":1,"featured_media":252427,"comment_status":"closed","ping_status":"open","sticky":false,"template":"","format":"standard","meta":{"jetpack_post_was_ever_published":false,"_jetpack_newsletter_access":"","_jetpack_dont_email_post_to_subs":false,"_jetpack_newsletter_tier_id":0,"_jetpack_memberships_contains_paywalled_content":false,"_jetpack_memberships_contains_paid_content":false,"footnotes":"","jetpack_publicize_message":"","jetpack_publicize_feature_enabled":true,"jetpack_social_post_already_shared":true,"jetpack_social_options":{"image_generator_settings":{"template":"highway","default_image_id":0,"font":"","enabled":false},"version":2}},"categories":[1],"tags":[1178,1220,62479,2053,59860,3031,2022],"class_list":["post-252426","post","type-post","status-publish","format-standard","has-post-thumbnail","hentry","category-genel","tag-hafta","tag-iki","tag-kalacaklar","tag-kara","tag-kista","tag-sokakta","tag-sonra"],"jetpack_publicize_connections":[],"jetpack_featured_media_url":"https:\/\/i0.wp.com\/www.tvturk.com\/wp-content\/uploads\/2020\/01\/iki-hafta-sonra-kara-kista-sokakta-kalacaklar_39bcaec.jpg?fit=1000%2C749","jetpack_sharing_enabled":true,"jetpack_shortlink":"https:\/\/wp.me\/paKIfm-13Fo","_links":{"self":[{"href":"http:\/\/www.tvturk.com\/index.php\/wp-json\/wp\/v2\/posts\/252426","targetHints":{"allow":["GET"]}}],"collection":[{"href":"http:\/\/www.tvturk.com\/index.php\/wp-json\/wp\/v2\/posts"}],"about":[{"href":"http:\/\/www.tvturk.com\/index.php\/wp-json\/wp\/v2\/types\/post"}],"author":[{"embeddable":true,"href":"http:\/\/www.tvturk.com\/index.php\/wp-json\/wp\/v2\/users\/1"}],"replies":[{"embeddable":true,"href":"http:\/\/www.tvturk.com\/index.php\/wp-json\/wp\/v2\/comments?post=252426"}],"version-history":[{"count":0,"href":"http:\/\/www.tvturk.com\/index.php\/wp-json\/wp\/v2\/posts\/252426\/revisions"}],"wp:featuredmedia":[{"embeddable":true,"href":"http:\/\/www.tvturk.com\/index.php\/wp-json\/wp\/v2\/media\/252427"}],"wp:attachment":[{"href":"http:\/\/www.tvturk.com\/index.php\/wp-json\/wp\/v2\/media?parent=252426"}],"wp:term":[{"taxonomy":"category","embeddable":true,"href":"http:\/\/www.tvturk.com\/index.php\/wp-json\/wp\/v2\/categories?post=252426"},{"taxonomy":"post_tag","embeddable":true,"href":"http:\/\/www.tvturk.com\/index.php\/wp-json\/wp\/v2\/tags?post=252426"}],"curies":[{"name":"wp","href":"https:\/\/api.w.org\/{rel}","templated":true}]}}