{"id":252444,"date":"2020-01-06T20:01:33","date_gmt":"2020-01-06T17:01:33","guid":{"rendered":"http:\/\/www.tvturk.com\/index.php\/kosova-demokratik-turk-partisi-heyeti-turkiyeye-geliyor\/"},"modified":"2020-01-06T20:01:33","modified_gmt":"2020-01-06T17:01:33","slug":"kosova-demokratik-turk-partisi-heyeti-turkiyeye-geliyor","status":"publish","type":"post","link":"http:\/\/www.tvturk.com\/index.php\/kosova-demokratik-turk-partisi-heyeti-turkiyeye-geliyor\/","title":{"rendered":"Kosova Demokratik T\u00fcrk Partisi heyeti T\u00fcrkiye\u2019ye geliyor"},"content":{"rendered":"<p>Kosova Demokratik T\u00fcrk Partisi (KDTP) heyeti, resmi temaslarda bulunmak \u00fczere yar\u0131n T\u00fcrkiye\u2019ye geliyor.<\/p>\n<p>Kosova T\u00fcrkleri\u2019ni temsil eden tek parti olan Kosova Demokratik T\u00fcrk Partisi\u2019nin Genel Ba\u015fkan\u0131 ve Kosova Meclis Ba\u015fkan Yard\u0131mc\u0131s\u0131 Fikrim Damka\u2019n\u0131n ba\u015fkanl\u0131\u011f\u0131ndaki heyet, Ankara ve \u0130stanbul\u2019da T\u00fcrkiye\u2019nin en \u00fcst d\u00fczey yetkilileri ile ikili temaslarda bulunacak. Heyetin Cumhurba\u015fkan\u0131 Recep Tayyip Erdo\u011fan, TBMM Ba\u015fkan\u0131 Mustafa \u015eentop, D\u0131\u015fi\u015fleri Bakan\u0131 Mevl\u00fct \u00c7avu\u015fo\u011flu ve T\u0130KA, TRT gibi baz\u0131 kurumlar\u0131n m\u00fcd\u00fcrleri ile g\u00f6r\u00fc\u015fmelerde bulunmas\u0131 bekleniyor. Be\u015f g\u00fcn olarak planlanan ziyaret \u00e7er\u00e7evesinde resmi temaslarda bulunacak olan KDTP heyetinde Genel Ba\u015fkan Fikrim Damka\u2019n\u0131n yan\u0131 s\u0131ra, Milletvekili Fidan Brina J\u0131lta, KDTP Genel Ba\u015fkan Yard\u0131mc\u0131lar\u0131 M\u00fcferra \u015einik, Abd\u00fclhadi Krasni\u00e7 ile Berkant Curi yer al\u0131yor.<\/p>\n","protected":false},"excerpt":{"rendered":"<p>KOSOVA DEMOKRAT\u0130K T\u00dcRK PART\u0130S\u0130 (KDTP) HEYET\u0130, RESM\u0130 TEMASLARDA BULUNMAK \u00dcZERE YARIN T\u00dcRK\u0130YE\u2019YE GEL\u0130YOR.<\/p>\n","protected":false},"author":1,"featured_media":252445,"comment_status":"closed","ping_status":"open","sticky":false,"template":"","format":"standard","meta":{"jetpack_post_was_ever_published":false,"_jetpack_newsletter_access":"","_jetpack_dont_email_post_to_subs":false,"_jetpack_newsletter_tier_id":0,"_jetpack_memberships_contains_paywalled_content":false,"_jetpack_memberships_contains_paid_content":false,"footnotes":"","jetpack_publicize_message":"","jetpack_publicize_feature_enabled":true,"jetpack_social_post_already_shared":true,"jetpack_social_options":{"image_generator_settings":{"template":"highway","default_image_id":0,"font":"","enabled":false},"version":2}},"categories":[10],"tags":[3010,3927,615,5347,6962,957,4071],"class_list":["post-252444","post","type-post","status-publish","format-standard","has-post-thumbnail","hentry","category-dunya","tag-demokratik","tag-geliyor","tag-heyeti","tag-kosova","tag-partisi","tag-turk","tag-turkiyeye"],"jetpack_publicize_connections":[],"jetpack_featured_media_url":"https:\/\/i0.wp.com\/www.tvturk.com\/wp-content\/uploads\/2020\/01\/kosova-demokratik-turk-partisi-heyeti-turkiyeye-geliyor_eceee76.jpg?fit=1000%2C750","jetpack_sharing_enabled":true,"jetpack_shortlink":"https:\/\/wp.me\/paKIfm-13FG","_links":{"self":[{"href":"http:\/\/www.tvturk.com\/index.php\/wp-json\/wp\/v2\/posts\/252444","targetHints":{"allow":["GET"]}}],"collection":[{"href":"http:\/\/www.tvturk.com\/index.php\/wp-json\/wp\/v2\/posts"}],"about":[{"href":"http:\/\/www.tvturk.com\/index.php\/wp-json\/wp\/v2\/types\/post"}],"author":[{"embeddable":true,"href":"http:\/\/www.tvturk.com\/index.php\/wp-json\/wp\/v2\/users\/1"}],"replies":[{"embeddable":true,"href":"http:\/\/www.tvturk.com\/index.php\/wp-json\/wp\/v2\/comments?post=252444"}],"version-history":[{"count":0,"href":"http:\/\/www.tvturk.com\/index.php\/wp-json\/wp\/v2\/posts\/252444\/revisions"}],"wp:featuredmedia":[{"embeddable":true,"href":"http:\/\/www.tvturk.com\/index.php\/wp-json\/wp\/v2\/media\/252445"}],"wp:attachment":[{"href":"http:\/\/www.tvturk.com\/index.php\/wp-json\/wp\/v2\/media?parent=252444"}],"wp:term":[{"taxonomy":"category","embeddable":true,"href":"http:\/\/www.tvturk.com\/index.php\/wp-json\/wp\/v2\/categories?post=252444"},{"taxonomy":"post_tag","embeddable":true,"href":"http:\/\/www.tvturk.com\/index.php\/wp-json\/wp\/v2\/tags?post=252444"}],"curies":[{"name":"wp","href":"https:\/\/api.w.org\/{rel}","templated":true}]}}