{"id":252456,"date":"2020-01-06T20:46:16","date_gmt":"2020-01-06T17:46:16","guid":{"rendered":"http:\/\/www.tvturk.com\/index.php\/kosovada-3-ayin-ardindan-hukumet-kurma-sureci-basladi\/"},"modified":"2020-01-06T20:46:16","modified_gmt":"2020-01-06T17:46:16","slug":"kosovada-3-ayin-ardindan-hukumet-kurma-sureci-basladi","status":"publish","type":"post","link":"http:\/\/www.tvturk.com\/index.php\/kosovada-3-ayin-ardindan-hukumet-kurma-sureci-basladi\/","title":{"rendered":"Kosova\u2019da 3 ay\u0131n ard\u0131ndan h\u00fck\u00fcmet kurma s\u00fcreci ba\u015flad\u0131"},"content":{"rendered":"<p>Kosova Cumhurba\u015fkan\u0131 Ha\u015fim Ta\u00e7i, se\u00e7imlerin \u00fczerinden 3 ay ge\u00e7en \u00fclkede h\u00fck\u00fcmet kurma s\u00fcrecini ba\u015flatmas\u0131 i\u00e7in Vetvendosje Hareketi (Kendin Karar Al Hareketi) lideri Albin Kurti\u2019yi kabul etti.<\/p>\n<p>Kosova\u2019da 6 Ekim\u2019de yap\u0131lan erken genel se\u00e7imlerin \u00fczerinden 3 ay ge\u00e7mesine ra\u011fmen h\u00fck\u00fcmet hala kurulamad\u0131. Se\u00e7imlerde galip gelen Vetvendosje Hareketi lideri Albin Kurti, Kosova Cumhurba\u015fkan\u0131 Ha\u015fim Ta\u00e7i taraf\u0131ndan kabul edildi. Kamuoyunda b\u00fcy\u00fck ilgi uyand\u0131ran g\u00f6r\u00fc\u015fmede Cumhurba\u015fkan\u0131 Ta\u00e7i, h\u00fck\u00fcmeti kurmakla g\u00f6revlendirilecek ki\u015finin belirlenmesi i\u00e7in Kurti\u2019ye 48 saat s\u00fcre verdi. 5 dakika s\u00fcren g\u00f6r\u00fc\u015fmenin ard\u0131ndan Cumhurba\u015fkan\u0131 Ta\u00e7i, sosyal medya hesab\u0131ndan bir a\u00e7\u0131klama yapt\u0131. Ta\u00e7i, ba\u015fbakan aday\u0131n\u0131 belirlemesi i\u00e7in Albin Kurti\u2019ye 48 saatlik s\u00fcre verdi\u011fini belirterek, h\u00fck\u00fcmetin kurulmas\u0131n\u0131n Kosova devleti ve vatanda\u015flar\u0131 i\u00e7in hayati \u00f6nem ta\u015f\u0131d\u0131\u011f\u0131n\u0131 ifade etti.<\/p>\n<p>Kameralar kar\u015f\u0131na \u00e7\u0131kan Kurti de, g\u00f6r\u00fc\u015fmede h\u00fck\u00fcmeti kurmakla g\u00f6revlendirilecek aday\u0131n belirlenmesi konusunun ele al\u0131nd\u0131\u011f\u0131n\u0131 belirtti. Kurti, \u201cSadece birka\u00e7 dakika s\u00fcren g\u00f6r\u00fc\u015fmede Cumhurba\u015fkan\u0131, h\u00fck\u00fcmetin bir an \u00f6nce kurulmas\u0131n\u0131n \u00f6nemine de\u011findi. Bizlerden h\u00fck\u00fcmeti kurmakla g\u00f6revlendirilecek aday\u0131n belirlenmesi i\u00e7in belirli bir s\u00fcre tan\u0131yaca\u011f\u0131n\u0131 kaydetti\u201d ifadelerini kulland\u0131.<\/p>\n<p>G\u00f6r\u00fc\u015fmenin isti\u015fare niteli\u011finde oldu\u011funa de\u011finen Kurti, Kosova Demokratik Birli\u011fi (LDK) ile koalisyon h\u00fck\u00fcmetinin kurulmas\u0131na \u00f6nem verdiklerini s\u00f6yledi. LDK ile en k\u0131sa zamanda bir araya gelinmesi ve h\u00fck\u00fcmet kurulmas\u0131n\u0131n olumlu sonu\u00e7lanmas\u0131n\u0131 arzu etiklerini kaydeden Kurti, \u201cH\u00fck\u00fcmetin kurulmas\u0131 i\u015fleminin uzamas\u0131n\u0131 istemiyoruz. Meclis kuruldu, \u015fimdi h\u00fck\u00fcmetin kurulmas\u0131 i\u00e7in ciddi ad\u0131mlar atmal\u0131y\u0131z\u201d dedi.<\/p>\n","protected":false},"excerpt":{"rendered":"<p>ALB\u0130N KURT\u0130, HA\u015e\u0130M TA\u00c7\u0130<\/p>\n","protected":false},"author":1,"featured_media":252457,"comment_status":"closed","ping_status":"open","sticky":false,"template":"","format":"standard","meta":{"jetpack_post_was_ever_published":false,"_jetpack_newsletter_access":"","_jetpack_dont_email_post_to_subs":false,"_jetpack_newsletter_tier_id":0,"_jetpack_memberships_contains_paywalled_content":false,"_jetpack_memberships_contains_paid_content":false,"footnotes":"","jetpack_publicize_message":"","jetpack_publicize_feature_enabled":true,"jetpack_social_post_already_shared":true,"jetpack_social_options":{"image_generator_settings":{"template":"highway","default_image_id":0,"font":"","enabled":false},"version":2}},"categories":[10],"tags":[3469,34021,55,3563,5348,21230,154],"class_list":["post-252456","post","type-post","status-publish","format-standard","has-post-thumbnail","hentry","category-dunya","tag-ardindan","tag-ayin","tag-basladi","tag-hukumet","tag-kosovada","tag-kurma","tag-sureci"],"jetpack_publicize_connections":[],"jetpack_featured_media_url":"https:\/\/i0.wp.com\/www.tvturk.com\/wp-content\/uploads\/2020\/01\/kosovada-3-ayin-ardindan-hukumet-kurma-sureci-basladi_3069a43.jpg?fit=1000%2C750","jetpack_sharing_enabled":true,"jetpack_shortlink":"https:\/\/wp.me\/paKIfm-13FS","_links":{"self":[{"href":"http:\/\/www.tvturk.com\/index.php\/wp-json\/wp\/v2\/posts\/252456","targetHints":{"allow":["GET"]}}],"collection":[{"href":"http:\/\/www.tvturk.com\/index.php\/wp-json\/wp\/v2\/posts"}],"about":[{"href":"http:\/\/www.tvturk.com\/index.php\/wp-json\/wp\/v2\/types\/post"}],"author":[{"embeddable":true,"href":"http:\/\/www.tvturk.com\/index.php\/wp-json\/wp\/v2\/users\/1"}],"replies":[{"embeddable":true,"href":"http:\/\/www.tvturk.com\/index.php\/wp-json\/wp\/v2\/comments?post=252456"}],"version-history":[{"count":0,"href":"http:\/\/www.tvturk.com\/index.php\/wp-json\/wp\/v2\/posts\/252456\/revisions"}],"wp:featuredmedia":[{"embeddable":true,"href":"http:\/\/www.tvturk.com\/index.php\/wp-json\/wp\/v2\/media\/252457"}],"wp:attachment":[{"href":"http:\/\/www.tvturk.com\/index.php\/wp-json\/wp\/v2\/media?parent=252456"}],"wp:term":[{"taxonomy":"category","embeddable":true,"href":"http:\/\/www.tvturk.com\/index.php\/wp-json\/wp\/v2\/categories?post=252456"},{"taxonomy":"post_tag","embeddable":true,"href":"http:\/\/www.tvturk.com\/index.php\/wp-json\/wp\/v2\/tags?post=252456"}],"curies":[{"name":"wp","href":"https:\/\/api.w.org\/{rel}","templated":true}]}}