{"id":252536,"date":"2020-01-07T10:16:38","date_gmt":"2020-01-07T07:16:38","guid":{"rendered":"http:\/\/www.tvturk.com\/index.php\/canakkalede-eceabat-kilitbahir-seferlerinde-aksamalar-yasaniyor\/"},"modified":"2020-01-07T10:16:38","modified_gmt":"2020-01-07T07:16:38","slug":"canakkalede-eceabat-kilitbahir-seferlerinde-aksamalar-yasaniyor","status":"publish","type":"post","link":"http:\/\/www.tvturk.com\/index.php\/canakkalede-eceabat-kilitbahir-seferlerinde-aksamalar-yasaniyor\/","title":{"rendered":"\u00c7anakkale\u2019de Eceabat-Kilitbahir seferlerinde aksamalar ya\u015fan\u0131yor"},"content":{"rendered":"<p>\u00c7anakkale\u2019de deniz ula\u015f\u0131m\u0131n\u0131 sa\u011flayan Gesta\u015f firmas\u0131, il genelinde g\u00f6r\u00fclen poyraz f\u0131rt\u0131nas\u0131 ve kar ya\u011f\u0131\u015f\u0131 sebebiyle \u00c7anakkale-Kilitbahir hatt\u0131ndaki seferlerin ge\u00e7ici bir s\u00fcre durduruldu\u011funu a\u00e7\u0131klad\u0131. Eceabat hatt\u0131nda da iptal edilen seferler sabah 09.30 itibariyle yeniden ba\u015flad\u0131.<\/p>\n<p>Gesta\u015f firmas\u0131ndan konuyla ilgili yap\u0131lan a\u00e7\u0131klamada, &#8220;07.01.2020 Sal\u0131 g\u00fcn\u00fc saat 02.54 itibariyle olumsuz hava ko\u015fullar\u0131 nedeniyle \u00c7anakkale Liman Ba\u015fkanl\u0131\u011f\u0131 taraf\u0131ndan \u00c7anakkale-Eceabat ve \u00c7anakkale-Kilitbahir hatlar\u0131m\u0131z ge\u00e7ici bir s\u00fcreyle durdurulmu\u015ftur. Yine \u00c7anakkale Liman Ba\u015fkanl\u0131\u011f\u0131 karar\u0131yla, Lapseki-Gelibolu hatt\u0131nda kar\u015f\u0131l\u0131kl\u0131 olarak yap\u0131lan saat 08.00 seferleri sonras\u0131 ge\u00e7ici bir s\u00fcreyle seferlere ara verilmi\u015ftir&#8221; ifadelerine yer verildi. Yap\u0131lan bu a\u00e7\u0131klamadan sonra Eceabat seferlerinin saat 09.30 itibariyle yeniden ba\u015flad\u0131\u011f\u0131 duyuruldu.<\/p>\n<p>Olumsuz hava ko\u015fullar\u0131 sebebiyle Kabatepe-G\u00f6k\u00e7eada, Geyikli-Bozcaada ve G\u00fcney Marmara hatlar\u0131nda da 2 g\u00fcnd\u00fcr sefer yap\u0131lam\u0131yor.<\/p>\n","protected":false},"excerpt":{"rendered":"<p>\u00c7ANAKKALE&#8217;DE DEN\u0130Z ULA\u015eIMINI SA\u011eLAYAN GESTA\u015e F\u0130RMASI, \u0130L GENEL\u0130NDE G\u00d6R\u00dcLEN POYRAZ FIRTINASI VE KAR YA\u011eI\u015eI SEBEB\u0130YLE \u00c7ANAKKALE-K\u0130L\u0130TBAH\u0130R HATTINDAK\u0130 SEFERLER\u0130N GE\u00c7\u0130C\u0130 B\u0130R S\u00dcRE DURDURULDU\u011eUNU A\u00c7IKLADI. ECEABAT HATTINDA DA \u0130PTAL ED\u0130LEN SEFERLER SABAH 09.30 \u0130T\u0130BAR\u0130YLE YEN\u0130DEN BA\u015eLADI.<\/p>\n","protected":false},"author":1,"featured_media":252537,"comment_status":"closed","ping_status":"open","sticky":false,"template":"","format":"standard","meta":{"jetpack_post_was_ever_published":false,"_jetpack_newsletter_access":"","_jetpack_dont_email_post_to_subs":false,"_jetpack_newsletter_tier_id":0,"_jetpack_memberships_contains_paywalled_content":false,"_jetpack_memberships_contains_paid_content":false,"footnotes":"","jetpack_publicize_message":"","jetpack_publicize_feature_enabled":true,"jetpack_social_post_already_shared":true,"jetpack_social_options":{"image_generator_settings":{"template":"highway","default_image_id":0,"font":"","enabled":false},"version":2}},"categories":[1],"tags":[62501,8544,62499,62500,184],"class_list":["post-252536","post","type-post","status-publish","format-standard","has-post-thumbnail","hentry","category-genel","tag-aksamalar","tag-canakkalede","tag-eceabat-kilitbahir","tag-seferlerinde","tag-yasaniyor"],"jetpack_publicize_connections":[],"jetpack_featured_media_url":"https:\/\/i0.wp.com\/www.tvturk.com\/wp-content\/uploads\/2020\/01\/canakkalede-eceabat-kilitbahir-seferlerinde-aksamalar-yasaniyor_2bf907a.jpg?fit=1000%2C562","jetpack_sharing_enabled":true,"jetpack_shortlink":"https:\/\/wp.me\/paKIfm-13Ha","_links":{"self":[{"href":"http:\/\/www.tvturk.com\/index.php\/wp-json\/wp\/v2\/posts\/252536","targetHints":{"allow":["GET"]}}],"collection":[{"href":"http:\/\/www.tvturk.com\/index.php\/wp-json\/wp\/v2\/posts"}],"about":[{"href":"http:\/\/www.tvturk.com\/index.php\/wp-json\/wp\/v2\/types\/post"}],"author":[{"embeddable":true,"href":"http:\/\/www.tvturk.com\/index.php\/wp-json\/wp\/v2\/users\/1"}],"replies":[{"embeddable":true,"href":"http:\/\/www.tvturk.com\/index.php\/wp-json\/wp\/v2\/comments?post=252536"}],"version-history":[{"count":0,"href":"http:\/\/www.tvturk.com\/index.php\/wp-json\/wp\/v2\/posts\/252536\/revisions"}],"wp:featuredmedia":[{"embeddable":true,"href":"http:\/\/www.tvturk.com\/index.php\/wp-json\/wp\/v2\/media\/252537"}],"wp:attachment":[{"href":"http:\/\/www.tvturk.com\/index.php\/wp-json\/wp\/v2\/media?parent=252536"}],"wp:term":[{"taxonomy":"category","embeddable":true,"href":"http:\/\/www.tvturk.com\/index.php\/wp-json\/wp\/v2\/categories?post=252536"},{"taxonomy":"post_tag","embeddable":true,"href":"http:\/\/www.tvturk.com\/index.php\/wp-json\/wp\/v2\/tags?post=252536"}],"curies":[{"name":"wp","href":"https:\/\/api.w.org\/{rel}","templated":true}]}}